{"id":45,"date":"1994-12-31T21:49:00","date_gmt":"1994-12-31T20:49:00","guid":{"rendered":"https:\/\/arnwiesen.net\/wpt\/?p=45"},"modified":"2022-07-22T22:38:13","modified_gmt":"2022-07-22T20:38:13","slug":"4-wettkaempfe","status":"publish","type":"post","link":"https:\/\/arnwiesen.net\/wpt\/1994\/4-wettkaempfe\/","title":{"rendered":"4 Wettk\u00e4mpfe &#8211; 1994"},"content":{"rendered":"\n<p>Bereits im Jahr 1994 wurde das Ziel der JHV 1993 erreicht :<\/p>\n\n\n\n<p>An 4 Wettk\u00e4mpfen nahmen TCKJ&#8217;ler teil.<\/p>\n\n\n\n<p>Im April am Duathlon in Jena. Atze, J\u00f6rg und Cossi gingen hier \u00fcber die lange Distanz, w\u00e4hrend Arndt am Volkstriathlon teilnahm und die Gesamtwertung gewann.<\/p>\n\n\n\n<p>Am Abend vorher fand&nbsp; wieder im irischen Pub die JHV statt.<\/p>\n\n\n\n<p>Diesmal nahmen Anne, Arnd, Atze, Andrea, Cossi, Heike und J\u00f6rg teil.<\/p>\n\n\n\n<p>Nach einer sehr freundlichen Begr\u00fc\u00dfung durch J\u00f6rg, einem Jahresr\u00fcckblick 93 und der Planung 94 wurden folgende Punkte besprochen:<\/p>\n\n\n\n<figure class=\"wp-block-table\"><table><tbody><tr><td>1. Vereinseintragung<\/td><td>Bis zur n\u00e4chsten JHV Informationen durch Andrea.<\/td><\/tr><tr><td>2. Trikot<\/td><td>Werden von Heike und J\u00f6rg angefertigt.<\/td><\/tr><tr><td>3. Efektivit\u00e4tskoefizient<\/td><td>(WZ grs)\u00b2 x FZ\/pers \u00fcber 1<\/td><\/tr><tr><td>4. Schlu\u00dfwort<\/td><td>Der Efektivit\u00e4tskoefizient ist keine Zahlenhascherei, sondern<br>eine Entscheidungshilfe bei der Jahresterminplanung. ( J\u00f6rg)<\/td><\/tr><\/tbody><\/table><figcaption>Beschlussfassung<\/figcaption><\/figure>\n\n\n\n<!--more-->\n\n\n\n<p>Im Juli fand in Arolsen in sch\u00f6ner Lage am Twistesee in Hessen ein Anspruchsvoller Volkstriathlon statt. Eine riesige Wiese und super Wetter luden zum Zelten ein. Erfrischung gab es im sauberen Twistesee. Am Sonntag, noch etwas anf\u00e4ngerhaft ausger\u00fcstet gingen 4 Aktive unter der Anfeuerung von 5 Fans an den Start. J\u00f6rg der sich bereits auf die l\u00e4ngere Distanz vorbereitet hatte war auf der anspruchsvollen Strecke vor Arnd, Atze und Cossi klar der Schnellste. Viele Steigungen waren beim Radfahren, Laufen und sogar direkt nach dem Schwimmen zu bew\u00e4ltigen.<\/p>\n\n\n<div class=\"wp-block-image\">\n<figure class=\"aligncenter size-full\"><img loading=\"lazy\" decoding=\"async\" width=\"404\" height=\"313\" src=\"https:\/\/arnwiesen.net\/wpt\/wp-content\/uploads\/1994\/1994_Arolsen-1.jpg\" alt=\"\" class=\"wp-image-73\" srcset=\"https:\/\/arnwiesen.net\/wpt\/wp-content\/uploads\/1994\/1994_Arolsen-1.jpg 404w, https:\/\/arnwiesen.net\/wpt\/wp-content\/uploads\/1994\/1994_Arolsen-1-300x232.jpg 300w\" sizes=\"auto, (max-width: 404px) 85vw, 404px\" \/><\/figure>\n<\/div>\n\n<div class=\"wp-block-image\">\n<figure class=\"aligncenter size-full\"><img loading=\"lazy\" decoding=\"async\" width=\"480\" height=\"196\" src=\"https:\/\/arnwiesen.net\/wpt\/wp-content\/uploads\/1994\/1994_zelten-1.jpg\" alt=\"\" class=\"wp-image-78\" srcset=\"https:\/\/arnwiesen.net\/wpt\/wp-content\/uploads\/1994\/1994_zelten-1.jpg 480w, https:\/\/arnwiesen.net\/wpt\/wp-content\/uploads\/1994\/1994_zelten-1-300x123.jpg 300w\" sizes=\"auto, (max-width: 480px) 85vw, 480px\" \/><\/figure>\n<\/div>\n\n\n<p>Im September kam es in Bad Schwalbach im Taunus wieder auf einer bergigen Radstrecke zum ersten olympischen Triathlon, damals noch Kurztriathlon genannt.<\/p>\n\n\n\n<p>Durch einen Platten war J\u00f6rg schon nach wenigen Metern ausgeschieden. So lief er mit Cossi (immer an den Koeffizienten denken) die abschliessenden 10 km und f\u00fchrte ihn so vor Arnd und Atze ins Ziel. So kam es zu dem historischen Ereignis : Cossi war das erste und letzte Mal schneller als J\u00f6rg und Atze.<\/p>\n\n\n<div class=\"wp-block-image\">\n<figure class=\"aligncenter size-full\"><img loading=\"lazy\" decoding=\"async\" width=\"381\" height=\"348\" src=\"https:\/\/arnwiesen.net\/wpt\/wp-content\/uploads\/1994\/1994_Cossi-1.jpg\" alt=\"\" class=\"wp-image-75\" srcset=\"https:\/\/arnwiesen.net\/wpt\/wp-content\/uploads\/1994\/1994_Cossi-1.jpg 381w, https:\/\/arnwiesen.net\/wpt\/wp-content\/uploads\/1994\/1994_Cossi-1-300x274.jpg 300w\" sizes=\"auto, (max-width: 381px) 85vw, 381px\" \/><\/figure>\n<\/div>\n\n<div class=\"wp-block-image\">\n<figure class=\"aligncenter size-full\"><img loading=\"lazy\" decoding=\"async\" width=\"294\" height=\"339\" src=\"https:\/\/arnwiesen.net\/wpt\/wp-content\/uploads\/1994\/1994_Atze-1.jpg\" alt=\"\" class=\"wp-image-74\" srcset=\"https:\/\/arnwiesen.net\/wpt\/wp-content\/uploads\/1994\/1994_Atze-1.jpg 294w, https:\/\/arnwiesen.net\/wpt\/wp-content\/uploads\/1994\/1994_Atze-1-260x300.jpg 260w\" sizes=\"auto, (max-width: 294px) 85vw, 294px\" \/><\/figure>\n<\/div>\n\n\n<p>Im Oktober nahmen die TCKJ&#8217;ler das erste Mal&nbsp; an einer RTF teil. In Kaarst &#8211; B\u00fcttgen ging es gleich \u00fcber die 110 km Distanz . Auch die beiden Neuen, Frank aus Jena und Frank aus Monheim schafften diese Distanz , sogar schneller als die anderen 3, da J\u00f6rg trotz des kurz vor dem Start neu gekauften Fahrrades wieder einen Platten hatte,&nbsp; und Cossi bei einem Sturz seinen Helm ausprobierte.<\/p>\n\n\n<div class=\"wp-block-image\">\n<figure class=\"aligncenter size-full\"><img loading=\"lazy\" decoding=\"async\" width=\"350\" height=\"404\" src=\"https:\/\/arnwiesen.net\/wpt\/wp-content\/uploads\/1994\/1994_Fans-in-Arolsen-1.jpg\" alt=\"\" class=\"wp-image-76\" srcset=\"https:\/\/arnwiesen.net\/wpt\/wp-content\/uploads\/1994\/1994_Fans-in-Arolsen-1.jpg 350w, https:\/\/arnwiesen.net\/wpt\/wp-content\/uploads\/1994\/1994_Fans-in-Arolsen-1-260x300.jpg 260w\" sizes=\"auto, (max-width: 350px) 85vw, 350px\" \/><\/figure>\n<\/div>\n\n<div class=\"wp-block-image\">\n<figure class=\"aligncenter size-full\"><img loading=\"lazy\" decoding=\"async\" width=\"331\" height=\"224\" src=\"https:\/\/arnwiesen.net\/wpt\/wp-content\/uploads\/1994\/1994_leistungstr1-1.jpg\" alt=\"\" class=\"wp-image-77\" srcset=\"https:\/\/arnwiesen.net\/wpt\/wp-content\/uploads\/1994\/1994_leistungstr1-1.jpg 331w, https:\/\/arnwiesen.net\/wpt\/wp-content\/uploads\/1994\/1994_leistungstr1-1-300x203.jpg 300w\" sizes=\"auto, (max-width: 331px) 85vw, 331px\" \/><\/figure>\n<\/div>\n\n\n<p>Am n\u00e4chsten Tag beim Wedaupokal in Duisburg siegte J\u00f6rg, nachdem in den beiden Jahren zuvor Atze gewonnen hatte.<\/p>\n","protected":false},"excerpt":{"rendered":"<p>Bereits im Jahr 1994 wurde das Ziel der JHV 1993 erreicht : An 4 Wettk\u00e4mpfen nahmen TCKJ&#8217;ler teil. Im April am Duathlon in Jena. Atze, J\u00f6rg und Cossi gingen hier \u00fcber die lange Distanz, w\u00e4hrend Arndt am Volkstriathlon teilnahm und die Gesamtwertung gewann. Am Abend vorher fand&nbsp; wieder im irischen Pub die JHV statt. Diesmal &hellip; <a href=\"https:\/\/arnwiesen.net\/wpt\/1994\/4-wettkaempfe\/\" class=\"more-link\"><span class=\"screen-reader-text\">\u201e4 Wettk\u00e4mpfe &#8211; 1994\u201c<\/span> weiterlesen<\/a><\/p>\n","protected":false},"author":5,"featured_media":0,"comment_status":"closed","ping_status":"open","sticky":false,"template":"","format":"standard","meta":{"footnotes":""},"categories":[5],"tags":[268],"class_list":["post-45","post","type-post","status-publish","format-standard","hentry","category-die-anfaenge","tag-jahresrueckblick"],"_links":{"self":[{"href":"https:\/\/arnwiesen.net\/wpt\/wp-json\/wp\/v2\/posts\/45","targetHints":{"allow":["GET"]}}],"collection":[{"href":"https:\/\/arnwiesen.net\/wpt\/wp-json\/wp\/v2\/posts"}],"about":[{"href":"https:\/\/arnwiesen.net\/wpt\/wp-json\/wp\/v2\/types\/post"}],"author":[{"embeddable":true,"href":"https:\/\/arnwiesen.net\/wpt\/wp-json\/wp\/v2\/users\/5"}],"replies":[{"embeddable":true,"href":"https:\/\/arnwiesen.net\/wpt\/wp-json\/wp\/v2\/comments?post=45"}],"version-history":[{"count":8,"href":"https:\/\/arnwiesen.net\/wpt\/wp-json\/wp\/v2\/posts\/45\/revisions"}],"predecessor-version":[{"id":3748,"href":"https:\/\/arnwiesen.net\/wpt\/wp-json\/wp\/v2\/posts\/45\/revisions\/3748"}],"wp:attachment":[{"href":"https:\/\/arnwiesen.net\/wpt\/wp-json\/wp\/v2\/media?parent=45"}],"wp:term":[{"taxonomy":"category","embeddable":true,"href":"https:\/\/arnwiesen.net\/wpt\/wp-json\/wp\/v2\/categories?post=45"},{"taxonomy":"post_tag","embeddable":true,"href":"https:\/\/arnwiesen.net\/wpt\/wp-json\/wp\/v2\/tags?post=45"}],"curies":[{"name":"wp","href":"https:\/\/api.w.org\/{rel}","templated":true}]}}