{"id":4409,"date":"2024-03-24T11:28:00","date_gmt":"2024-03-24T10:28:00","guid":{"rendered":"https:\/\/arnwiesen.net\/wpt\/?p=4409"},"modified":"2024-03-26T13:45:28","modified_gmt":"2024-03-26T12:45:28","slug":"venloop-2024","status":"publish","type":"post","link":"https:\/\/arnwiesen.net\/wpt\/2024\/venloop-2024\/","title":{"rendered":"Venloop 2024"},"content":{"rendered":"\n<p><strong>TC-K\u00f6ln-Jena kommt gut aus dem Winterschlaf<\/strong><\/p>\n\n\n\n<p>Die Erderw\u00e4rmung macht sich bemerkbar. Der Winter war zu warm und der Winterschlaf nur kurz. Die L\u00e4ufer des TC-K\u00f6ln-Jena kamen gut \u00fcber die &#8222;Winterpause&#8220;. Richard verbesserte sich auf der Kurzstrecke um 10 Minuten und auch Cossi kn\u00fcpfte an alte Zeiten an. Vielleicht sieht man ihn bald mal wieder beim Triathlon. <\/p>\n\n\n\n<figure class=\"wp-block-image size-full\"><img loading=\"lazy\" decoding=\"async\" width=\"640\" height=\"303\" src=\"https:\/\/arnwiesen.net\/wpt\/wp-content\/uploads\/2024\/20240324_115620-kl.jpg\" alt=\"\" class=\"wp-image-4420\" srcset=\"https:\/\/arnwiesen.net\/wpt\/wp-content\/uploads\/2024\/20240324_115620-kl.jpg 640w, https:\/\/arnwiesen.net\/wpt\/wp-content\/uploads\/2024\/20240324_115620-kl-300x142.jpg 300w\" sizes=\"auto, (max-width: 709px) 85vw, (max-width: 909px) 67vw, (max-width: 984px) 61vw, (max-width: 1362px) 45vw, 600px\" \/><figcaption class=\"wp-element-caption\">nasskalt &#8211; und st\u00fcrmisch<\/figcaption><\/figure>\n\n\n\n<!--more-->\n\n\n\n<p>Nur durch die geschickte Startaufstellung schaffte Ulli den Zieleinlauf als erster. Was sich auch bei den Platzierungen nieder schl\u00e4gt.<\/p>\n\n\n\n<figure class=\"wp-block-video\"><video height=\"1080\" style=\"aspect-ratio: 2520 \/ 1080;\" width=\"2520\" controls src=\"https:\/\/arnwiesen.net\/wpt\/wp-content\/uploads\/2024\/venloop-2024_horzontal.mp4\"><\/video><figcaption class=\"wp-element-caption\">Immer ein Erlebnis &#8211; \u00fcber die Parade zum Ziel noch 500 m<\/figcaption><\/figure>\n\n\n\n<figure class=\"wp-block-image size-full\"><img loading=\"lazy\" decoding=\"async\" width=\"640\" height=\"303\" src=\"https:\/\/arnwiesen.net\/wpt\/wp-content\/uploads\/2024\/20240324_132107-hl.jpg\" alt=\"\" class=\"wp-image-4419\" srcset=\"https:\/\/arnwiesen.net\/wpt\/wp-content\/uploads\/2024\/20240324_132107-hl.jpg 640w, https:\/\/arnwiesen.net\/wpt\/wp-content\/uploads\/2024\/20240324_132107-hl-300x142.jpg 300w\" sizes=\"auto, (max-width: 709px) 85vw, (max-width: 909px) 67vw, (max-width: 984px) 61vw, (max-width: 1362px) 45vw, 600px\" \/><figcaption class=\"wp-element-caption\">Die 70er Pacemaker kommen mit\/nach uns ins Ziel<\/figcaption><\/figure>\n\n\n\n<figure class=\"wp-block-image size-full\"><img loading=\"lazy\" decoding=\"async\" width=\"640\" height=\"358\" src=\"https:\/\/arnwiesen.net\/wpt\/wp-content\/uploads\/2024\/venloop_finish-kl.jpg\" alt=\"\" class=\"wp-image-4431\" srcset=\"https:\/\/arnwiesen.net\/wpt\/wp-content\/uploads\/2024\/venloop_finish-kl.jpg 640w, https:\/\/arnwiesen.net\/wpt\/wp-content\/uploads\/2024\/venloop_finish-kl-300x168.jpg 300w\" sizes=\"auto, (max-width: 709px) 85vw, (max-width: 909px) 67vw, (max-width: 984px) 61vw, (max-width: 1362px) 45vw, 600px\" \/><figcaption class=\"wp-element-caption\">Cossi &#8211; Richard &#8211; Ulli<\/figcaption><\/figure>\n\n\n\n<p><strong>Ergebnisse TCKJ<\/strong><\/p>\n\n\n\n<figure class=\"wp-block-table\"><table><thead><tr><th>Starter<\/th><th>AK<\/th><th>Platz \/ gesamt<\/th><th>Platz \/ AK<\/th><th>10 km<\/th><th>5 km<\/th><\/tr><\/thead><tbody><tr><td>Richard<\/td><td>M60<\/td><td>3858 \/ 4201<\/td><td>1258 \/ 143<\/td><td>1:09:28<\/td><td>35:00<\/td><\/tr><tr><td>Cossi<\/td><td>M65<\/td><td>3963 \/ 4201<\/td><td>74 \/ 79<\/td><td>1:11:26<\/td><td>35:29<\/td><\/tr><tr><td>Ulli<\/td><td>M65<\/td><td>3809 \/ 4201<\/td><td>65 \/ 79<\/td><td>1:13:46<\/td><td>36:31<\/td><\/tr><\/tbody><\/table><\/figure>\n","protected":false},"excerpt":{"rendered":"<p>TC-K\u00f6ln-Jena kommt gut aus dem Winterschlaf Die Erderw\u00e4rmung macht sich bemerkbar. Der Winter war zu warm und der Winterschlaf nur kurz. Die L\u00e4ufer des TC-K\u00f6ln-Jena kamen gut \u00fcber die &#8222;Winterpause&#8220;. Richard verbesserte sich auf der Kurzstrecke um 10 Minuten und auch Cossi kn\u00fcpfte an alte Zeiten an. Vielleicht sieht man ihn bald mal wieder beim &hellip; <a href=\"https:\/\/arnwiesen.net\/wpt\/2024\/venloop-2024\/\" class=\"more-link\"><span class=\"screen-reader-text\">\u201eVenloop 2024\u201c<\/span> weiterlesen<\/a><\/p>\n","protected":false},"author":1,"featured_media":0,"comment_status":"closed","ping_status":"closed","sticky":false,"template":"","format":"standard","meta":{"footnotes":""},"categories":[377],"tags":[125,164,165],"class_list":["post-4409","post","type-post","status-publish","format-standard","hentry","category-berichte-2024","tag-10km","tag-venlo","tag-venloop"],"_links":{"self":[{"href":"https:\/\/arnwiesen.net\/wpt\/wp-json\/wp\/v2\/posts\/4409","targetHints":{"allow":["GET"]}}],"collection":[{"href":"https:\/\/arnwiesen.net\/wpt\/wp-json\/wp\/v2\/posts"}],"about":[{"href":"https:\/\/arnwiesen.net\/wpt\/wp-json\/wp\/v2\/types\/post"}],"author":[{"embeddable":true,"href":"https:\/\/arnwiesen.net\/wpt\/wp-json\/wp\/v2\/users\/1"}],"replies":[{"embeddable":true,"href":"https:\/\/arnwiesen.net\/wpt\/wp-json\/wp\/v2\/comments?post=4409"}],"version-history":[{"count":8,"href":"https:\/\/arnwiesen.net\/wpt\/wp-json\/wp\/v2\/posts\/4409\/revisions"}],"predecessor-version":[{"id":4433,"href":"https:\/\/arnwiesen.net\/wpt\/wp-json\/wp\/v2\/posts\/4409\/revisions\/4433"}],"wp:attachment":[{"href":"https:\/\/arnwiesen.net\/wpt\/wp-json\/wp\/v2\/media?parent=4409"}],"wp:term":[{"taxonomy":"category","embeddable":true,"href":"https:\/\/arnwiesen.net\/wpt\/wp-json\/wp\/v2\/categories?post=4409"},{"taxonomy":"post_tag","embeddable":true,"href":"https:\/\/arnwiesen.net\/wpt\/wp-json\/wp\/v2\/tags?post=4409"}],"curies":[{"name":"wp","href":"https:\/\/api.w.org\/{rel}","templated":true}]}}