{"id":4332,"date":"2023-04-30T09:28:00","date_gmt":"2023-04-30T07:28:00","guid":{"rendered":"https:\/\/arnwiesen.net\/wpt\/?p=4332"},"modified":"2023-06-06T09:52:11","modified_gmt":"2023-06-06T07:52:11","slug":"wien-praterblueten-lauf-2023","status":"publish","type":"post","link":"https:\/\/arnwiesen.net\/wpt\/2023\/wien-praterblueten-lauf-2023\/","title":{"rendered":"Wien-Praterbl\u00fcten-Lauf 2023"},"content":{"rendered":"\n<p>Ein verl\u00e4ngertes Wochenende bei Verwandten in Wien nutzten wir f\u00fcr den 10 km Praterbl\u00fctenlauf. Der Prater ist \u00e4hnlich dem Englischen Garten in M\u00fcnchen oder dem Central Park in New York eine 6 km\u00b2 gro\u00dfe innerst\u00e4ditsche Parkanlage &#8211; zum Laufen bestens geeignet.<\/p>\n\n\n<div class=\"wp-block-image\">\n<figure class=\"aligncenter size-full\"><img loading=\"lazy\" decoding=\"async\" width=\"640\" height=\"640\" src=\"https:\/\/arnwiesen.net\/wpt\/wp-content\/uploads\/2023\/wien-prater-bluetenlauf-2023.jpg\" alt=\"\" class=\"wp-image-4333\" srcset=\"https:\/\/arnwiesen.net\/wpt\/wp-content\/uploads\/2023\/wien-prater-bluetenlauf-2023.jpg 640w, https:\/\/arnwiesen.net\/wpt\/wp-content\/uploads\/2023\/wien-prater-bluetenlauf-2023-300x300.jpg 300w, https:\/\/arnwiesen.net\/wpt\/wp-content\/uploads\/2023\/wien-prater-bluetenlauf-2023-150x150.jpg 150w\" sizes=\"auto, (max-width: 709px) 85vw, (max-width: 909px) 67vw, (max-width: 984px) 61vw, (max-width: 1362px) 45vw, 600px\" \/><figcaption class=\"wp-element-caption\">Rosi die Nr. 1 im Prater &#8211; Schnellste &#8222;Oma&#8220; von Wien<\/figcaption><\/figure>\n<\/div>\n\n\n<!--more-->\n\n\n\n<p>Ulli ging nach einem missgl\u00fcckten Traininglauf mit Blasen an den F\u00fc\u00dfen auf die Laufrunde und konnte sein gutes Ergebnis von Venlo nicht halten.<\/p>\n\n\n\n<p>Rosi wurde in ihrer AK Beste, aber auch bei den anderen Klassen w\u00e4re sie auf&#8217;s Treppchen gelaufen &#8211; W30\/2., W40\/2. und W50\/3.. <\/p>\n\n\n\n<p><strong>Ergebnisse TCKJ<\/strong><\/p>\n\n\n\n<figure class=\"wp-block-table\"><table><thead><tr><th>Starter<\/th><th class=\"has-text-align-center\" data-align=\"center\">AK<\/th><th class=\"has-text-align-center\" data-align=\"center\">Platz \/ gesamt<\/th><th class=\"has-text-align-center\" data-align=\"center\">Platz \/ AK<\/th><th class=\"has-text-align-center\" data-align=\"center\">10 km<\/th><th class=\"has-text-align-center\" data-align=\"center\">5 km<\/th><\/tr><\/thead><tbody><tr><td>Rosi<\/td><td class=\"has-text-align-center\" data-align=\"center\">W60<\/td><td class=\"has-text-align-center\" data-align=\"center\">40 \/ 52<\/td><td class=\"has-text-align-center\" data-align=\"center\">1<\/td><td class=\"has-text-align-center\" data-align=\"center\">1:06:24<\/td><td class=\"has-text-align-center\" data-align=\"center\">34:55<\/td><\/tr><tr><td>Ulli<\/td><td class=\"has-text-align-center\" data-align=\"center\">M60<\/td><td class=\"has-text-align-center\" data-align=\"center\">51 \/ 52<\/td><td class=\"has-text-align-center\" data-align=\"center\">5<\/td><td class=\"has-text-align-center\" data-align=\"center\">1:13:41<\/td><td class=\"has-text-align-center\" data-align=\"center\">35:58<\/td><\/tr><\/tbody><\/table><\/figure>\n","protected":false},"excerpt":{"rendered":"<p>Ein verl\u00e4ngertes Wochenende bei Verwandten in Wien nutzten wir f\u00fcr den 10 km Praterbl\u00fctenlauf. Der Prater ist \u00e4hnlich dem Englischen Garten in M\u00fcnchen oder dem Central Park in New York eine 6 km\u00b2 gro\u00dfe innerst\u00e4ditsche Parkanlage &#8211; zum Laufen bestens geeignet.<\/p>\n","protected":false},"author":1,"featured_media":0,"comment_status":"closed","ping_status":"closed","sticky":false,"template":"","format":"standard","meta":{"footnotes":""},"categories":[374],"tags":[125,376,210,375],"class_list":["post-4332","post","type-post","status-publish","format-standard","hentry","category-berichte-2023","tag-10km","tag-prater","tag-volkslauf","tag-wien"],"_links":{"self":[{"href":"https:\/\/arnwiesen.net\/wpt\/wp-json\/wp\/v2\/posts\/4332","targetHints":{"allow":["GET"]}}],"collection":[{"href":"https:\/\/arnwiesen.net\/wpt\/wp-json\/wp\/v2\/posts"}],"about":[{"href":"https:\/\/arnwiesen.net\/wpt\/wp-json\/wp\/v2\/types\/post"}],"author":[{"embeddable":true,"href":"https:\/\/arnwiesen.net\/wpt\/wp-json\/wp\/v2\/users\/1"}],"replies":[{"embeddable":true,"href":"https:\/\/arnwiesen.net\/wpt\/wp-json\/wp\/v2\/comments?post=4332"}],"version-history":[{"count":3,"href":"https:\/\/arnwiesen.net\/wpt\/wp-json\/wp\/v2\/posts\/4332\/revisions"}],"predecessor-version":[{"id":4339,"href":"https:\/\/arnwiesen.net\/wpt\/wp-json\/wp\/v2\/posts\/4332\/revisions\/4339"}],"wp:attachment":[{"href":"https:\/\/arnwiesen.net\/wpt\/wp-json\/wp\/v2\/media?parent=4332"}],"wp:term":[{"taxonomy":"category","embeddable":true,"href":"https:\/\/arnwiesen.net\/wpt\/wp-json\/wp\/v2\/categories?post=4332"},{"taxonomy":"post_tag","embeddable":true,"href":"https:\/\/arnwiesen.net\/wpt\/wp-json\/wp\/v2\/tags?post=4332"}],"curies":[{"name":"wp","href":"https:\/\/api.w.org\/{rel}","templated":true}]}}