{"id":432,"date":"2022-06-06T16:20:00","date_gmt":"2022-06-06T14:20:00","guid":{"rendered":"https:\/\/arnwiesen.net\/wpt\/?p=432"},"modified":"2024-05-22T16:57:11","modified_gmt":"2024-05-22T14:57:11","slug":"de-11-ker-fietselfstedentocht","status":"publish","type":"post","link":"https:\/\/arnwiesen.net\/wpt\/2022\/de-11-ker-fietselfstedentocht\/","title":{"rendered":"De 11e keer &#8211; Fietselfstedentocht"},"content":{"rendered":"\n<p>Geschafft 11 St\u00e4dte &#8211; 11\u00d7 &#8211; 240 km an einem Tag &#8211; Zusammen mit Opa Joop 60x \u00fcber die Ziellinie &#8211; unbeschreiblich 60x, ich habe gerade 11x. Bedingungen waren miserabel: 80% Regen, Wind 4 &#8211; 5 aus SW, Sonne NULL, aber die Stimmung war super. Geschafft &#8211; 11 St\u00e4dte &#8211; zum 11x<\/p>\n\n\n\n<figure class=\"wp-block-image size-full\"><img loading=\"lazy\" decoding=\"async\" width=\"680\" height=\"680\" src=\"https:\/\/arnwiesen.net\/wpt\/wp-content\/uploads\/2022\/2022_Elfstedentocht.jpg\" alt=\"\" class=\"wp-image-438\" srcset=\"https:\/\/arnwiesen.net\/wpt\/wp-content\/uploads\/2022\/2022_Elfstedentocht.jpg 680w, https:\/\/arnwiesen.net\/wpt\/wp-content\/uploads\/2022\/2022_Elfstedentocht-300x300.jpg 300w, https:\/\/arnwiesen.net\/wpt\/wp-content\/uploads\/2022\/2022_Elfstedentocht-150x150.jpg 150w\" sizes=\"auto, (max-width: 709px) 85vw, (max-width: 909px) 67vw, (max-width: 984px) 61vw, (max-width: 1362px) 45vw, 600px\" \/><figcaption class=\"wp-element-caption\">Jeder ein Sieger<\/figcaption><\/figure>\n\n\n\n<!--more-->\n\n\n\n<p>Die Fietselfstedentocht 2022 war einer der h\u00e4rtesten, die je gefahren wurde.<\/p>\n\n\n\n<p>Die 11.702 Radler, die am Pfingstmontag an der Fietselfstedentocht teilgenommen haben, werden es so schnell nicht vergessen.<\/p>\n\n\n\n<figure class=\"wp-block-embed is-type-video is-provider-youtube wp-block-embed-youtube wp-embed-aspect-16-9 wp-has-aspect-ratio\"><div class=\"wp-block-embed__wrapper\">\n<iframe loading=\"lazy\" title=\"Bekijk hoe deelnemers Fietselfstedentocht in weer en wind Rode Klif bij Warns beklimmen\" width=\"840\" height=\"473\" src=\"https:\/\/www.youtube.com\/embed\/bCIeD3uN_Po?feature=oembed\" frameborder=\"0\" allow=\"accelerometer; autoplay; clipboard-write; encrypted-media; gyroscope; picture-in-picture; web-share\" allowfullscreen><\/iframe>\n<\/div><\/figure>\n\n\n\n<p>Die Bedingungen waren diese Ausgabe hart und w\u00fctend: heftige Regenschauer und ein starker S\u00fcdwestwind.<\/p>\n\n\n\n<p>Dies f\u00fchrte zu einer Rekordzahl von Abbrechern. Dutzende Teilnehmer stiegen wegen Unterk\u00fchlungssymptomen aus&#8230;.<\/p>\n\n\n\n<p><a href=\"https:\/\/www.facebook.com\/hashtag\/fietselfstedentocht2022?__eep__=6&amp;__cft__[0]=AZXvPeP51qb3ApsJJAauv0IsPJGMWKJsa_Urk9Va0ywK3pPq9miOdTS-i11bBwjSNG26go8YQ1H-930c-8HlmocXBkOkucxt2ToV7KsowlHqMs-B-MmEF13zposZqjLKvi8UWmcVS5Vb029UA1S9JiAGdNrG6gnXSUI0RrPER2NVTzcvuZ202r-ui9KTfLQK7Sc&amp;__tn__=*NK-R\">#fietselfstedentocht2022<\/a><\/p>\n\n\n\n<p><strong>Strecke gesamt 235 km<\/strong><\/p>\n\n\n\n<p>Streckenbezogener Anteil bis 18 km\/h \u2013 27,6 %<br>Streckenbezogener Anteil bis 21 km\/h \u2013 30,4 %<br>Streckenbezogener Anteil bis 24 km\/h \u2013 23,7 %<br>Streckenbezogener Anteil bis 27 km\/h \u2013 15,1 %<br>Streckenbezogener Anteil bis 30 km\/h \u2013 3,0 %<br>Streckenbezogener Anteil &gt; 30 km\/h \u2013 0,3 %<\/p>\n","protected":false},"excerpt":{"rendered":"<p>Geschafft 11 St\u00e4dte &#8211; 11\u00d7 &#8211; 240 km an einem Tag &#8211; Zusammen mit Opa Joop 60x \u00fcber die Ziellinie &#8211; unbeschreiblich 60x, ich habe gerade 11x. Bedingungen waren miserabel: 80% Regen, Wind 4 &#8211; 5 aus SW, Sonne NULL, aber die Stimmung war super. Geschafft &#8211; 11 St\u00e4dte &#8211; zum 11x<\/p>\n","protected":false},"author":1,"featured_media":0,"comment_status":"closed","ping_status":"open","sticky":false,"template":"","format":"standard","meta":{"footnotes":""},"categories":[27],"tags":[115,113,112,116,117,114],"class_list":["post-432","post","type-post","status-publish","format-standard","hentry","category-berichte-2022","tag-bolsward","tag-elfstedentocht","tag-fietselfstedentocht","tag-leuwarden","tag-marathon","tag-radmarathon"],"_links":{"self":[{"href":"https:\/\/arnwiesen.net\/wpt\/wp-json\/wp\/v2\/posts\/432","targetHints":{"allow":["GET"]}}],"collection":[{"href":"https:\/\/arnwiesen.net\/wpt\/wp-json\/wp\/v2\/posts"}],"about":[{"href":"https:\/\/arnwiesen.net\/wpt\/wp-json\/wp\/v2\/types\/post"}],"author":[{"embeddable":true,"href":"https:\/\/arnwiesen.net\/wpt\/wp-json\/wp\/v2\/users\/1"}],"replies":[{"embeddable":true,"href":"https:\/\/arnwiesen.net\/wpt\/wp-json\/wp\/v2\/comments?post=432"}],"version-history":[{"count":9,"href":"https:\/\/arnwiesen.net\/wpt\/wp-json\/wp\/v2\/posts\/432\/revisions"}],"predecessor-version":[{"id":4438,"href":"https:\/\/arnwiesen.net\/wpt\/wp-json\/wp\/v2\/posts\/432\/revisions\/4438"}],"wp:attachment":[{"href":"https:\/\/arnwiesen.net\/wpt\/wp-json\/wp\/v2\/media?parent=432"}],"wp:term":[{"taxonomy":"category","embeddable":true,"href":"https:\/\/arnwiesen.net\/wpt\/wp-json\/wp\/v2\/categories?post=432"},{"taxonomy":"post_tag","embeddable":true,"href":"https:\/\/arnwiesen.net\/wpt\/wp-json\/wp\/v2\/tags?post=432"}],"curies":[{"name":"wp","href":"https:\/\/api.w.org\/{rel}","templated":true}]}}