{"id":38,"date":"1993-12-31T21:37:00","date_gmt":"1993-12-31T20:37:00","guid":{"rendered":"https:\/\/arnwiesen.net\/wpt\/?p=38"},"modified":"2022-07-22T22:37:51","modified_gmt":"2022-07-22T20:37:51","slug":"das-jahr-der-konstituierung","status":"publish","type":"post","link":"https:\/\/arnwiesen.net\/wpt\/1993\/das-jahr-der-konstituierung\/","title":{"rendered":"Das Jahr der Konstituierung &#8211; 1993"},"content":{"rendered":"\n<p>Am 5.6.1993 fand die erste \u201eJahreshauptversammlung&#8220; des TCKJ in einem irischen Pub in Jena statt. Folgende Punkte wurden von Heike, Atze, Cossi und J\u00f6rg beschlossen:<\/p>\n\n\n\n<figure class=\"wp-block-table\"><table><tbody><tr><td>1. Name<\/td><td>TC K\u00f6ln &#8211; Jena<\/td><\/tr><tr><td>2. Ziel<\/td><td>2 &#8211; 4 Triathlons pro Jahr. Mindestens je einer N\u00e4he K\u00f6ln und Jena, m\u00f6glichst Traditionsveranstaltung evtl. 1 olympischer Triathlon.<\/td><\/tr><tr><td>3. Ausr\u00fcstung<\/td><td>Jeder Aktive sollte 1 Rennrad besitzen. (In Leipzig teilten sich 3&nbsp;Aktive ein Rennrad)<\/td><\/tr><tr><td>4. Damenteam<\/td><td>Die Gr\u00fcndung einer Damenmannschaft wird auf unbestimmte Zeit verschoben.&nbsp;<\/td><\/tr><tr><td>5. Mitglieder<\/td><td>Jeder kann mitmachen.<\/td><\/tr><tr><td>6. Schlu\u00dfwort<\/td><td>Der TC K\u00f6ln &#8211; Jena ist kein Lebenszweck, sondern ein Teil sch\u00f6ner Freizeitgestaltung &nbsp;( J\u00f6rg)<\/td><\/tr><\/tbody><\/table><figcaption>Beschlussfassung<\/figcaption><\/figure>\n\n\n\n<!--more-->\n\n\n\n<p>Am n\u00e4chsten Tag starteten Atze, Cossi und J\u00f6rg beim Volkstriathlon in Apolda. Atze kam auf Anhieb auf den 3. Platz der Gesamtwertung und gewann eine Tube Kettenfett. So war der Name TC K\u00f6ln &#8211; Jena in der Tria-Szene Jena\/Apolda sofort ein Begriff.<\/p>\n\n\n<div class=\"wp-block-image\">\n<figure class=\"aligncenter size-full\"><img loading=\"lazy\" decoding=\"async\" width=\"437\" height=\"291\" src=\"https:\/\/arnwiesen.net\/wpt\/wp-content\/uploads\/1993\/Leipzig_93-Anne-Arndt-Gisela-1.jpg\" alt=\"\" class=\"wp-image-72\" srcset=\"https:\/\/arnwiesen.net\/wpt\/wp-content\/uploads\/1993\/Leipzig_93-Anne-Arndt-Gisela-1.jpg 437w, https:\/\/arnwiesen.net\/wpt\/wp-content\/uploads\/1993\/Leipzig_93-Anne-Arndt-Gisela-1-300x200.jpg 300w\" sizes=\"auto, (max-width: 437px) 85vw, 437px\" \/><\/figure>\n<\/div>\n\n<div class=\"wp-block-image\">\n<figure class=\"aligncenter size-full\"><img loading=\"lazy\" decoding=\"async\" width=\"435\" height=\"296\" src=\"https:\/\/arnwiesen.net\/wpt\/wp-content\/uploads\/1993\/Leipzig_93-Cossi-Arndt-Uli-1.jpg\" alt=\"\" class=\"wp-image-70\" srcset=\"https:\/\/arnwiesen.net\/wpt\/wp-content\/uploads\/1993\/Leipzig_93-Cossi-Arndt-Uli-1.jpg 435w, https:\/\/arnwiesen.net\/wpt\/wp-content\/uploads\/1993\/Leipzig_93-Cossi-Arndt-Uli-1-300x204.jpg 300w\" sizes=\"auto, (max-width: 435px) 85vw, 435px\" \/><\/figure>\n<\/div>\n\n\n<p>Im August startete wieder ein Team in Leipzig. Diesmal mit Arnd f\u00fcr J\u00f6rg. Anne und Gisela waren als Zuschauer dabei, so wurde der TCKJ langsam gr\u00f6sser.<\/p>\n\n\n<div class=\"wp-block-image\">\n<figure class=\"aligncenter size-full\"><img loading=\"lazy\" decoding=\"async\" width=\"311\" height=\"441\" src=\"https:\/\/arnwiesen.net\/wpt\/wp-content\/uploads\/1993\/Leipzig_93-Kulturprogramm-1.jpg\" alt=\"\" class=\"wp-image-71\" srcset=\"https:\/\/arnwiesen.net\/wpt\/wp-content\/uploads\/1993\/Leipzig_93-Kulturprogramm-1.jpg 311w, https:\/\/arnwiesen.net\/wpt\/wp-content\/uploads\/1993\/Leipzig_93-Kulturprogramm-1-212x300.jpg 212w\" sizes=\"auto, (max-width: 311px) 85vw, 311px\" \/><\/figure>\n<\/div>","protected":false},"excerpt":{"rendered":"<p>Am 5.6.1993 fand die erste \u201eJahreshauptversammlung&#8220; des TCKJ in einem irischen Pub in Jena statt. Folgende Punkte wurden von Heike, Atze, Cossi und J\u00f6rg beschlossen: 1. Name TC K\u00f6ln &#8211; Jena 2. Ziel 2 &#8211; 4 Triathlons pro Jahr. Mindestens je einer N\u00e4he K\u00f6ln und Jena, m\u00f6glichst Traditionsveranstaltung evtl. 1 olympischer Triathlon. 3. Ausr\u00fcstung Jeder &hellip; <a href=\"https:\/\/arnwiesen.net\/wpt\/1993\/das-jahr-der-konstituierung\/\" class=\"more-link\"><span class=\"screen-reader-text\">\u201eDas Jahr der Konstituierung &#8211; 1993\u201c<\/span> weiterlesen<\/a><\/p>\n","protected":false},"author":5,"featured_media":0,"comment_status":"closed","ping_status":"open","sticky":false,"template":"","format":"standard","meta":{"footnotes":""},"categories":[5],"tags":[268],"class_list":["post-38","post","type-post","status-publish","format-standard","hentry","category-die-anfaenge","tag-jahresrueckblick"],"_links":{"self":[{"href":"https:\/\/arnwiesen.net\/wpt\/wp-json\/wp\/v2\/posts\/38","targetHints":{"allow":["GET"]}}],"collection":[{"href":"https:\/\/arnwiesen.net\/wpt\/wp-json\/wp\/v2\/posts"}],"about":[{"href":"https:\/\/arnwiesen.net\/wpt\/wp-json\/wp\/v2\/types\/post"}],"author":[{"embeddable":true,"href":"https:\/\/arnwiesen.net\/wpt\/wp-json\/wp\/v2\/users\/5"}],"replies":[{"embeddable":true,"href":"https:\/\/arnwiesen.net\/wpt\/wp-json\/wp\/v2\/comments?post=38"}],"version-history":[{"count":5,"href":"https:\/\/arnwiesen.net\/wpt\/wp-json\/wp\/v2\/posts\/38\/revisions"}],"predecessor-version":[{"id":3747,"href":"https:\/\/arnwiesen.net\/wpt\/wp-json\/wp\/v2\/posts\/38\/revisions\/3747"}],"wp:attachment":[{"href":"https:\/\/arnwiesen.net\/wpt\/wp-json\/wp\/v2\/media?parent=38"}],"wp:term":[{"taxonomy":"category","embeddable":true,"href":"https:\/\/arnwiesen.net\/wpt\/wp-json\/wp\/v2\/categories?post=38"},{"taxonomy":"post_tag","embeddable":true,"href":"https:\/\/arnwiesen.net\/wpt\/wp-json\/wp\/v2\/tags?post=38"}],"curies":[{"name":"wp","href":"https:\/\/api.w.org\/{rel}","templated":true}]}}