{"id":3270,"date":"2000-08-19T21:27:00","date_gmt":"2000-08-19T19:27:00","guid":{"rendered":"https:\/\/arnwiesen.net\/wpt\/?p=3270"},"modified":"2022-07-25T11:21:42","modified_gmt":"2022-07-25T09:21:42","slug":"kinder-triathlon-dissen","status":"publish","type":"post","link":"https:\/\/arnwiesen.net\/wpt\/2000\/kinder-triathlon-dissen\/","title":{"rendered":"Sch\u00fcler-Triathlon-Dissen"},"content":{"rendered":"\n<p><strong>Die Jugendgruppe des Norden startete auch dieses Jahr wieder in Dissen.<\/strong><\/p>\n\n\n\n<p>Diesmal das erste Mal dabei : Stephan, Jonas und Nicolas<\/p>\n\n\n<div class=\"wp-block-image\">\n<figure class=\"aligncenter\"><img decoding=\"async\" src=\"https:\/\/arnwiesen.net\/wpt\/wp-content\/uploads\/2000\/2000-02-dissen-5.jpg\" alt=\"Image\"\/><figcaption>&nbsp; Stephan, Jonas, Nicolas &#8211; sollen wir da etwa mitmachen?<\/figcaption><\/figure>\n<\/div>\n\n\n<!--more-->\n\n\n<div class=\"wp-block-image\">\n<figure class=\"aligncenter\"><img decoding=\"async\" src=\"https:\/\/arnwiesen.net\/wpt\/wp-content\/uploads\/2000\/2000-02-dissen-1.jpg\" alt=\"Image\"\/><figcaption>&nbsp; Jonas noch leicht in Front<\/figcaption><\/figure>\n<\/div>\n\n\n<p>Nach dem Schwimmen &#8211; alle mit pers\u00f6nlicher Bestleistung &#8211; geht Jonas souver\u00e4n als Erster auf die Radstrecke. Stephan tr\u00f6delt wie \u00fcblich beim Umziehen und verliert den Anschlu\u00df an die Spitzengruppe. Beim abschlie\u00dfenden Lauf gibt Nicolas alles und schafft den Zieleinlauf 1 Sekunde vor Jonas.<\/p>\n\n\n<div class=\"wp-block-image\">\n<figure class=\"aligncenter\"><img decoding=\"async\" src=\"https:\/\/arnwiesen.net\/wpt\/wp-content\/uploads\/2000\/2000-02-dissen-9.jpg\" alt=\"Image\"\/><figcaption>Jonas<\/figcaption><\/figure>\n<\/div>\n\n<div class=\"wp-block-image\">\n<figure class=\"aligncenter\"><img decoding=\"async\" src=\"https:\/\/arnwiesen.net\/wpt\/wp-content\/uploads\/2000\/2000-02-dissen-6.jpg\" alt=\"Image\"\/><figcaption>Stephan<\/figcaption><\/figure>\n<\/div>\n\n\n<p>Der Triathlon von Marleen und Julius brachte pers\u00f6nliche Bestleistungen und f\u00fcr Julius Platz 1 in seiner Altersklasse.<\/p>\n\n\n\n<p>\u00dcberschattet war der Triathlon durch P\u00f6beleien gr\u00f6\u00dferer Jungs auf der Rad- und Laufstrecke. Nach dem Radfahren war Marleen stinke sauer und lie\u00df sich nur mit M\u00fche zum Weitermachen \u00fcberreden.<\/p>\n\n\n\n<p>Unser besonderer Dank gilt hierbei Konni &#8211; dem Veranstalter &#8211; der sich gleich nach den Wettbewerben um die Angelegenheit k\u00fcmmerte. Ein Anruf bei den zust\u00e4ndigen Erziehungsberechtigten und die Jungs mu\u00dften zur Entschuldigung vorbeikommen.<\/p>\n\n\n\n<p>Wie \u00fcblich wurde ein Dissener-Triathlon durch eine \u00fcppige Preisverlosung und Kuchen f\u00fcr die Kid&#8217;s abgerundet.<\/p>\n\n\n<div class=\"wp-block-image\">\n<figure class=\"aligncenter\"><img decoding=\"async\" src=\"https:\/\/arnwiesen.net\/wpt\/wp-content\/uploads\/2000\/2000-02-dissen-7.jpg\" alt=\"Image\"\/><figcaption>Nicolas<\/figcaption><\/figure>\n<\/div>\n\n<div class=\"wp-block-image\">\n<figure class=\"aligncenter\"><img decoding=\"async\" src=\"https:\/\/arnwiesen.net\/wpt\/wp-content\/uploads\/2000\/2000-02-dissen-3.jpg\" alt=\"Image\"\/><\/figure>\n<\/div>\n\n\n<p>Ein Aufruf an alle Omas, Opas und Freunde<\/p>\n\n\n\n<p>Um das Training der Nord-Gruppe zu verbessern, werden zur Zeit noch geeignete Rennr\u00e4der gesucht &#8211; Sponsoring ist selbstverst\u00e4ndlich m\u00f6glich<\/p>\n\n\n\n<p><strong>Ergebnisse<\/strong><\/p>\n\n\n\n<figure class=\"wp-block-table\"><table><tbody><tr><td><strong><em>Platz<\/em><\/strong><\/td><td><strong><em>&nbsp;<\/em><\/strong><\/td><td><strong><em>Zeit<\/em><\/strong><\/td><td><strong><em>Distanz<\/em><\/strong><\/td><\/tr><tr><td>2. AK 7\/8<\/td><td>Nicolas<\/td><td>00:12:22<\/td><td>100 m &#8211; 1,7 km &#8211; 0,5 km<\/td><\/tr><tr><td>3. AK 7\/8<\/td><td>Jonas<\/td><td>00:12:23<\/td><td>100 m &#8211; 1,7 km &#8211; 0,5 km<\/td><\/tr><tr><td>5. AK 7\/8<\/td><td>Stephan<\/td><td>00:14:34<\/td><td>100 m &#8211; 1,7 km &#8211; 0,5 km<\/td><\/tr><tr><td>4. AK 11\/12<\/td><td>Marleen<\/td><td>00:46:32<\/td><td>200 m &#8211; 6,0 km &#8211; 2,0 km<\/td><\/tr><tr><td>1. AK 15\/16<\/td><td>Julius<\/td><td>00:31:52<\/td><td>200 m &#8211; 6,0 km &#8211; 2,0 km<\/td><\/tr><\/tbody><\/table><\/figure>\n","protected":false},"excerpt":{"rendered":"<p>Die Jugendgruppe des Norden startete auch dieses Jahr wieder in Dissen. Diesmal das erste Mal dabei : Stephan, Jonas und Nicolas<\/p>\n","protected":false},"author":1,"featured_media":0,"comment_status":"closed","ping_status":"open","sticky":false,"template":"","format":"standard","meta":{"footnotes":""},"categories":[6],"tags":[288,287],"class_list":["post-3270","post","type-post","status-publish","format-standard","hentry","category-berichte-2000","tag-dissen","tag-schuelertriathlon"],"_links":{"self":[{"href":"https:\/\/arnwiesen.net\/wpt\/wp-json\/wp\/v2\/posts\/3270","targetHints":{"allow":["GET"]}}],"collection":[{"href":"https:\/\/arnwiesen.net\/wpt\/wp-json\/wp\/v2\/posts"}],"about":[{"href":"https:\/\/arnwiesen.net\/wpt\/wp-json\/wp\/v2\/types\/post"}],"author":[{"embeddable":true,"href":"https:\/\/arnwiesen.net\/wpt\/wp-json\/wp\/v2\/users\/1"}],"replies":[{"embeddable":true,"href":"https:\/\/arnwiesen.net\/wpt\/wp-json\/wp\/v2\/comments?post=3270"}],"version-history":[{"count":4,"href":"https:\/\/arnwiesen.net\/wpt\/wp-json\/wp\/v2\/posts\/3270\/revisions"}],"predecessor-version":[{"id":4255,"href":"https:\/\/arnwiesen.net\/wpt\/wp-json\/wp\/v2\/posts\/3270\/revisions\/4255"}],"wp:attachment":[{"href":"https:\/\/arnwiesen.net\/wpt\/wp-json\/wp\/v2\/media?parent=3270"}],"wp:term":[{"taxonomy":"category","embeddable":true,"href":"https:\/\/arnwiesen.net\/wpt\/wp-json\/wp\/v2\/categories?post=3270"},{"taxonomy":"post_tag","embeddable":true,"href":"https:\/\/arnwiesen.net\/wpt\/wp-json\/wp\/v2\/tags?post=3270"}],"curies":[{"name":"wp","href":"https:\/\/api.w.org\/{rel}","templated":true}]}}