{"id":3268,"date":"2000-05-28T21:28:00","date_gmt":"2000-05-28T19:28:00","guid":{"rendered":"https:\/\/arnwiesen.net\/wpt\/?p=3268"},"modified":"2022-07-25T10:22:00","modified_gmt":"2022-07-25T08:22:00","slug":"staffel-triathlon-dissen-2","status":"publish","type":"post","link":"https:\/\/arnwiesen.net\/wpt\/2000\/staffel-triathlon-dissen-2\/","title":{"rendered":"Staffel-Triathlon Dissen"},"content":{"rendered":"\n<p><strong>Volkslauf in Lengerich &#8211; Staffeltria in Dissen<\/strong><\/p>\n\n\n\n<p>Am Samstag in Lengerich waren Stefan und Marleen beim Kinderlauf erfolgreich.<\/p>\n\n\n<div class=\"wp-block-image\">\n<figure class=\"aligncenter\"><img decoding=\"async\" src=\"https:\/\/arnwiesen.net\/wpt\/wp-content\/uploads\/2000\/dissen2000-1.jpg\" alt=\"Image\"\/><\/figure>\n<\/div>\n\n\n<!--more-->\n\n\n<div class=\"wp-block-image\">\n<figure class=\"aligncenter\"><img decoding=\"async\" src=\"https:\/\/arnwiesen.net\/wpt\/wp-content\/uploads\/2000\/dissen2000-10.jpg\" alt=\"Image\"\/><\/figure>\n<\/div>\n\n<div class=\"wp-block-image\">\n<figure class=\"aligncenter\"><img decoding=\"async\" src=\"https:\/\/arnwiesen.net\/wpt\/wp-content\/uploads\/2000\/dissen2000-2.jpg\" alt=\"Image\"\/><\/figure>\n<\/div>\n\n<div class=\"wp-block-image\">\n<figure class=\"aligncenter\"><img decoding=\"async\" src=\"https:\/\/arnwiesen.net\/wpt\/wp-content\/uploads\/2000\/dissen2000-4.jpg\" alt=\"Image\"\/><\/figure>\n<\/div>\n\n\n<p>Dabei sein ist alles. Das galt f\u00fcr die TCKJ&#8217;ler beim Staffeltriathlon in Dissen in doppelter Weise. Mit vier Teams war der TCKJ in diesem Jahr mit Rekordbeteiligung am Start. Die Zahl der Mannschaften hatte sich gegen\u00fcber den vergangenen Jahren deutlich vergr\u00f6\u00dfert. Auch bei der Platzierung blieben die TCKJ-Teams ihrem Motto treu: dabei sein ist alles. <\/p>\n\n\n\n<p>Besonders zu w\u00fcrdigen ist, da\u00df alle Wettk\u00e4mpfer neben ihrer Hauptdisziplin noch zus\u00e4tzliche F\u00e4higkeiten entwickelten. So bew\u00e4ltigten die Schwimmerinnen die Strecke in einer Schwimmhalle mit Saunatemperaturen. Die Radfahrer zeigten Nervenst\u00e4rke als sie sich bei wolkenbruchartigem Regen auf den Weg machten und von den L\u00e4ufern wurde pfadfinderisches Gesp\u00fcr verlangt, nachdem der Regen die Kreidemarkierung der Strecke weggewaschen hatte. Trotzdem hat es allen viel Spa\u00df gemacht wie man sehen kann:<\/p>\n\n\n\n<div class=\"wp-block-group is-content-justification-center is-nowrap is-layout-flex wp-container-core-group-is-layout-94bc23d7 wp-block-group-is-layout-flex\"><div class=\"wp-block-image\">\n<figure class=\"aligncenter\"><img decoding=\"async\" src=\"https:\/\/arnwiesen.net\/wpt\/wp-content\/uploads\/2000\/dissen2000-5.jpg\" alt=\"Image\"\/><\/figure>\n<\/div>\n\n<div class=\"wp-block-image\">\n<figure class=\"aligncenter\"><img decoding=\"async\" src=\"https:\/\/arnwiesen.net\/wpt\/wp-content\/uploads\/2000\/dissen2000-7.jpg\" alt=\"Image\"\/><\/figure>\n<\/div><\/div>\n\n\n<div class=\"wp-block-image\">\n<figure class=\"aligncenter\"><img decoding=\"async\" src=\"https:\/\/arnwiesen.net\/wpt\/wp-content\/uploads\/2000\/dissen2000-6.jpg\" alt=\"Image\"\/><\/figure>\n<\/div>\n\n<div class=\"wp-block-image\">\n<figure class=\"aligncenter\"><img decoding=\"async\" src=\"https:\/\/arnwiesen.net\/wpt\/wp-content\/uploads\/2000\/dissen2000-8.jpg\" alt=\"Image\"\/><\/figure>\n<\/div>\n\n<div class=\"wp-block-image\">\n<figure class=\"aligncenter\"><img decoding=\"async\" src=\"https:\/\/arnwiesen.net\/wpt\/wp-content\/uploads\/2000\/dissen2000-9.jpg\" alt=\"Image\"\/><\/figure>\n<\/div>\n\n\n<p><strong>Ergebnisse<\/strong><\/p>\n\n\n\n<figure class=\"wp-block-table\"><table><tbody><tr><td>&nbsp;<\/td><td><strong><em>Schwimmen<\/em><\/strong><\/td><td><strong><em>&nbsp;<\/em><\/strong><\/td><td><strong><em>Radfahren<\/em><\/strong><\/td><td><strong><em>&nbsp;<\/em><\/strong><\/td><td><strong><em>Laufen<\/em><\/strong><\/td><td><strong><em>&nbsp;<\/em><\/strong><\/td><td><strong><em>Gesamt<\/em><\/strong><\/td><\/tr><tr><td>Staffel 1<\/td><td>Torsten<\/td><td>08:40<\/td><td>Atze<\/td><td>48:15<\/td><td>Rosi<\/td><td>28:42<\/td><td>1:25:37<\/td><\/tr><tr><td>Staffel 2<\/td><td>Sylke<\/td><td>11:10<\/td><td>Cossi<\/td><td>53:48<\/td><td>Michael<\/td><td>23:50<\/td><td>1:28:48<\/td><\/tr><tr><td>Staffel 3<\/td><td>B\u00e4rbel<\/td><td>14:00<\/td><td>Heide<\/td><td>59:15<\/td><td>Joachim<\/td><td>25:35<\/td><td>1:38:50<\/td><\/tr><tr><td>Staffel 4<\/td><td>Birgit Sch\u00f6bel<\/td><td>13:16<\/td><td>Birgit Schm<\/td><td>61:42<\/td><td>Atze<\/td><td>23:32<\/td><td>1:38:42<\/td><\/tr><\/tbody><\/table><\/figure>\n","protected":false},"excerpt":{"rendered":"<p>Volkslauf in Lengerich &#8211; Staffeltria in Dissen Am Samstag in Lengerich waren Stefan und Marleen beim Kinderlauf erfolgreich.<\/p>\n","protected":false},"author":5,"featured_media":0,"comment_status":"closed","ping_status":"open","sticky":false,"template":"","format":"standard","meta":{"footnotes":""},"categories":[6],"tags":[288,316,292,136,210],"class_list":["post-3268","post","type-post","status-publish","format-standard","hentry","category-berichte-2000","tag-dissen","tag-lengerich-hohne","tag-staffeltriathlon","tag-triathlon","tag-volkslauf"],"_links":{"self":[{"href":"https:\/\/arnwiesen.net\/wpt\/wp-json\/wp\/v2\/posts\/3268","targetHints":{"allow":["GET"]}}],"collection":[{"href":"https:\/\/arnwiesen.net\/wpt\/wp-json\/wp\/v2\/posts"}],"about":[{"href":"https:\/\/arnwiesen.net\/wpt\/wp-json\/wp\/v2\/types\/post"}],"author":[{"embeddable":true,"href":"https:\/\/arnwiesen.net\/wpt\/wp-json\/wp\/v2\/users\/5"}],"replies":[{"embeddable":true,"href":"https:\/\/arnwiesen.net\/wpt\/wp-json\/wp\/v2\/comments?post=3268"}],"version-history":[{"count":2,"href":"https:\/\/arnwiesen.net\/wpt\/wp-json\/wp\/v2\/posts\/3268\/revisions"}],"predecessor-version":[{"id":4198,"href":"https:\/\/arnwiesen.net\/wpt\/wp-json\/wp\/v2\/posts\/3268\/revisions\/4198"}],"wp:attachment":[{"href":"https:\/\/arnwiesen.net\/wpt\/wp-json\/wp\/v2\/media?parent=3268"}],"wp:term":[{"taxonomy":"category","embeddable":true,"href":"https:\/\/arnwiesen.net\/wpt\/wp-json\/wp\/v2\/categories?post=3268"},{"taxonomy":"post_tag","embeddable":true,"href":"https:\/\/arnwiesen.net\/wpt\/wp-json\/wp\/v2\/tags?post=3268"}],"curies":[{"name":"wp","href":"https:\/\/api.w.org\/{rel}","templated":true}]}}