{"id":3256,"date":"2001-09-22T21:22:00","date_gmt":"2001-09-22T19:22:00","guid":{"rendered":"https:\/\/arnwiesen.net\/wpt\/?p=3256"},"modified":"2022-07-22T22:50:46","modified_gmt":"2022-07-22T20:50:46","slug":"15-wedaupokal","status":"publish","type":"post","link":"https:\/\/arnwiesen.net\/wpt\/2001\/15-wedaupokal\/","title":{"rendered":"15. Wedaupokal"},"content":{"rendered":"\n<p><strong>Der 15. Wedaupokal am 22.9.01 in Stichworten<\/strong><\/p>\n\n\n\n<div class=\"wp-block-columns is-layout-flex wp-container-core-columns-is-layout-9d6595d7 wp-block-columns-is-layout-flex\">\n<div class=\"wp-block-column is-layout-flow wp-block-column-is-layout-flow\" style=\"flex-basis:66.66%\">\n<figure class=\"wp-block-table\"><table><tbody><tr><td>M\u00e4dchen<\/td><td>3<\/td><\/tr><tr><td>Jungen<\/td><td>4<\/td><\/tr><tr><td>Walkerinnen<\/td><td>7<\/td><\/tr><tr><td>Frauen<\/td><td>4<\/td><\/tr><tr><td>M\u00e4nner<\/td><td>11<\/td><\/tr><tr><td>gesamt<\/td><td>27<\/td><\/tr><\/tbody><\/table><\/figure>\n<\/div>\n\n\n\n<div class=\"wp-block-column is-layout-flow wp-block-column-is-layout-flow\" style=\"flex-basis:33.33%\">\n<figure class=\"wp-block-image\"><img decoding=\"async\" src=\"https:\/\/arnwiesen.net\/wpt\/wp-content\/uploads\/2001\/laeuferpaar.gif\" alt=\"Image\"\/><figcaption>H\u00f6chste Teilnehmerzahl<\/figcaption><\/figure>\n<\/div>\n<\/div>\n\n\n\n<!--more-->\n\n\n\n<p><strong>Bruderpaar:<\/strong>Erstmalig starteten 2 Br\u00fcder unter einer Startnummer: Daniel laufend,&nbsp;David im Jogger.&nbsp;&nbsp;&nbsp;&nbsp;&nbsp;<\/p>\n\n\n<div class=\"wp-block-image\">\n<figure class=\"aligncenter\"><img decoding=\"async\" src=\"https:\/\/arnwiesen.net\/wpt\/wp-content\/uploads\/2001\/Wedaupokal2001-4.jpg\" alt=\"Image\" title=\"Image\"\/><\/figure>\n<\/div>\n\n\n<p><strong>Kinderlauf:<\/strong><br>Das erste Mal in 7 Jahren Kinderpokal wurde der Start zum Kinderlauf&nbsp;p\u00fcnktlich um 14.30 Uhr angepfiffen. Prompt kamen 2 nicht ngemeldete&nbsp;Teilnehmerinnen um 14,32 Uhr. So starteten Anna und Sarah beim&nbsp;Walkinglauf mit und absolvierten die kompletten 4,7 km.&nbsp;<\/p>\n\n\n<div class=\"wp-block-image\">\n<figure class=\"aligncenter\"><img decoding=\"async\" src=\"https:\/\/arnwiesen.net\/wpt\/wp-content\/uploads\/2001\/Wedaupokal2001-6.jpg\" alt=\"Image\" title=\"Image\"\/><\/figure>\n<\/div>\n\n\n<p><strong>Walking:<br><\/strong>Der Walking-Wettbewerb erfreut sich steigender Beliebtheit. Sogar beim Kinderlauf war Sandra als reine Walkerin unterwegs.&nbsp;Einige Joggerinnen wechselten auf die Walkingstrecke. W\u00e4hrend sich Birgit und&nbsp;Eva puddelwohl f\u00fchlten, hatte Heide Schwierigkeiten sich umzustellen und f\u00fcgte&nbsp;einige Joggingschritte ein. Wir hoffen sie im n\u00e4chsten Jahr&nbsp; auf der Joggingstrecke wiederzusehen.<\/p>\n\n\n<div class=\"wp-block-image\">\n<figure class=\"aligncenter\"><img decoding=\"async\" src=\"https:\/\/arnwiesen.net\/wpt\/wp-content\/uploads\/2001\/Wedaupokal2001-3.jpg\" alt=\"Image\" title=\"Image\"\/><\/figure>\n<\/div>\n\n\n<p><strong>Streckenrekord:<br><\/strong>Bei den Frauen erzielt von Jana Soethout 20.04 Min. bisher 20.33 Jana 2000<br>Bei den M\u00e4nnern erzielt v. Ulrich Fischell 16.23 Min. bisher 16.32 Ulrich F. 2000<br>Bei den M\u00e4dchen erzielt von Ann-Kathrin F. 8.11 Min. bisher&nbsp; 8.55 A.-K. F 2000&nbsp;<\/p>\n\n\n<div class=\"wp-block-image\">\n<figure class=\"aligncenter\"><img decoding=\"async\" src=\"https:\/\/arnwiesen.net\/wpt\/wp-content\/uploads\/2001\/Wedaupokal2001-1.jpg\" alt=\"Image\" title=\"Image\"\/><\/figure>\n<\/div>\n\n\n<p><strong>Wedau-Pokal IV:<\/strong><br>Nachdem Ulrich F. im letzten Jahr zum 3. Mal gewonnen hat, durfte er den Wedaupokal III behalten und stiftete einen gro\u00dfen goldenen neuen Pokal.&nbsp;<\/p>\n\n\n<div class=\"wp-block-image\">\n<figure class=\"aligncenter\"><img decoding=\"async\" src=\"https:\/\/arnwiesen.net\/wpt\/wp-content\/uploads\/2001\/Wedaupokal2001-5.jpg\" alt=\"Image\" title=\"Image\"\/><\/figure>\n<\/div>\n\n\n<p><strong>B-Pokal-Frauen:<br><\/strong>Christine\u00b4s Entscheidung sich nicht der Walkingabwanderung anzuschlie\u00dfen&nbsp;war goldrichtig, so verbesserte sie sich um 2,15 Min. und gewann den B-Pokal.&nbsp;<\/p>\n\n\n\n<p><strong>B-Pokal-M\u00e4nner:<\/strong><br>Bei Guido E. zeigte sich das Marathon &#8211; Training f\u00fcr Berlin erfolgreich,&nbsp;und er verbesserte sich um 3,25 Min. Guido S. war 50 Sekunden besser als im&nbsp;Vorjahr und ist jetzt der zweitbeste Wedaupokalteilnehmer aller Zeiten.&nbsp;&nbsp;<\/p>\n\n\n\n<div class=\"wp-block-group is-content-justification-center is-nowrap is-layout-flex wp-container-core-group-is-layout-94bc23d7 wp-block-group-is-layout-flex\"><div class=\"wp-block-image\">\n<figure class=\"aligncenter\"><img decoding=\"async\" src=\"https:\/\/arnwiesen.net\/wpt\/wp-content\/uploads\/2001\/Wedaupokal2001-7.jpg\" alt=\"Image\" title=\"Image\"\/><\/figure>\n<\/div>\n\n<div class=\"wp-block-image\">\n<figure class=\"aligncenter\"><img decoding=\"async\" src=\"https:\/\/arnwiesen.net\/wpt\/wp-content\/uploads\/2001\/Wedaupokal2001-2.jpg\" alt=\"Image\" title=\"Image\"\/><\/figure>\n<\/div><\/div>\n\n\n\n<p><strong>Siegerehrung:<\/strong><br>Zum 4. Mal war f\u00fcr duschen, essen, trinken, etc. in Regattabahn n\u00e4he gesorgt.&nbsp;Diesmal bei den &#8222;Freien Schwimmern&#8220; in der Masurenalle.&nbsp;Leider war das Wasser zum duschen erst 1 Stunde nach dem Eintreffen&nbsp;bereitgestellt.&nbsp;&nbsp;&nbsp;&nbsp;&nbsp;<\/p>\n\n\n\n<p><strong>Ostgruppe:<\/strong><br>Leider war das 2. Mal seit 1992 niemand aus Jena dabei, da Uli sich bei&nbsp;der RTF in Oberhausen das Schhl\u00fcsselbein gebrochen hat.&nbsp;Er ist auf dem Weg der Besserung und will Ende Oktober das Training wieder&nbsp;aufnehmen. Das l\u00e4\u00dft f\u00fcr das n\u00e4chste Jahr hoffen.<\/p>\n\n\n\n<p><strong>Ergebnisse<\/strong><\/p>\n\n\n\n<figure class=\"wp-block-table\"><table><tbody><tr><td>&nbsp;<\/td><td><strong>M\u00e4dchen<\/strong><\/td><td>&nbsp;<\/td><td>&nbsp;<\/td><td>&nbsp;<\/td><td>&nbsp;<\/td><td>&nbsp;<\/td><td>&nbsp;<\/td><td>&nbsp;<\/td><\/tr><tr><td>&nbsp;1.<\/td><td>Ann-Kathrin<\/td><td>Fischell<\/td><td>8,11<\/td><td>&nbsp;<\/td><td>&nbsp;<\/td><td>&nbsp;<\/td><td>&nbsp;<\/td><td>&nbsp;<\/td><\/tr><tr><td>&nbsp;2.<\/td><td>Ann-Kathrin<\/td><td>Vosmerb\u00e4umer<\/td><td>12,41<\/td><td>&nbsp;<\/td><td>&nbsp;<\/td><td>&nbsp;<\/td><td>&nbsp;<\/td><td>&nbsp;<\/td><\/tr><tr><td>&nbsp;<\/td><td>Sandra<\/td><td>Tech<\/td><td>14,18<\/td><td>&nbsp;<\/td><td>&nbsp;<\/td><td>Walking<\/td><td>&nbsp;<\/td><td>&nbsp;<\/td><\/tr><tr><td>&nbsp;<\/td><td>&nbsp;<\/td><td>&nbsp;<\/td><td>&nbsp;<\/td><td>&nbsp;<\/td><td>&nbsp;<\/td><td>&nbsp;<\/td><td>&nbsp;<\/td><td>&nbsp;<\/td><\/tr><tr><td>&nbsp;<\/td><td><strong>Jungen<\/strong><\/td><td>&nbsp;<\/td><td>&nbsp;<\/td><td>&nbsp;<\/td><td>&nbsp;<\/td><td>&nbsp;<\/td><td>&nbsp;<\/td><td>&nbsp;<\/td><\/tr><tr><td>&nbsp;1.<\/td><td>Jan-Philipp<\/td><td>Fischell<\/td><td>8,09<\/td><td>&nbsp;<\/td><td>&nbsp;<\/td><td>&nbsp;<\/td><td>&nbsp;<\/td><td>&nbsp;<\/td><\/tr><tr><td>&nbsp;<\/td><td>Sebastian<\/td><td>Vosmerb\u00e4umer<\/td><td>n.g.<\/td><td>&nbsp;<\/td><td>&nbsp;<\/td><td>&nbsp;<\/td><td>&nbsp;<\/td><td>&nbsp;<\/td><\/tr><tr><td>&nbsp;<\/td><td>&nbsp;<\/td><td>&nbsp;<\/td><td>&nbsp;<\/td><td>&nbsp;<\/td><td>&nbsp;<\/td><td>&nbsp;<\/td><td>&nbsp;<\/td><td>&nbsp;<\/td><\/tr><tr><td>&nbsp;<\/td><td><strong>Frauen<\/strong><\/td><td><strong>&nbsp;<\/strong><\/td><td><strong>&nbsp;<\/strong><\/td><td><strong>&nbsp;<\/strong><\/td><td><strong>&nbsp;<\/strong><\/td><td><strong>Frauen<\/strong><\/td><td><strong>B &#8211; Wertung<\/strong><\/td><td><strong>Differenz<\/strong><\/td><\/tr><tr><td>1.<\/td><td>Jana<\/td><td>Soethout<\/td><td>20,04<\/td><td>&nbsp;<\/td><td>1.<\/td><td>Christine<\/td><td>Sch\u00e4chner<\/td><td>-2,15<\/td><\/tr><tr><td>2.<\/td><td>Birgit<\/td><td>Fischell<\/td><td>23,00<\/td><td>&nbsp;<\/td><td>2.<\/td><td>Birgit<\/td><td>Fischell<\/td><td>-0,38<\/td><\/tr><tr><td>3.<\/td><td>Christine<\/td><td>Sch\u00e4chner<\/td><td>26,11<\/td><td>&nbsp;<\/td><td>3.<\/td><td>Jana<\/td><td>Soethout<\/td><td>-0,29<\/td><\/tr><tr><td>4.<\/td><td>Simone<\/td><td>Hartmann<\/td><td>26,58<\/td><td>&nbsp;<\/td><td>4.<\/td><td>Simone<\/td><td>Hartmann<\/td><td>0,56<\/td><\/tr><tr><td>&nbsp;<\/td><td>&nbsp;<\/td><td>&nbsp;<\/td><td>&nbsp;<\/td><td>&nbsp;<\/td><td>&nbsp;<\/td><td>&nbsp;<\/td><td>&nbsp;<\/td><td>&nbsp;<\/td><\/tr><tr><td>&nbsp;<\/td><td><strong>M\u00e4nner<\/strong><\/td><td><strong>&nbsp;<\/strong><\/td><td><strong>&nbsp;<\/strong><\/td><td><strong>&nbsp;<\/strong><\/td><td><strong>&nbsp;<\/strong><\/td><td><strong>M\u00e4nner<\/strong><\/td><td><strong>B &#8211; Wertung<\/strong><\/td><td><strong>Differenz<\/strong><\/td><\/tr><tr><td>1.<\/td><td>Ulrich<\/td><td>Fischell<\/td><td>16,23<\/td><td>&nbsp;<\/td><td>1.<\/td><td>Guido<\/td><td>Eickvonder<\/td><td>-3,25<\/td><\/tr><tr><td>2.<\/td><td>Guido<\/td><td>Soethout<\/td><td>17,02<\/td><td>&nbsp;<\/td><td>2.<\/td><td>Guido<\/td><td>Soethout<\/td><td>-0,50<\/td><\/tr><tr><td>3.<\/td><td>Peter<\/td><td>Lunter<\/td><td>18,09<\/td><td>&nbsp;<\/td><td>3.<\/td><td>Ralf<\/td><td>Urbach<\/td><td>-0,16<\/td><\/tr><tr><td>4.<\/td><td>Guido<\/td><td>Eickvonder<\/td><td>19,41<\/td><td>&nbsp;<\/td><td>4.<\/td><td>Ulrich<\/td><td>Fischell<\/td><td>-0,09<\/td><\/tr><tr><td>5.<\/td><td>Michael<\/td><td>Co\u00dfmann<\/td><td>20,44<\/td><td>&nbsp;<\/td><td>4.<\/td><td>Susu<\/td><td>Masurek<\/td><td>-0,07<\/td><\/tr><tr><td>6.<\/td><td>Ralf<\/td><td>Urbach<\/td><td>21,26<\/td><td>&nbsp;<\/td><td>6.<\/td><td>Michael<\/td><td>Co\u00dfmann<\/td><td>0,08<\/td><\/tr><tr><td>7.<\/td><td>Susu<\/td><td>Masurek<\/td><td>22,02<\/td><td>&nbsp;<\/td><td>7.<\/td><td>Peter<\/td><td>Lunter<\/td><td>0,19<\/td><\/tr><tr><td>8.<\/td><td>Joachim<\/td><td>Heese<\/td><td>23,49<\/td><td>&nbsp;<\/td><td>8.<\/td><td>Bernd<\/td><td>Grabutznat<\/td><td>0,24<\/td><\/tr><tr><td>9.<\/td><td>Bernd<\/td><td>Grabutznat<\/td><td>24,43<\/td><td>&nbsp;<\/td><td>9.<\/td><td>Joachim<\/td><td>Heese<\/td><td>1,05<\/td><\/tr><tr><td>10.<\/td><td>Daniel<\/td><td>Sch\u00e4chner<\/td><td>25,15<\/td><td>&nbsp;<\/td><td>10.<\/td><td>Daniel<\/td><td>Sch\u00e4chner<\/td><td>1,52<\/td><\/tr><tr><td>11.<\/td><td>Ulrich<\/td><td>Jaroschek<\/td><td>34,52<\/td><td>&nbsp;<\/td><td>11.<\/td><td>Ulrich<\/td><td>Jaroschek<\/td><td>2,10<\/td><\/tr><tr><td>&nbsp;<\/td><td>&nbsp;<\/td><td>&nbsp;<\/td><td>&nbsp;<\/td><td>&nbsp;<\/td><td>&nbsp;<\/td><td>&nbsp;<\/td><td>&nbsp;<\/td><td>&nbsp;<\/td><\/tr><tr><td>&nbsp;<\/td><td><strong>Walking<\/strong><\/td><td>&nbsp;<\/td><td>&nbsp;<\/td><td>&nbsp;<\/td><td>&nbsp;<\/td><td>&nbsp;<\/td><td>&nbsp;<\/td><td>&nbsp;<\/td><\/tr><tr><td>1.<\/td><td>Ulrike<\/td><td>Pasquale<\/td><td>36,37<\/td><td>&nbsp;<\/td><td>&nbsp;<\/td><td>&nbsp;<\/td><td>&nbsp;<\/td><td>&nbsp;<\/td><\/tr><tr><td>2.<\/td><td>Birgit<\/td><td>Sch\u00f6bel<\/td><td>38,20<\/td><td>&nbsp;<\/td><td>&nbsp;<\/td><td>&nbsp;<\/td><td>&nbsp;<\/td><td>&nbsp;<\/td><\/tr><tr><td>2.<\/td><td>Eva<\/td><td>Tech<\/td><td>38,20<\/td><td>&nbsp;<\/td><td>&nbsp;<\/td><td>&nbsp;<\/td><td>&nbsp;<\/td><td>&nbsp;<\/td><\/tr><tr><td>4.<\/td><td>B\u00e4rbel<\/td><td>Weber<\/td><td>38,34<\/td><td>&nbsp;<\/td><td>&nbsp;<\/td><td>&nbsp;<\/td><td>&nbsp;<\/td><td>&nbsp;<\/td><\/tr><tr><td>&nbsp;<\/td><td>&nbsp;<\/td><td>&nbsp;<\/td><td>&nbsp;<\/td><td>&nbsp;<\/td><td>&nbsp;<\/td><td>&nbsp;<\/td><td>&nbsp;<\/td><td>&nbsp;<\/td><\/tr><tr><td>&nbsp;<\/td><td>Lauther<\/td><td>Sarah<\/td><td>32,37&nbsp;<\/td><td>&nbsp;<\/td><td>&nbsp;<\/td><td>Walking<\/td><td>u. Joggen&nbsp;<\/td><td>&nbsp;<\/td><\/tr><tr><td>&nbsp;<\/td><td>Franke<\/td><td>Anna&nbsp;<\/td><td>38,02&nbsp;<\/td><td>&nbsp;<\/td><td>&nbsp;<\/td><td>Walking<\/td><td>u. Joggen<\/td><td>&nbsp;<\/td><\/tr><tr><td>&nbsp;<\/td><td>Eisenacher<\/td><td>Heide&nbsp;<\/td><td>38,34&nbsp;<\/td><td>&nbsp;<\/td><td>&nbsp;<\/td><td>Walking<\/td><td>u. Joggen<\/td><td>&nbsp;<\/td><\/tr><\/tbody><\/table><\/figure>\n","protected":false},"excerpt":{"rendered":"<p>Der 15. Wedaupokal am 22.9.01 in Stichworten M\u00e4dchen 3 Jungen 4 Walkerinnen 7 Frauen 4 M\u00e4nner 11 gesamt 27<\/p>\n","protected":false},"author":5,"featured_media":0,"comment_status":"closed","ping_status":"open","sticky":false,"template":"","format":"standard","meta":{"footnotes":""},"categories":[7],"tags":[125,196,307,261,130],"class_list":["post-3256","post","type-post","status-publish","format-standard","hentry","category-berichte-2001","tag-10km","tag-5km","tag-duisburg-wedau","tag-walking","tag-wedaupokal"],"_links":{"self":[{"href":"https:\/\/arnwiesen.net\/wpt\/wp-json\/wp\/v2\/posts\/3256","targetHints":{"allow":["GET"]}}],"collection":[{"href":"https:\/\/arnwiesen.net\/wpt\/wp-json\/wp\/v2\/posts"}],"about":[{"href":"https:\/\/arnwiesen.net\/wpt\/wp-json\/wp\/v2\/types\/post"}],"author":[{"embeddable":true,"href":"https:\/\/arnwiesen.net\/wpt\/wp-json\/wp\/v2\/users\/5"}],"replies":[{"embeddable":true,"href":"https:\/\/arnwiesen.net\/wpt\/wp-json\/wp\/v2\/comments?post=3256"}],"version-history":[{"count":5,"href":"https:\/\/arnwiesen.net\/wpt\/wp-json\/wp\/v2\/posts\/3256\/revisions"}],"predecessor-version":[{"id":4214,"href":"https:\/\/arnwiesen.net\/wpt\/wp-json\/wp\/v2\/posts\/3256\/revisions\/4214"}],"wp:attachment":[{"href":"https:\/\/arnwiesen.net\/wpt\/wp-json\/wp\/v2\/media?parent=3256"}],"wp:term":[{"taxonomy":"category","embeddable":true,"href":"https:\/\/arnwiesen.net\/wpt\/wp-json\/wp\/v2\/categories?post=3256"},{"taxonomy":"post_tag","embeddable":true,"href":"https:\/\/arnwiesen.net\/wpt\/wp-json\/wp\/v2\/tags?post=3256"}],"curies":[{"name":"wp","href":"https:\/\/api.w.org\/{rel}","templated":true}]}}