{"id":3238,"date":"2002-09-01T21:13:00","date_gmt":"2002-09-01T19:13:00","guid":{"rendered":"https:\/\/arnwiesen.net\/wpt\/?p=3238"},"modified":"2023-07-02T12:35:40","modified_gmt":"2023-07-02T10:35:40","slug":"15-aasee-triathlon-bocholt","status":"publish","type":"post","link":"https:\/\/arnwiesen.net\/wpt\/2002\/15-aasee-triathlon-bocholt\/","title":{"rendered":"15. Aasee-Triathlon Bocholt"},"content":{"rendered":"\n<p>Durch die Vergr\u00f6sserung des Bocholt &#8211; Triathlons um die Ligawettbewerbe seit 2001 machte eine \u00c4nderung des Startbereichs n\u00f6tig.<\/p>\n\n\n\n<div class=\"wp-block-group is-nowrap is-layout-flex wp-container-core-group-is-layout-ad2f72ca wp-block-group-is-layout-flex\"><div class=\"wp-block-image\">\n<figure class=\"aligncenter\"><img decoding=\"async\" src=\"https:\/\/arnwiesen.net\/wpt\/wp-content\/uploads\/2002\/Bocholt2002_1.jpg\" alt=\"Image\"\/><\/figure>\n<\/div>\n\n<div class=\"wp-block-image\">\n<figure class=\"aligncenter\"><img decoding=\"async\" src=\"https:\/\/arnwiesen.net\/wpt\/wp-content\/uploads\/2002\/Bocholt2002_6.jpg\" alt=\"Image\"\/><\/figure>\n<\/div><\/div>\n\n\n\n<p>Der Staffelwettbewerb wurde neu angeboten, bei dem auch die staffelerprobten TCKJ&#8217;ler ein Team stellten.<\/p>\n\n\n\n<!--more-->\n\n\n\n<div class=\"wp-block-group is-content-justification-center is-nowrap is-layout-flex wp-container-core-group-is-layout-94bc23d7 wp-block-group-is-layout-flex\"><div class=\"wp-block-image\">\n<figure class=\"aligncenter\"><img decoding=\"async\" src=\"https:\/\/arnwiesen.net\/wpt\/wp-content\/uploads\/2002\/Bocholt2002_7.jpg\" alt=\"Image\"\/><\/figure>\n<\/div>\n\n<div class=\"wp-block-image\">\n<figure class=\"aligncenter\"><img decoding=\"async\" src=\"https:\/\/arnwiesen.net\/wpt\/wp-content\/uploads\/2002\/Bocholt2002_9.jpg\" alt=\"Image\"\/><\/figure>\n<\/div><\/div>\n\n\n\n<div class=\"wp-block-group is-content-justification-center is-nowrap is-layout-flex wp-container-core-group-is-layout-94bc23d7 wp-block-group-is-layout-flex\"><div class=\"wp-block-image\">\n<figure class=\"aligncenter\"><img decoding=\"async\" src=\"https:\/\/arnwiesen.net\/wpt\/wp-content\/uploads\/2002\/Bocholt2002_3.jpg\" alt=\"Image\"\/><\/figure>\n<\/div>\n\n<div class=\"wp-block-image\">\n<figure class=\"aligncenter\"><img decoding=\"async\" src=\"https:\/\/arnwiesen.net\/wpt\/wp-content\/uploads\/2002\/Bocholt2002_2.jpg\" alt=\"Image\"\/><\/figure>\n<\/div><\/div>\n\n\n\n<figure class=\"wp-block-table\"><table><tbody><tr><td><strong><em>Olympisch<\/em><\/strong><\/td><td><strong><em>&nbsp;<\/em><\/strong><\/td><td><strong><em>schwimmen<\/em><\/strong><\/td><td><strong><em>radfahren<\/em><\/strong><\/td><td><strong><em>laufen<\/em><\/strong><\/td><td><strong><em>gesamt<\/em><\/strong><\/td><\/tr><tr><td>Ludwig<\/td><td>M40: 24.<\/td><td>00:23:54<\/td><td>01:15:03<\/td><td>00:48:22<\/td><td>02:27:19<\/td><\/tr><tr><td>Cossi<\/td><td>M45: 12.<\/td><td>00:24:56<\/td><td>01:16:39<\/td><td>00:51:42<\/td><td>02:33:18<\/td><\/tr><tr><td>Michael<\/td><td>M40: 33.<\/td><td>00:25:25<\/td><td>01:21:49<\/td><td>00:50:25<\/td><td>02:37:40<\/td><\/tr><tr><td><strong><em>Volkstriathlon<\/em><\/strong><\/td><td><strong><em>&nbsp;&nbsp;<\/em><\/strong><\/td><td><strong><em>&nbsp;&nbsp;<\/em><\/strong><\/td><td><strong><em>&nbsp;&nbsp;<\/em><\/strong><\/td><td><strong><em>&nbsp;&nbsp;<\/em><\/strong><\/td><td><strong><em>&nbsp;&nbsp;<\/em><\/strong><\/td><\/tr><tr><td>Burkhard<\/td><td>M30: 51.<\/td><td>00:12:29<\/td><td>00:43:26<\/td><td>00:16:22<\/td><td>01:12:18<\/td><\/tr><tr><td>Sylke<\/td><td>W30: 16.<\/td><td>00:11:29<\/td><td>00:46:36<\/td><td>00:18:49<\/td><td>01:16:55<\/td><\/tr><tr><td>Rosi<\/td><td>W40: 9.<\/td><td>00:13:49<\/td><td>00:49:38<\/td><td>00:20:06<\/td><td>01:23:34<\/td><\/tr><tr><td>&nbsp;<\/td><td>&nbsp;<\/td><td>&nbsp;<\/td><td>&nbsp;<\/td><td>&nbsp;<\/td><td>&nbsp;<\/td><\/tr><tr><td><strong><em>Staffel<\/em><\/strong><\/td><td>gesamt: 5.<\/td><td>&nbsp;<\/td><td>&nbsp;<\/td><td>&nbsp;<\/td><td>01:15:59<\/td><\/tr><tr><td>Heide<\/td><td>&nbsp;<\/td><td>00:13:24<\/td><td>&nbsp;<\/td><td>&nbsp;<\/td><td>&nbsp;<\/td><\/tr><tr><td>Ulli<\/td><td>&nbsp;<\/td><td>&nbsp;<\/td><td>00:44:29<\/td><td>&nbsp;<\/td><td>&nbsp;<\/td><\/tr><tr><td>Joachim<\/td><td>&nbsp;<\/td><td>&nbsp;<\/td><td>&nbsp;<\/td><td>00:18:05<\/td><td>&nbsp;<\/td><\/tr><\/tbody><\/table><\/figure>\n","protected":false},"excerpt":{"rendered":"<p>Durch die Vergr\u00f6sserung des Bocholt &#8211; Triathlons um die Ligawettbewerbe seit 2001 machte eine \u00c4nderung des Startbereichs n\u00f6tig. Der Staffelwettbewerb wurde neu angeboten, bei dem auch die staffelerprobten TCKJ&#8217;ler ein Team stellten.<\/p>\n","protected":false},"author":5,"featured_media":0,"comment_status":"closed","ping_status":"open","sticky":false,"template":"","format":"standard","meta":{"footnotes":""},"categories":[8],"tags":[315,314,306,136,141],"class_list":["post-3238","post","type-post","status-publish","format-standard","hentry","category-berichte-2002","tag-aaasee","tag-bocholt","tag-olympische-distanz","tag-triathlon","tag-volkstriathlon"],"_links":{"self":[{"href":"https:\/\/arnwiesen.net\/wpt\/wp-json\/wp\/v2\/posts\/3238","targetHints":{"allow":["GET"]}}],"collection":[{"href":"https:\/\/arnwiesen.net\/wpt\/wp-json\/wp\/v2\/posts"}],"about":[{"href":"https:\/\/arnwiesen.net\/wpt\/wp-json\/wp\/v2\/types\/post"}],"author":[{"embeddable":true,"href":"https:\/\/arnwiesen.net\/wpt\/wp-json\/wp\/v2\/users\/5"}],"replies":[{"embeddable":true,"href":"https:\/\/arnwiesen.net\/wpt\/wp-json\/wp\/v2\/comments?post=3238"}],"version-history":[{"count":2,"href":"https:\/\/arnwiesen.net\/wpt\/wp-json\/wp\/v2\/posts\/3238\/revisions"}],"predecessor-version":[{"id":4136,"href":"https:\/\/arnwiesen.net\/wpt\/wp-json\/wp\/v2\/posts\/3238\/revisions\/4136"}],"wp:attachment":[{"href":"https:\/\/arnwiesen.net\/wpt\/wp-json\/wp\/v2\/media?parent=3238"}],"wp:term":[{"taxonomy":"category","embeddable":true,"href":"https:\/\/arnwiesen.net\/wpt\/wp-json\/wp\/v2\/categories?post=3238"},{"taxonomy":"post_tag","embeddable":true,"href":"https:\/\/arnwiesen.net\/wpt\/wp-json\/wp\/v2\/tags?post=3238"}],"curies":[{"name":"wp","href":"https:\/\/api.w.org\/{rel}","templated":true}]}}