{"id":3234,"date":"2002-05-04T21:11:00","date_gmt":"2002-05-04T19:11:00","guid":{"rendered":"https:\/\/arnwiesen.net\/wpt\/?p=3234"},"modified":"2022-07-20T08:26:15","modified_gmt":"2022-07-20T06:26:15","slug":"staffeltriathlon-dissen-2","status":"publish","type":"post","link":"https:\/\/arnwiesen.net\/wpt\/2002\/staffeltriathlon-dissen-2\/","title":{"rendered":"Staffeltriathlon-Dissen"},"content":{"rendered":"\n<p><strong>2-Seen-Lauf-Lengerich und Staffeltriathlon Dissen 2002<\/strong><\/p>\n\n\n\n<p>das Wochenende 4.\/5. Mai war wieder sehr erfolgreich f\u00fcr den TCKJ. Beim 2-Seen-Lauf in Lengerich lief Rosi bis kurz vor dem Stadion gemeinsam mit ihrer st\u00e4rksten Konkurrentin, setzte sich dann schnell ab und gewann Platz 1 in der AK W 40.<\/p>\n\n\n\n<div class=\"wp-block-group is-content-justification-center is-nowrap is-layout-flex wp-container-core-group-is-layout-94bc23d7 wp-block-group-is-layout-flex\">\n<div class=\"wp-block-group is-content-justification-center is-nowrap is-layout-flex wp-container-core-group-is-layout-94bc23d7 wp-block-group-is-layout-flex\"><div class=\"wp-block-image\">\n<figure class=\"aligncenter\"><img decoding=\"async\" src=\"https:\/\/arnwiesen.net\/wpt\/wp-content\/uploads\/2002\/Dissen2002_01.jpg\" alt=\"Image\"\/><\/figure>\n<\/div>\n\n<div class=\"wp-block-image\">\n<figure class=\"aligncenter\"><img decoding=\"async\" src=\"https:\/\/arnwiesen.net\/wpt\/wp-content\/uploads\/2002\/Dissen2002_02.jpg\" alt=\"Image\"\/><\/figure>\n<\/div><\/div>\n<\/div>\n\n\n\n<p>B\u00e4rbel walkte das erste mal \u00fcber 10 km und belegte Platz 2 in der AK W 40 und blieb klar in der ersten H\u00e4lfte der Gesamtwertung. Cossi war mit 23,23 Minuten 6,5 Minuten schneller als der Vierte der AK M 45 und wurde 3. Ludwig erreichte \u00fcber 10 km ausgezeichnete 48,12 Min. Ergebnisse unter\u00a0<a href=\"http:\/\/www.tvhohne.de\/\">www.tvhohne.de<\/a><\/p>\n\n\n\n<!--more-->\n\n\n\n<p>Beim Staffeltriathlon in Dissen am n\u00e4chsten Tag starteten 2 Staffeln des TCKJ. Torsten war nach einer Geburtstagsfeier in der Nacht zuvor besonders frisch und verbesserte sich um 20 Sekunden zum Vorjahr.<br>Cossi war fast 2 Minuten schneller als im Vorjahr und unterbot endlich die Zeit von Daniel aus dem Jahr 99.<\/p>\n\n\n\n<div class=\"wp-block-group is-content-justification-center is-nowrap is-layout-flex wp-container-core-group-is-layout-94bc23d7 wp-block-group-is-layout-flex\"><div class=\"wp-block-image\">\n<figure class=\"aligncenter\"><img decoding=\"async\" src=\"https:\/\/arnwiesen.net\/wpt\/wp-content\/uploads\/2002\/Dissen2002_03.jpg\" alt=\"Image\"\/><\/figure>\n<\/div>\n\n<div class=\"wp-block-image\">\n<figure class=\"aligncenter\"><img decoding=\"async\" src=\"https:\/\/arnwiesen.net\/wpt\/wp-content\/uploads\/2002\/Dissen2002_04.jpg\" alt=\"Image\"\/><\/figure>\n<\/div>\n\n<div class=\"wp-block-image\">\n<figure class=\"aligncenter\"><img decoding=\"async\" src=\"https:\/\/arnwiesen.net\/wpt\/wp-content\/uploads\/2002\/Dissen2002_05.jpg\" alt=\"Image\"\/><\/figure>\n<\/div><\/div>\n\n\n\n<p>Auch Rosi brachte ihre erwartetete Zeit und war noch besser als am Vortag in Lengerich. Das reichte zwar um sich auf dem Treppchen zu platzieren aber nicht um das beste TCKJ-Team des Tages zu sein, denn auch Sylke stellte eine pers\u00f6nliche Bestzeit auf und Bernhard entpuppte sich als Bergspezialist, er war schneller als Cossi und nahm noch kleine Reparaturarbeiten an seinem Fahrrad auf der Radstrecke vor. Auf Platz 1 landete das heimische Tri-Team-Dissen.<\/p>\n\n\n\n<p>Obwohl etwas weniger Teilnehmer am Start waren hatte Konni wieder jede Menge Preise f\u00fcr die Verlosung und die Siegerehrung besorgt. Er und sein Team hatten wieder alles gut im Griff, vielen Dank f\u00fcr die gute Organisation. Neben den Preisen bei der Verlosung : R\u00fccklicht, Sporttasche, Geduldsspiel und bei der Siegerehrung je ein T &#8211; Shirt f\u00fcr Platz 2 und je ein Sonnengel f\u00fcr Platz 3 erhielt der TCKJ ein Ehrenpreis f\u00fcr die 6. Teilnahme beim 6. Staffelwettbewerb: 1 Paket Wurst .<\/p>\n\n\n\n<p>Da strahlte sogar die Sonne.<\/p>\n\n\n\n<figure class=\"wp-block-table\"><table><tbody><tr><td><strong><em>Schwimmen<\/em><\/strong><\/td><td><strong><em>&nbsp;<\/em><\/strong><\/td><td><strong><em>Radfahren<\/em><\/strong><\/td><td><strong><em>&nbsp;<\/em><\/strong><\/td><td><strong><em>Laufen<\/em><\/strong><\/td><td><strong><em>&nbsp;<\/em><\/strong><\/td><td><strong><em>ges<\/em><\/strong><\/td><\/tr><tr><td>Sylke<\/td><td>10,40<\/td><td>Bernhard<\/td><td>49,23<\/td><td>Michael<\/td><td>25,19<\/td><td>1,25,22<\/td><\/tr><tr><td>Torsten<\/td><td>8,20<\/td><td>Cossi<\/td><td>50,34<\/td><td>Rosi<\/td><td>27,52<\/td><td>1,26,46<\/td><\/tr><\/tbody><\/table><\/figure>\n","protected":false},"excerpt":{"rendered":"<p>2-Seen-Lauf-Lengerich und Staffeltriathlon Dissen 2002 das Wochenende 4.\/5. Mai war wieder sehr erfolgreich f\u00fcr den TCKJ. Beim 2-Seen-Lauf in Lengerich lief Rosi bis kurz vor dem Stadion gemeinsam mit ihrer st\u00e4rksten Konkurrentin, setzte sich dann schnell ab und gewann Platz 1 in der AK W 40. B\u00e4rbel walkte das erste mal \u00fcber 10 km und &hellip; <a href=\"https:\/\/arnwiesen.net\/wpt\/2002\/staffeltriathlon-dissen-2\/\" class=\"more-link\"><span class=\"screen-reader-text\">\u201eStaffeltriathlon-Dissen\u201c<\/span> weiterlesen<\/a><\/p>\n","protected":false},"author":5,"featured_media":0,"comment_status":"closed","ping_status":"open","sticky":false,"template":"","format":"standard","meta":{"footnotes":""},"categories":[8],"tags":[196,288,316,292,210],"class_list":["post-3234","post","type-post","status-publish","format-standard","hentry","category-berichte-2002","tag-5km","tag-dissen","tag-lengerich-hohne","tag-staffeltriathlon","tag-volkslauf"],"_links":{"self":[{"href":"https:\/\/arnwiesen.net\/wpt\/wp-json\/wp\/v2\/posts\/3234","targetHints":{"allow":["GET"]}}],"collection":[{"href":"https:\/\/arnwiesen.net\/wpt\/wp-json\/wp\/v2\/posts"}],"about":[{"href":"https:\/\/arnwiesen.net\/wpt\/wp-json\/wp\/v2\/types\/post"}],"author":[{"embeddable":true,"href":"https:\/\/arnwiesen.net\/wpt\/wp-json\/wp\/v2\/users\/5"}],"replies":[{"embeddable":true,"href":"https:\/\/arnwiesen.net\/wpt\/wp-json\/wp\/v2\/comments?post=3234"}],"version-history":[{"count":3,"href":"https:\/\/arnwiesen.net\/wpt\/wp-json\/wp\/v2\/posts\/3234\/revisions"}],"predecessor-version":[{"id":4144,"href":"https:\/\/arnwiesen.net\/wpt\/wp-json\/wp\/v2\/posts\/3234\/revisions\/4144"}],"wp:attachment":[{"href":"https:\/\/arnwiesen.net\/wpt\/wp-json\/wp\/v2\/media?parent=3234"}],"wp:term":[{"taxonomy":"category","embeddable":true,"href":"https:\/\/arnwiesen.net\/wpt\/wp-json\/wp\/v2\/categories?post=3234"},{"taxonomy":"post_tag","embeddable":true,"href":"https:\/\/arnwiesen.net\/wpt\/wp-json\/wp\/v2\/tags?post=3234"}],"curies":[{"name":"wp","href":"https:\/\/api.w.org\/{rel}","templated":true}]}}