{"id":3217,"date":"2003-10-25T21:04:00","date_gmt":"2003-10-25T19:04:00","guid":{"rendered":"https:\/\/arnwiesen.net\/wpt\/?p=3217"},"modified":"2022-07-18T16:28:15","modified_gmt":"2022-07-18T14:28:15","slug":"rtf-jahresrueckblick-2003","status":"publish","type":"post","link":"https:\/\/arnwiesen.net\/wpt\/2003\/rtf-jahresrueckblick-2003\/","title":{"rendered":"RTF Jahresr\u00fcckblick 2003"},"content":{"rendered":"\n<p>9 RadlerInnen mit mindestens 4 Teilahmen bei Radtouren des Bund Deutscher Radfahrer, sowie 6 Eintagsfahrer bildeten dieses Jahr die RTF Gruppe des TCKJ. <\/p>\n\n\n<div class=\"wp-block-image\">\n<figure class=\"aligncenter size-large\"><img decoding=\"async\" src=\"https:\/\/arnwiesen.net\/wpt\/wp-content\/uploads\/2003\/Kervenheim-115-km.jpg\" alt=\"Image\"\/><figcaption>Carola und B\u00e4rbel &#8211; die 115 km von Kervenheim<\/figcaption><\/figure>\n<\/div>\n\n\n<p>Dank der regen Beteiligung kam es zum gr\u00f6\u00dften Erfolg der Vereinsgeschichte mit&nbsp; 5 Pokalsiegen.<\/p>\n\n\n\n<!--more-->\n\n\n\n<p>Am 14. Mai fuhr Carola in D\u00fcsseldorf Oberkassel bei RSC 1912 ihre erste RTF und war gleich an einem \u00dcberraschungssieg beteiligt.<\/p>\n\n\n\n<p>Nach der RTF in Uedem mit 8 TCKJ-lern (siehe Bericht : RTF Uedem) steigerte die Teilnehmerzahl in Duisburg sich auf 11 und so konnten erstmals die Seriensieger Blau-Gelb-Oberhausen und RTC M\u00fclheim bezwungen werden. (siehe Bericht RTF Duisburg)<\/p>\n\n\n<div class=\"wp-block-image\">\n<figure class=\"aligncenter\"><img decoding=\"async\" src=\"https:\/\/arnwiesen.net\/wpt\/wp-content\/uploads\/2003\/koeln_rtf_03.jpg\" alt=\"\"\/><\/figure>\n<\/div>\n\n\n<p>Am 5.Juli war die Trainingsgruppe K\u00f6ln in K\u00f6ln-Chorweiler am Start verst\u00e4rkt mit Thomas E. schafften sie eine sch\u00f6ne Teamleistung, auf 75 km fast einen Schnitt von 28 km\/h. Und erhielten verdient einen sch\u00f6nen blauen Pokal.<\/p>\n\n\n\n<p>7 TCKJ-ler starteten bei der RTF von Delta D\u00fcsseldorf am 12.7.03. Bernd 75 km Thomas W., Joachim und Rolf 46 km. B\u00e4rbel, Carola und Cossi die direkt aus Rommerskirchen geeilt kamen gingen erst um 13.00 Uhr auf die 46 km &#8211; Strecke und erhielten beim Verpflegungspunkt keine Getr\u00e4nke mehr, da die Veranstalter nicht mit \u00fcber 900 Teilnehmern gerechnet haben. Aber rechtzeitig zur Siegerehrung waren alle da und erhielten einen Pokal f\u00fcr Platz 2. Skiclub D\u00fcsseldorf war mal wieder erster.<\/p>\n\n\n\n<p>Am 3. August ging der TCKJ bei der Bezirksmeistersmeisterschaft D\u00fcsseldorf an den Start.<\/p>\n\n\n\n<p>Das Team war fast in der gleichen Besetzung wie in den Vorjahren. Allerdings fehlte Joachim. So konnte der Titel des Bezirksmeisters nicht verteidigt werden. Nach einem hei\u00dfen Kampf (\u00fcber 32 Grad auf der 76 km langen Strecke) mit dem Japanischen Team Comotsu reichte es f\u00fcr Platz 2 hinter dem Skiclub D\u00fcsseldorf. Und wieder kam ein sch\u00f6ner Pokal in den Besitz der TCKJler.<\/p>\n\n\n<div class=\"wp-block-image\">\n<figure class=\"aligncenter\"><img decoding=\"async\" src=\"https:\/\/arnwiesen.net\/wpt\/wp-content\/uploads\/2003\/imm_2003.jpg\" alt=\"Image\"\/><\/figure>\n<\/div>\n\n\n<p>Die bis 2002 f\u00fcr den TCKJ aktiven Birgits sind im April von Mettmann nach Polch gezogen. Jetzt sind sie stolze Besitzerinnen der Gastst\u00e4tte und Pension Gartenklause.<\/p>\n\n\n\n<p>Am Wochenende 18. August fand in Polch in der Eifel eine anspruchsvolle Berg RTF statt, so nutzten einige TCKJ-ler aus Ost und West die Gelegenheit die Birgits zu besuchen.<\/p>\n\n\n\n<p>Atze und J\u00f6rg nutzten die H\u00fcgel hier als Training f\u00fcr ihre Sellerrunde in den Dolomiten, die sie am 7. September bew\u00e4ltigten. Danach war J\u00f6rg so gut in Form, dass er noch mit Hardy eine 174 km Tour von Jena ins Erzgebirge absolvierte.<\/p>\n\n\n\n<p>Am 30. August gelang es B\u00e4rbel und Carola in Kervenheim die 115 km Strecke zur\u00fcckzulegen. Diese Streckenl\u00e4nge hatten vorher aus der Westgruppe nur Cossi und Thomas E. bew\u00e4ltigt.<\/p>\n\n\n<div class=\"wp-block-image\">\n<figure class=\"aligncenter\"><img decoding=\"async\" src=\"https:\/\/arnwiesen.net\/wpt\/wp-content\/uploads\/2003\/Huerth_2003.jpg\" alt=\"Image\"\/><\/figure>\n<\/div>\n\n\n<p>In H\u00fcrth startete Sigrid zu ihrer Jahres RTF und war dabei kaum zu bremsen. Durch einen kleinen Umweg mit B\u00e4rbel und Cossi schaffte sie auf der 73 km langen RTF 80 km.<\/p>\n\n\n<div class=\"wp-block-image\">\n<figure class=\"aligncenter\"><img decoding=\"async\" src=\"https:\/\/arnwiesen.net\/wpt\/wp-content\/uploads\/2003\/Kaarst_2003.jpg\" alt=\"Image\"\/><\/figure>\n<\/div>\n\n\n<p>Die Supersaison wurde mit der RTF Kaarst &#8211; B\u00fcttgen und einem Fischessen bei Heide und J\u00fcrgen beendet.<\/p>\n\n\n\n<p><strong>Hall of Fame<\/strong><\/p>\n\n\n\n<figure class=\"wp-block-table\"><table><tbody><tr><td><strong>Cossi<\/strong><\/td><td><strong>Ralf<\/strong><\/td><td><strong>B\u00e4rbel<\/strong><\/td><td><strong>Thomas E.<\/strong><\/td><td><strong>Bernd<\/strong><\/td><td><strong>Joachim<\/strong><\/td><td><strong>Carola<\/strong><\/td><td><strong>Thomas W.<\/strong><\/td><td><strong>Rolf<\/strong><\/td><td>&nbsp;<\/td><\/tr><tr><td>&nbsp;<\/td><td>&nbsp;<\/td><td>&nbsp;<\/td><td>&nbsp;<\/td><td>&nbsp;<\/td><td>&nbsp;<\/td><td>&nbsp;<\/td><td>&nbsp;<\/td><td>&nbsp;<\/td><td>&nbsp;<\/td><\/tr><tr><td><strong>41 km<\/strong><\/td><td>&nbsp;<\/td><td>&nbsp;<\/td><td>&nbsp;<\/td><td>&nbsp;<\/td><td>&nbsp;<\/td><td>&nbsp;<\/td><td>&nbsp;<\/td><td>&nbsp;<\/td><td>Th\u00f6nisvorst<\/td><\/tr><tr><td><strong>41 km<\/strong><\/td><td><strong>41 km<\/strong><\/td><td><strong>41 km<\/strong><\/td><td>&nbsp;<\/td><td><strong>41 km<\/strong><\/td><td><strong>41 km<\/strong><\/td><td>&nbsp;<\/td><td>&nbsp;<\/td><td>&nbsp;<\/td><td>D&#8217;dorf Wittlaer<\/td><\/tr><tr><td><strong>41 km<\/strong><\/td><td><strong>41 km<\/strong><\/td><td><strong>41 km<\/strong><\/td><td><strong>41 km<\/strong><\/td><td>&nbsp;<\/td><td><strong>41 km<\/strong><\/td><td><strong>41 km<\/strong><\/td><td>&nbsp;<\/td><td>&nbsp;<\/td><td>D&#8217;dorf Oberk.<\/td><\/tr><tr><td><strong>71 km<\/strong><\/td><td><strong>71 km<\/strong><\/td><td><strong>71 km<\/strong><\/td><td><strong>71 km<\/strong><\/td><td>&nbsp;<\/td><td>&nbsp;<\/td><td>&nbsp;<\/td><td>&nbsp;<\/td><td>&nbsp;<\/td><td>Orsoy<\/td><\/tr><tr><td>&nbsp;<\/td><td>&nbsp;<\/td><td>&nbsp;<\/td><td>&nbsp;<\/td><td>&nbsp;<\/td><td><strong>41 km<\/strong><\/td><td><strong>41 km<\/strong><\/td><td>&nbsp;<\/td><td>&nbsp;<\/td><td>Issum<\/td><\/tr><tr><td>&nbsp;<\/td><td>&nbsp;<\/td><td>&nbsp;<\/td><td>&nbsp;<\/td><td>&nbsp;<\/td><td>&nbsp;<\/td><td>&nbsp;<\/td><td><strong>71 km<\/strong><\/td><td>&nbsp;<\/td><td>Gelsenkirchen<\/td><\/tr><tr><td><strong>111 km<\/strong><\/td><td><strong>71 km<\/strong><\/td><td><strong>71 km<\/strong><\/td><td><strong>111 km<\/strong><\/td><td><strong>71 km<\/strong><\/td><td><strong>71 km<\/strong><\/td><td><strong>71 km<\/strong><\/td><td><strong>71 km<\/strong><\/td><td>&nbsp;<\/td><td>Uedem<\/td><\/tr><tr><td><strong>71 km<\/strong><\/td><td><strong>71 km<\/strong><\/td><td><strong>71 km<\/strong><\/td><td>&nbsp;<\/td><td><strong>71 km<\/strong><\/td><td><strong>71 km<\/strong><\/td><td>&nbsp;<\/td><td><strong>41 km<\/strong><\/td><td><strong>71 km<\/strong><\/td><td>Duisburg<\/td><\/tr><tr><td><strong>71 km<\/strong><\/td><td><strong>71 km<\/strong><\/td><td>&nbsp;<\/td><td><strong>71 km<\/strong><\/td><td>&nbsp;<\/td><td>&nbsp;<\/td><td>&nbsp;<\/td><td>&nbsp;<\/td><td>&nbsp;<\/td><td>K\u00f6ln<\/td><\/tr><tr><td><strong>41 km<\/strong><\/td><td><strong>41 km<\/strong><\/td><td><strong>41 km<\/strong><\/td><td>&nbsp;<\/td><td>&nbsp;<\/td><td><strong>41 km<\/strong><\/td><td><strong>41 km<\/strong><\/td><td>&nbsp;<\/td><td>&nbsp;<\/td><td>Dinslaken<\/td><\/tr><tr><td><strong>41 km<\/strong><\/td><td>&nbsp;<\/td><td><strong>41 km<\/strong><\/td><td>&nbsp;<\/td><td><strong>71 km<\/strong><\/td><td><strong>41 km<\/strong><\/td><td><strong>41 km<\/strong><\/td><td><strong>41 km<\/strong><\/td><td><strong>41 km<\/strong><\/td><td>D&#8217;dorf Delta<\/td><\/tr><tr><td><strong>71 km<\/strong><\/td><td><strong>71 km<\/strong><\/td><td><strong>71 km<\/strong><\/td><td>&nbsp;<\/td><td><strong>71 km<\/strong><\/td><td>&nbsp;<\/td><td>&nbsp;<\/td><td>&nbsp;<\/td><td>&nbsp;<\/td><td>D&#8217;dorf Bez.<\/td><\/tr><tr><td><strong>111 km<\/strong><\/td><td><strong>71 km<\/strong><\/td><td><strong>41 km<\/strong><\/td><td><strong>71 km<\/strong><\/td><td>&nbsp;<\/td><td>&nbsp;<\/td><td><strong>41 km<\/strong><\/td><td>&nbsp;<\/td><td>&nbsp;<\/td><td>Polch<\/td><\/tr><tr><td><strong>111 km<\/strong><\/td><td><strong>71 km<\/strong><\/td><td>&nbsp;<\/td><td><strong>111 km<\/strong><\/td><td><strong>71 km<\/strong><\/td><td>&nbsp;<\/td><td>&nbsp;<\/td><td>&nbsp;<\/td><td>&nbsp;<\/td><td>Oberhausen<\/td><\/tr><tr><td><strong>111 km<\/strong><\/td><td>&nbsp;<\/td><td><strong>111 km<\/strong><\/td><td>&nbsp;<\/td><td>&nbsp;<\/td><td>&nbsp;<\/td><td><strong>111 km<\/strong><\/td><td>&nbsp;<\/td><td>&nbsp;<\/td><td>Kervenheim<\/td><\/tr><tr><td><strong>71 km<\/strong><\/td><td><strong>71 km<\/strong><\/td><td><strong>71 km<\/strong><\/td><td>&nbsp;<\/td><td>&nbsp;<\/td><td>&nbsp;<\/td><td>&nbsp;<\/td><td>&nbsp;<\/td><td>&nbsp;<\/td><td>H\u00fcrth<\/td><\/tr><tr><td>&nbsp;<\/td><td>&nbsp;<\/td><td>&nbsp;<\/td><td><strong>71 km<\/strong><\/td><td>&nbsp;<\/td><td>&nbsp;<\/td><td>&nbsp;<\/td><td>&nbsp;<\/td><td>&nbsp;<\/td><td>D&#8217;dorf Unter.<\/td><\/tr><tr><td>&nbsp;<\/td><td><strong>71 km<\/strong><\/td><td>&nbsp;<\/td><td><strong>71 km<\/strong><\/td><td><strong>41 km<\/strong><\/td><td><strong>71 km<\/strong><\/td><td>&nbsp;<\/td><td>&nbsp;<\/td><td><strong>71 km<\/strong><\/td><td>Krefeld<\/td><\/tr><tr><td><strong>41 km<\/strong><\/td><td>&nbsp;<\/td><td>&nbsp;<\/td><td>&nbsp;<\/td><td>&nbsp;<\/td><td>&nbsp;<\/td><td>&nbsp;<\/td><td>&nbsp;<\/td><td>&nbsp;<\/td><td>Gelsenk. &#8211; Erle<\/td><\/tr><tr><td><strong>111 km<\/strong><\/td><td><strong>71 km<\/strong><\/td><td><strong>71 km<\/strong><\/td><td><strong>111 km<\/strong><\/td><td><strong>71 km<\/strong><\/td><td><strong>71 km<\/strong><\/td><td><strong>71 km<\/strong><\/td><td><strong>71 km<\/strong><\/td><td><strong>41 km<\/strong><\/td><td>Kaarst<\/td><\/tr><tr><td>&nbsp;<\/td><td>&nbsp;<\/td><td>&nbsp;<\/td><td>&nbsp;<\/td><td>&nbsp;<\/td><td>&nbsp;<\/td><td>&nbsp;<\/td><td>&nbsp;<\/td><td>&nbsp;<\/td><td>&nbsp;<\/td><\/tr><tr><td>31<\/td><td>23<\/td><td>20<\/td><td>20<\/td><td>14<\/td><td>13<\/td><td>12<\/td><td>8<\/td><td>6<\/td><td>&nbsp;<\/td><\/tr><tr><td>&nbsp;<\/td><td>&nbsp;<\/td><td>&nbsp;<\/td><td>&nbsp;<\/td><td>&nbsp;<\/td><td>&nbsp;<\/td><td>&nbsp;<\/td><td>&nbsp;<\/td><td>&nbsp;<\/td><td>&nbsp;<\/td><\/tr><\/tbody><\/table><\/figure>\n","protected":false},"excerpt":{"rendered":"<p>9 RadlerInnen mit mindestens 4 Teilahmen bei Radtouren des Bund Deutscher Radfahrer, sowie 6 Eintagsfahrer bildeten dieses Jahr die RTF Gruppe des TCKJ. Dank der regen Beteiligung kam es zum gr\u00f6\u00dften Erfolg der Vereinsgeschichte mit&nbsp; 5 Pokalsiegen.<\/p>\n","protected":false},"author":5,"featured_media":0,"comment_status":"closed","ping_status":"open","sticky":false,"template":"","format":"standard","meta":{"footnotes":""},"categories":[9],"tags":[237,313,312,310,311,127,309],"class_list":["post-3217","post","type-post","status-publish","format-standard","hentry","category-berichte-2003","tag-duesseldorf-oberkassel","tag-kaarst-buettgen","tag-kervenheim","tag-koeln-chorweiler","tag-polch","tag-rtf","tag-uedem"],"_links":{"self":[{"href":"https:\/\/arnwiesen.net\/wpt\/wp-json\/wp\/v2\/posts\/3217","targetHints":{"allow":["GET"]}}],"collection":[{"href":"https:\/\/arnwiesen.net\/wpt\/wp-json\/wp\/v2\/posts"}],"about":[{"href":"https:\/\/arnwiesen.net\/wpt\/wp-json\/wp\/v2\/types\/post"}],"author":[{"embeddable":true,"href":"https:\/\/arnwiesen.net\/wpt\/wp-json\/wp\/v2\/users\/5"}],"replies":[{"embeddable":true,"href":"https:\/\/arnwiesen.net\/wpt\/wp-json\/wp\/v2\/comments?post=3217"}],"version-history":[{"count":3,"href":"https:\/\/arnwiesen.net\/wpt\/wp-json\/wp\/v2\/posts\/3217\/revisions"}],"predecessor-version":[{"id":4034,"href":"https:\/\/arnwiesen.net\/wpt\/wp-json\/wp\/v2\/posts\/3217\/revisions\/4034"}],"wp:attachment":[{"href":"https:\/\/arnwiesen.net\/wpt\/wp-json\/wp\/v2\/media?parent=3217"}],"wp:term":[{"taxonomy":"category","embeddable":true,"href":"https:\/\/arnwiesen.net\/wpt\/wp-json\/wp\/v2\/categories?post=3217"},{"taxonomy":"post_tag","embeddable":true,"href":"https:\/\/arnwiesen.net\/wpt\/wp-json\/wp\/v2\/tags?post=3217"}],"curies":[{"name":"wp","href":"https:\/\/api.w.org\/{rel}","templated":true}]}}