{"id":3215,"date":"2003-10-18T21:02:00","date_gmt":"2003-10-18T19:02:00","guid":{"rendered":"https:\/\/arnwiesen.net\/wpt\/?p=3215"},"modified":"2022-07-18T16:33:47","modified_gmt":"2022-07-18T14:33:47","slug":"27-kernberglauf-jena","status":"publish","type":"post","link":"https:\/\/arnwiesen.net\/wpt\/2003\/27-kernberglauf-jena\/","title":{"rendered":"27. Kernberglauf Jena"},"content":{"rendered":"\n<p><a href=\"https:\/\/www.jaronline.de\/tckj\/index.php\/berichte-2003\/81-kernberglauf-2003#\">\u00a0<\/a>Am 18.10.2003 nahmen 6 TCKJ&#8217;ler am Kernberglauf in Jena teil. Gleichzeitig wanderten weitere 7 TCKJ&#8217;ler 10 km \u00fcber die Kernberge. Dabei richtete Frank es so ein, dass er mit &#8222;seinen&#8220; 6 Frauen rechtzeitig vor den L\u00e4ufern kurz vor dem h\u00f6chsten Anstieg war und so diese anfeuern konnte.<\/p>\n\n\n<div class=\"wp-block-image\">\n<figure class=\"aligncenter size-large\"><img decoding=\"async\" src=\"https:\/\/arnwiesen.net\/wpt\/wp-content\/uploads\/2003\/Kernberglauf-2003.jpg\" alt=\"Image\"\/><figcaption>Eine starke Teilnahme des TCKJ<\/figcaption><\/figure>\n<\/div>\n\n\n<p>In der Mannschaftswertung wurde das Team des TCKJ 19.<\/p>\n\n\n\n<!--more-->\n\n\n<div class=\"wp-block-image\">\n<figure class=\"aligncenter\"><img decoding=\"async\" src=\"https:\/\/arnwiesen.net\/wpt\/wp-content\/uploads\/2003\/Kernberg2003_1.jpg\" alt=\"Image\"\/><\/figure>\n<\/div>\n\n\n<p>Nach den Anstrengungen des vormittags entspannten sich alle in der Saunalandschaft des Galax Sea. Abends wurden bei Heike und J\u00f6rg die Erfolge des Tages begossen.<br><br>Am n\u00e4chsten Tag wurde als Kulturprogramm Jena besichtigt. Zum Abschluss wurden im Literatencaf\u00e9 die Erlebnisse des Wocheendes verarbeitet.<\/p>\n\n\n<div class=\"wp-block-image\">\n<figure class=\"aligncenter\"><img decoding=\"async\" src=\"https:\/\/arnwiesen.net\/wpt\/wp-content\/uploads\/2003\/Kernberg2003_2.jpg\" alt=\"Image\"\/><\/figure>\n<\/div>\n\n\n<p>Vielen Dank\u00a0 bei Heike und J\u00f6rg f\u00fcr die nette Unterbringung.<\/p>\n\n\n\n<p>Atze und Willi haben eine Statistik aller Teilnahmen von TCKJ&#8217;lern angefertigt.<\/p>\n\n\n\n<p>Teilnahmen an den einzelnen Strecken<\/p>\n\n\n\n<figure class=\"wp-block-table\"><table><thead><tr><th>Zeit<\/th><th>Starter<\/th><th>Jahrg.<\/th><th>Verein<\/th><th>Datum<\/th><th>Platz<\/th><th>AK<\/th><\/tr><\/thead><tbody><tr><td><strong>4,6 km<\/strong><\/td><td>&nbsp;<\/td><td>&nbsp;<\/td><td>&nbsp;<\/td><td>&nbsp;<\/td><td>&nbsp;<\/td><td>&nbsp;<\/td><\/tr><tr><td>00:31:04<\/td><td>Selle, Laura<\/td><td>89<\/td><td>Jena<\/td><td>18.10.2002<\/td><td>53<\/td><td>wS B<\/td><\/tr><tr><td>&nbsp;<\/td><td>&nbsp;<\/td><td>&nbsp;<\/td><td>&nbsp;<\/td><td>&nbsp;<\/td><td>&nbsp;<\/td><td>&nbsp;<\/td><\/tr><tr><td><strong>13 km<\/strong><\/td><td>&nbsp;<\/td><td>&nbsp;<\/td><td>&nbsp;<\/td><td>&nbsp;<\/td><td>&nbsp;<\/td><td>&nbsp;<\/td><\/tr><tr><td>01:00:29<\/td><td>Unger, Ulrich<\/td><td>59<\/td><td>TC K\u00f6ln Jena<\/td><td>1993<\/td><td>52<\/td><td>M30<\/td><\/tr><tr><td>01:03:54<\/td><td>Schubert, J\u00f6rg<\/td><td>59<\/td><td>TC K\u00f6ln Jena<\/td><td>1993<\/td><td>72<\/td><td>M30<\/td><\/tr><tr><td>01:14:59<\/td><td>Selle, Michael<\/td><td>57<\/td><td>Jena<\/td><td>1992<\/td><td>96<\/td><td>M35<\/td><\/tr><tr><td>&nbsp;<\/td><td>&nbsp;<\/td><td>&nbsp;<\/td><td>&nbsp;<\/td><td>&nbsp;<\/td><td>&nbsp;<\/td><td>&nbsp;<\/td><\/tr><tr><td><strong>15 km<\/strong><\/td><td>&nbsp;<\/td><td>&nbsp;<\/td><td>&nbsp;<\/td><td>&nbsp;<\/td><td>&nbsp;<\/td><td>&nbsp;<\/td><\/tr><tr><td>01:13:51<\/td><td>St\u00f6ckel, Arnd<\/td><td>62<\/td><td>USV Jena OL<\/td><td>1999<\/td><td>179<\/td><td>M35<\/td><\/tr><tr><td>01:13:59<\/td><td>Unger, Ulrich<\/td><td>59<\/td><td>TC K\u00f6ln Jena<\/td><td>19.10.2002<\/td><td>182<\/td><td>M40<\/td><\/tr><tr><td>01:14:53<\/td><td>St\u00f6ckel, Arnd<\/td><td>62<\/td><td>USV Jena OL<\/td><td>21.10.2000<\/td><td>179<\/td><td>M35<\/td><\/tr><tr><td>01:16:04<\/td><td>Unger, Ulrich<\/td><td>59<\/td><td>TC K\u00f6ln Jena<\/td><td>18.10.2003<\/td><td>212<\/td><td>M40<\/td><\/tr><tr><td>01:20:47<\/td><td>Schubert, J\u00f6rg<\/td><td>59<\/td><td>TC K\u00f6ln Jena<\/td><td>18.10.2003<\/td><td>318<\/td><td>M40<\/td><\/tr><tr><td>01:23:39<\/td><td>Cossmann, Michael<\/td><td>56<\/td><td>TC K\u00f6ln Jena<\/td><td>1998<\/td><td>265<\/td><td>M40<\/td><\/tr><tr><td>01:23:51<\/td><td>Selle, Michael<\/td><td>57<\/td><td>Jena<\/td><td>20.10.2001<\/td><td>423<\/td><td>M40<\/td><\/tr><tr><td>01:25:50<\/td><td>Cossmann, Michael<\/td><td>56<\/td><td>TC K\u00f6ln Jena<\/td><td>18.10.2003<\/td><td>424<\/td><td>M45<\/td><\/tr><tr><td>01:26:00<\/td><td>Selle, Michael<\/td><td>57<\/td><td>Jena<\/td><td>19.10.2002<\/td><td>433<\/td><td>M45<\/td><\/tr><tr><td>01:26:40<\/td><td>Selle, Michael<\/td><td>57<\/td><td>TC K\u00f6ln Jena<\/td><td>18.10.2003<\/td><td>445<\/td><td>M45<\/td><\/tr><tr><td>01:26:49<\/td><td>Hornhauer, Henry<\/td><td>61<\/td><td>TC K\u00f6ln Jena<\/td><td>1998<\/td><td>306<\/td><td>M35<\/td><\/tr><tr><td>01:27:17<\/td><td>Hornhauer, Henry<\/td><td>61<\/td><td>TC K\u00f6ln Jena<\/td><td>18.10.2003<\/td><td>459<\/td><td>M40<\/td><\/tr><tr><td>01:44:03<\/td><td>Knetsch, Wieland<\/td><td>58<\/td><td>TC K\u00f6ln Jena<\/td><td>18.10.2003<\/td><td>668<\/td><td>M45<\/td><\/tr><tr><td>01:49:33<\/td><td>Knetsch, Wieland<\/td><td>58<\/td><td>M\u00fcnchen<\/td><td>19.10.2002<\/td><td>668<\/td><td>M40<\/td><\/tr><tr><td>&nbsp;<\/td><td>&nbsp;<\/td><td>&nbsp;<\/td><td>&nbsp;<\/td><td>&nbsp;<\/td><td>&nbsp;<\/td><td>&nbsp;<\/td><\/tr><tr><td><strong>25 km<\/strong><\/td><td>&nbsp;<\/td><td>&nbsp;<\/td><td>&nbsp;<\/td><td>&nbsp;<\/td><td>&nbsp;<\/td><td>&nbsp;<\/td><\/tr><tr><td>02:14:20<\/td><td>Selle, Michael<\/td><td>57<\/td><td>Jena<\/td><td>1990<\/td><td>265<\/td><td>M33-39<\/td><\/tr><tr><td>02:21:34<\/td><td>Selle, Michael<\/td><td>57<\/td><td>Jena<\/td><td>1989<\/td><td>492<\/td><td>M18-32<\/td><\/tr><\/tbody><\/table><\/figure>\n\n\n\n<figure class=\"wp-block-table\"><table><thead><tr><th>Starter<\/th><th>Teilnahme<\/th><\/tr><\/thead><tbody><tr><td>Selle, Michael<\/td><td>1989 | 1990 | 1992 | 2001 | 2002 | 2003<\/td><\/tr><tr><td>Unger, Ulrich<\/td><td>1993 | 1998 | 2002 | 2003<\/td><\/tr><tr><td>Schubert, J\u00f6rg<\/td><td>1993 | 1998 | 2003<\/td><\/tr><tr><td>St\u00f6ckel, Arnd<\/td><td>1999 | 2000<\/td><\/tr><tr><td>Cossmann, Michael<\/td><td>1998 | 2003<\/td><\/tr><tr><td>Hornhauer, Henry<\/td><td>1998 | 2003<\/td><\/tr><tr><td>Knetsch, Wieland<\/td><td>2002 | 2003<\/td><\/tr><tr><td>Selle, Laura<\/td><td>2002<\/td><\/tr><\/tbody><\/table><figcaption>Anzahl der Teilnahmen<\/figcaption><\/figure>\n","protected":false},"excerpt":{"rendered":"<p>\u00a0Am 18.10.2003 nahmen 6 TCKJ&#8217;ler am Kernberglauf in Jena teil. Gleichzeitig wanderten weitere 7 TCKJ&#8217;ler 10 km \u00fcber die Kernberge. Dabei richtete Frank es so ein, dass er mit &#8222;seinen&#8220; 6 Frauen rechtzeitig vor den L\u00e4ufern kurz vor dem h\u00f6chsten Anstieg war und so diese anfeuern konnte. In der Mannschaftswertung wurde das Team des TCKJ &hellip; <a href=\"https:\/\/arnwiesen.net\/wpt\/2003\/27-kernberglauf-jena\/\" class=\"more-link\"><span class=\"screen-reader-text\">\u201e27. Kernberglauf Jena\u201c<\/span> weiterlesen<\/a><\/p>\n","protected":false},"author":5,"featured_media":0,"comment_status":"closed","ping_status":"open","sticky":false,"template":"","format":"standard","meta":{"footnotes":""},"categories":[9],"tags":[125,150,123,149],"class_list":["post-3215","post","type-post","status-publish","format-standard","hentry","category-berichte-2003","tag-10km","tag-crosslauf","tag-halbmarathon","tag-kernberglauf"],"_links":{"self":[{"href":"https:\/\/arnwiesen.net\/wpt\/wp-json\/wp\/v2\/posts\/3215","targetHints":{"allow":["GET"]}}],"collection":[{"href":"https:\/\/arnwiesen.net\/wpt\/wp-json\/wp\/v2\/posts"}],"about":[{"href":"https:\/\/arnwiesen.net\/wpt\/wp-json\/wp\/v2\/types\/post"}],"author":[{"embeddable":true,"href":"https:\/\/arnwiesen.net\/wpt\/wp-json\/wp\/v2\/users\/5"}],"replies":[{"embeddable":true,"href":"https:\/\/arnwiesen.net\/wpt\/wp-json\/wp\/v2\/comments?post=3215"}],"version-history":[{"count":2,"href":"https:\/\/arnwiesen.net\/wpt\/wp-json\/wp\/v2\/posts\/3215\/revisions"}],"predecessor-version":[{"id":4036,"href":"https:\/\/arnwiesen.net\/wpt\/wp-json\/wp\/v2\/posts\/3215\/revisions\/4036"}],"wp:attachment":[{"href":"https:\/\/arnwiesen.net\/wpt\/wp-json\/wp\/v2\/media?parent=3215"}],"wp:term":[{"taxonomy":"category","embeddable":true,"href":"https:\/\/arnwiesen.net\/wpt\/wp-json\/wp\/v2\/categories?post=3215"},{"taxonomy":"post_tag","embeddable":true,"href":"https:\/\/arnwiesen.net\/wpt\/wp-json\/wp\/v2\/tags?post=3215"}],"curies":[{"name":"wp","href":"https:\/\/api.w.org\/{rel}","templated":true}]}}