{"id":3196,"date":"2004-05-23T20:54:00","date_gmt":"2004-05-23T18:54:00","guid":{"rendered":"https:\/\/arnwiesen.net\/wpt\/?p=3196"},"modified":"2022-07-18T11:43:04","modified_gmt":"2022-07-18T09:43:04","slug":"triathlon-in-dissen","status":"publish","type":"post","link":"https:\/\/arnwiesen.net\/wpt\/2004\/triathlon-in-dissen\/","title":{"rendered":"Triathlon in Dissen"},"content":{"rendered":"\n<p><strong>Am 23.5.04 zeigten die 9 aktiven TCKJ&#8217;ler beim Triathlon in Dissen wieder gro\u00dfen Sport.<\/strong><\/p>\n\n\n\n<p><strong>Staffel TCKJ I<\/strong><\/p>\n\n\n<div class=\"wp-block-image\">\n<figure class=\"aligncenter size-full\"><img loading=\"lazy\" decoding=\"async\" width=\"480\" height=\"249\" src=\"https:\/\/arnwiesen.net\/wpt\/wp-content\/uploads\/2004\/dissen-Team-mit-Andrea-und-Ludwig.jpg\" alt=\"\" class=\"wp-image-2147\" srcset=\"https:\/\/arnwiesen.net\/wpt\/wp-content\/uploads\/2004\/dissen-Team-mit-Andrea-und-Ludwig.jpg 480w, https:\/\/arnwiesen.net\/wpt\/wp-content\/uploads\/2004\/dissen-Team-mit-Andrea-und-Ludwig-300x156.jpg 300w\" sizes=\"auto, (max-width: 480px) 85vw, 480px\" \/><\/figure>\n<\/div>\n\n\n<p>Der von Bernhard neu mitgebrachte Andreas stellte \u00fcber 500 m in 7:32 Minuten neuen TCKJ-Rekord auf. Bernhard schaffte trotz Reparaturarbeiten pers\u00f6nliche Bestzeit auf der Radstrecke. Isabell erzielte die zweitbeste TCKJ-Lauf-Zeit in der 8-j\u00e4hrigen TCKJ-Geschichte in Dissen. Insgesamt ist TCKJ I 2004 die drittbeste TCKJ &#8211; Staffel aller Zeiten.<\/p>\n\n\n\n<p><strong>Staffel TCKJ II<\/strong><\/p>\n\n\n<div class=\"wp-block-image\">\n<figure class=\"aligncenter size-full\"><img loading=\"lazy\" decoding=\"async\" width=\"480\" height=\"229\" src=\"https:\/\/arnwiesen.net\/wpt\/wp-content\/uploads\/2004\/dissen-Team-2.jpg\" alt=\"\" class=\"wp-image-2146\" srcset=\"https:\/\/arnwiesen.net\/wpt\/wp-content\/uploads\/2004\/dissen-Team-2.jpg 480w, https:\/\/arnwiesen.net\/wpt\/wp-content\/uploads\/2004\/dissen-Team-2-300x143.jpg 300w\" sizes=\"auto, (max-width: 480px) 85vw, 480px\" \/><\/figure>\n<\/div>\n\n\n<p>Torsten kn\u00fcpfte wieder an alte Zeiten an und verbesserte sich um 1 Minute zum Vorjahr. Ralf gab auf der anspruchsvollen h\u00fcgeligen Radstrecke sein Debut beim Staffeltriathlon. Rosi erreichte bei ihrem 7. Start in Dissen ihre zweitbeste Zeit. Diese tollen Leistungen reichten leider nur zu Platz 6 + 7 wurden aber mit Sachpreisen (Fahrradflaschen, Schl\u00fcsselanh\u00e4nger etc.) belohnt.<\/p>\n\n\n\n<figure class=\"wp-block-table\"><table><tbody><tr><td><strong>&nbsp;<\/strong><\/td><td><strong>schwimmen<\/strong><\/td><td><strong>radfahren&nbsp;<\/strong><\/td><td><strong>laufen&nbsp;<\/strong><\/td><td><strong>gesamt&nbsp;<\/strong><\/td><\/tr><tr><td>Burkhard Diekriede<\/td><td>0:11:45<\/td><td>0:52:00<\/td><td>0:23:41<\/td><td>1:27:26<\/td><\/tr><tr><td>Ludwig Unnerstall<\/td><td>0:11:35<\/td><td>0:52:07<\/td><td>0:24:23<\/td><td>1:28:05<\/td><\/tr><tr><td>Michael Co\u00dfmann<\/td><td>0:11:45<\/td><td>0:51:35<\/td><td>0:25:57<\/td><td>1:29:17<\/td><\/tr><tr><td>&nbsp;<\/td><td>&nbsp;<\/td><td>&nbsp;<\/td><td>&nbsp;<\/td><td>&nbsp;<\/td><\/tr><tr><td><strong>TCKJ I<\/strong><\/td><td><\/td><td><\/td><td><\/td><td><strong>1:21:14<\/strong><\/td><\/tr><tr><td>Andreas Wiecher<\/td><td>0:07:32<\/td><td>&nbsp;<\/td><td>&nbsp;<\/td><td>&nbsp;<\/td><\/tr><tr><td>Bernhard Hehmann<\/td><td>&nbsp;<\/td><td>0:48:58<\/td><td>&nbsp;<\/td><td>&nbsp;<\/td><\/tr><tr><td>Isabell Jurczyk<\/td><td>&nbsp;<\/td><td>&nbsp;<\/td><td>0:24:44<\/td><td>&nbsp;<\/td><\/tr><tr><td>&nbsp;<\/td><td>&nbsp;<\/td><td>&nbsp;<\/td><td>&nbsp;<\/td><td><strong>1:21:14<\/strong><\/td><\/tr><tr><td>&nbsp;<\/td><td>&nbsp;<\/td><td>&nbsp;<\/td><td>&nbsp;<\/td><td>&nbsp;<\/td><\/tr><tr><td><strong>TCKJ II<\/strong><\/td><td><\/td><td><\/td><td><\/td><td><strong>1:30:51<\/strong><\/td><\/tr><tr><td>Torsten Otte-Witte<\/td><td>0:08:56<\/td><td>&nbsp;<\/td><td>&nbsp;<\/td><td>&nbsp;<\/td><\/tr><tr><td>Ralf Urbach<\/td><td>&nbsp;<\/td><td>0:54:08<\/td><td>&nbsp;<\/td><td>&nbsp;<\/td><\/tr><tr><td>Rosemarie Jaroschek<\/td><td>&nbsp;<\/td><td>&nbsp;<\/td><td>0:27:47<\/td><td>&nbsp;<\/td><\/tr><tr><td>&nbsp;<\/td><td>&nbsp;<\/td><td>&nbsp;<\/td><td>&nbsp;<\/td><td><strong>1:30:51<\/strong><\/td><\/tr><\/tbody><\/table><\/figure>\n\n\n\n<p>Burkhard, Ludwig und Cossi absolvierten den kompletten Triathlon. Nach Synchronschwimmen und &#8222;Gruppenradtour&#8220; ohne Windschattenfahren fiel die Entscheidung erst beim Laufen. Hier setzte sich der Leichteste mit dem gr\u00f6\u00dften privaten Fanclub (seine Familie) durch : Burkhard Beim gem\u00fctlichen Kuchenessen und der obligatorischen Verlosung mit wertvollen Preisen (Brustbeutel f\u00fcr Torsten) endete die Veranstaltung unter Konny&#8217;s Leitung wie immer sehr harmonisch.<\/p>\n\n\n\n<p><strong>Unsere Einzelk\u00e4mpfer<\/strong><\/p>\n\n\n\n<div class=\"wp-block-group is-content-justification-center is-nowrap is-layout-flex wp-container-core-group-is-layout-94bc23d7 wp-block-group-is-layout-flex\"><div class=\"wp-block-image\">\n<figure class=\"aligncenter size-full\"><img loading=\"lazy\" decoding=\"async\" width=\"232\" height=\"400\" src=\"https:\/\/arnwiesen.net\/wpt\/wp-content\/uploads\/2004\/dissen-Cossi-wechselt.jpg\" alt=\"\" class=\"wp-image-2143\" srcset=\"https:\/\/arnwiesen.net\/wpt\/wp-content\/uploads\/2004\/dissen-Cossi-wechselt.jpg 232w, https:\/\/arnwiesen.net\/wpt\/wp-content\/uploads\/2004\/dissen-Cossi-wechselt-174x300.jpg 174w\" sizes=\"auto, (max-width: 232px) 85vw, 232px\" \/><figcaption>Cossi<\/figcaption><\/figure>\n<\/div>\n\n\n<figure class=\"wp-block-image size-full\"><img loading=\"lazy\" decoding=\"async\" width=\"277\" height=\"400\" src=\"https:\/\/arnwiesen.net\/wpt\/wp-content\/uploads\/2004\/dissen-Burkhard-wechselt.jpg\" alt=\"\" class=\"wp-image-2142\" srcset=\"https:\/\/arnwiesen.net\/wpt\/wp-content\/uploads\/2004\/dissen-Burkhard-wechselt.jpg 277w, https:\/\/arnwiesen.net\/wpt\/wp-content\/uploads\/2004\/dissen-Burkhard-wechselt-208x300.jpg 208w\" sizes=\"auto, (max-width: 277px) 85vw, 277px\" \/><figcaption>Burkhard<\/figcaption><\/figure>\n<\/div>\n","protected":false},"excerpt":{"rendered":"<p>Am 23.5.04 zeigten die 9 aktiven TCKJ&#8217;ler beim Triathlon in Dissen wieder gro\u00dfen Sport. Staffel TCKJ I Der von Bernhard neu mitgebrachte Andreas stellte \u00fcber 500 m in 7:32 Minuten neuen TCKJ-Rekord auf. Bernhard schaffte trotz Reparaturarbeiten pers\u00f6nliche Bestzeit auf der Radstrecke. Isabell erzielte die zweitbeste TCKJ-Lauf-Zeit in der 8-j\u00e4hrigen TCKJ-Geschichte in Dissen. Insgesamt ist &hellip; <a href=\"https:\/\/arnwiesen.net\/wpt\/2004\/triathlon-in-dissen\/\" class=\"more-link\"><span class=\"screen-reader-text\">\u201eTriathlon in Dissen\u201c<\/span> weiterlesen<\/a><\/p>\n","protected":false},"author":5,"featured_media":0,"comment_status":"closed","ping_status":"open","sticky":false,"template":"","format":"standard","meta":{"footnotes":""},"categories":[10],"tags":[288,292,136,141],"class_list":["post-3196","post","type-post","status-publish","format-standard","hentry","category-berichte-2004","tag-dissen","tag-staffeltriathlon","tag-triathlon","tag-volkstriathlon"],"_links":{"self":[{"href":"https:\/\/arnwiesen.net\/wpt\/wp-json\/wp\/v2\/posts\/3196","targetHints":{"allow":["GET"]}}],"collection":[{"href":"https:\/\/arnwiesen.net\/wpt\/wp-json\/wp\/v2\/posts"}],"about":[{"href":"https:\/\/arnwiesen.net\/wpt\/wp-json\/wp\/v2\/types\/post"}],"author":[{"embeddable":true,"href":"https:\/\/arnwiesen.net\/wpt\/wp-json\/wp\/v2\/users\/5"}],"replies":[{"embeddable":true,"href":"https:\/\/arnwiesen.net\/wpt\/wp-json\/wp\/v2\/comments?post=3196"}],"version-history":[{"count":2,"href":"https:\/\/arnwiesen.net\/wpt\/wp-json\/wp\/v2\/posts\/3196\/revisions"}],"predecessor-version":[{"id":4015,"href":"https:\/\/arnwiesen.net\/wpt\/wp-json\/wp\/v2\/posts\/3196\/revisions\/4015"}],"wp:attachment":[{"href":"https:\/\/arnwiesen.net\/wpt\/wp-json\/wp\/v2\/media?parent=3196"}],"wp:term":[{"taxonomy":"category","embeddable":true,"href":"https:\/\/arnwiesen.net\/wpt\/wp-json\/wp\/v2\/categories?post=3196"},{"taxonomy":"post_tag","embeddable":true,"href":"https:\/\/arnwiesen.net\/wpt\/wp-json\/wp\/v2\/tags?post=3196"}],"curies":[{"name":"wp","href":"https:\/\/api.w.org\/{rel}","templated":true}]}}