{"id":3186,"date":"2004-07-10T20:49:00","date_gmt":"2004-07-10T18:49:00","guid":{"rendered":"https:\/\/arnwiesen.net\/wpt\/?p=3186"},"modified":"2022-07-18T11:34:35","modified_gmt":"2022-07-18T09:34:35","slug":"16-jenaer-duathlon","status":"publish","type":"post","link":"https:\/\/arnwiesen.net\/wpt\/2004\/16-jenaer-duathlon\/","title":{"rendered":"16. Jenaer Duathlon"},"content":{"rendered":"\n<p>Am Sonntag nahmen Uli (Atze), Cossi und J\u00f6rg am Duathlon in Jena teil.<\/p>\n\n\n\n<p>Nach einer 40 km Trainigsrunde am Samstag und ausreichend Verpflegung (K\u00e4nguruh, &#8222;Wagenrad&#8220; &#8211; Salami etc.) waren alle in guter Form.<\/p>\n\n\n<div class=\"wp-block-image\">\n<figure class=\"aligncenter\"><img decoding=\"async\" src=\"https:\/\/arnwiesen.net\/wpt\/wp-content\/uploads\/2004\/Jena2004_01.jpg\" alt=\"Image\" title=\"Image\"\/><\/figure>\n<\/div>\n\n\n<p>Uli gewann die Altersklasse M 45, vor den Augen seiner Eltern und Hund Adam, die extra aus dem Erzgebirge angereist waren.<\/p>\n\n\n\n<!--more-->\n\n\n\n<p>J\u00f6rg und Cossi lieferten sich einen spannenden Zweikampf, den Cossi beim Wechsel Rad &#8211; 2. Lauf f\u00fcr sich entschied. Beide kamen gleichzeitig in die Wechselzone, w\u00e4hrend J\u00f6rg seine Muskeln etwas umstellen musste erreichte Cossi sofort seine H\u00f6chstgeschwindigkeit und nahm J\u00f6rg bereits in der Runde im Ernst-Abbe-Stadion 100 m ab.<\/p>\n\n\n\n<div class=\"wp-block-group is-content-justification-center is-nowrap is-layout-flex wp-container-core-group-is-layout-94bc23d7 wp-block-group-is-layout-flex\"><div class=\"wp-block-image\">\n<figure class=\"aligncenter\"><img decoding=\"async\" src=\"https:\/\/arnwiesen.net\/wpt\/wp-content\/uploads\/2004\/Jena2004_02.jpg\" alt=\"Image\" title=\"Image\"\/><\/figure>\n<\/div>\n\n<div class=\"wp-block-image\">\n<figure class=\"aligncenter\"><img decoding=\"async\" src=\"https:\/\/arnwiesen.net\/wpt\/wp-content\/uploads\/2004\/Jena2004_03.jpg\" alt=\"Image\" title=\"Image\"\/><\/figure>\n<\/div><\/div>\n\n\n\n<p>So war Cossi nach 10 Jahren (Olympischer Triathlon in Schwalmtal am Taunus) wieder in einem Wettkampf schneller als J\u00f6rg.<\/p>\n","protected":false},"excerpt":{"rendered":"<p>Am Sonntag nahmen Uli (Atze), Cossi und J\u00f6rg am Duathlon in Jena teil. Nach einer 40 km Trainigsrunde am Samstag und ausreichend Verpflegung (K\u00e4nguruh, &#8222;Wagenrad&#8220; &#8211; Salami etc.) waren alle in guter Form. Uli gewann die Altersklasse M 45, vor den Augen seiner Eltern und Hund Adam, die extra aus dem Erzgebirge angereist waren.<\/p>\n","protected":false},"author":5,"featured_media":0,"comment_status":"closed","ping_status":"open","sticky":false,"template":"","format":"standard","meta":{"footnotes":""},"categories":[10],"tags":[263,38],"class_list":["post-3186","post","type-post","status-publish","format-standard","hentry","category-berichte-2004","tag-duathlon","tag-jena"],"_links":{"self":[{"href":"https:\/\/arnwiesen.net\/wpt\/wp-json\/wp\/v2\/posts\/3186","targetHints":{"allow":["GET"]}}],"collection":[{"href":"https:\/\/arnwiesen.net\/wpt\/wp-json\/wp\/v2\/posts"}],"about":[{"href":"https:\/\/arnwiesen.net\/wpt\/wp-json\/wp\/v2\/types\/post"}],"author":[{"embeddable":true,"href":"https:\/\/arnwiesen.net\/wpt\/wp-json\/wp\/v2\/users\/5"}],"replies":[{"embeddable":true,"href":"https:\/\/arnwiesen.net\/wpt\/wp-json\/wp\/v2\/comments?post=3186"}],"version-history":[{"count":2,"href":"https:\/\/arnwiesen.net\/wpt\/wp-json\/wp\/v2\/posts\/3186\/revisions"}],"predecessor-version":[{"id":4011,"href":"https:\/\/arnwiesen.net\/wpt\/wp-json\/wp\/v2\/posts\/3186\/revisions\/4011"}],"wp:attachment":[{"href":"https:\/\/arnwiesen.net\/wpt\/wp-json\/wp\/v2\/media?parent=3186"}],"wp:term":[{"taxonomy":"category","embeddable":true,"href":"https:\/\/arnwiesen.net\/wpt\/wp-json\/wp\/v2\/categories?post=3186"},{"taxonomy":"post_tag","embeddable":true,"href":"https:\/\/arnwiesen.net\/wpt\/wp-json\/wp\/v2\/tags?post=3186"}],"curies":[{"name":"wp","href":"https:\/\/api.w.org\/{rel}","templated":true}]}}