{"id":3174,"date":"2004-10-16T20:43:00","date_gmt":"2004-10-16T18:43:00","guid":{"rendered":"https:\/\/arnwiesen.net\/wpt\/?p=3174"},"modified":"2022-07-18T10:42:17","modified_gmt":"2022-07-18T08:42:17","slug":"28-kernberglauf-jena","status":"publish","type":"post","link":"https:\/\/arnwiesen.net\/wpt\/2004\/28-kernberglauf-jena\/","title":{"rendered":"28. Kernberglauf Jena"},"content":{"rendered":"\n<p><a href=\"https:\/\/www.jaronline.de\/tckj\/index.php\/berichte-2004\/55-kernberglauf-jena#\">&nbsp;<\/a>Hallo TCKJ&#8217;ler,<\/p>\n\n\n\n<p>hier Informationen von Atze , Henry (Fotos), Willi (Statistik) und Cossi (Text) :<\/p>\n\n\n\n<p>Kernberglauf Jena 2004<\/p>\n\n\n<div class=\"wp-block-image\">\n<figure class=\"aligncenter size-large\"><img decoding=\"async\" src=\"https:\/\/arnwiesen.net\/wpt\/wp-content\/uploads\/2004\/Kernberglauf-2004-a.jpg\" alt=\"Kernberglauf 2004 a\" title=\"Image\"\/><\/figure>\n<\/div>\n\n\n<p>Strahlende Gesichter bei den TCKJ&#8217;lern beim 28. Kernberglauf am 16.10.04. 15 Aktive starteten in den Hauptl\u00e4ufen und 14 Aktive wanderten eine Strecke von 10 km unter der Leitung des ortskundigen Frank.<\/p>\n\n\n\n<!--more-->\n\n\n<div class=\"wp-block-image\">\n<figure class=\"aligncenter size-large\"><img decoding=\"async\" src=\"https:\/\/arnwiesen.net\/wpt\/wp-content\/uploads\/2004\/Kernberglauf-2004-b.jpg\" alt=\"Kernberglauf 2004 b\" title=\"Image\"\/><\/figure>\n<\/div>\n\n\n<p>Die vielen Kinder, vor allem der 3 &#8211; j\u00e4hrige Moritz zeigten eine starke Leistung. In der Mannschaftswertung des Kernberglaufs belegte Team I einen ausgezeichneten 11. Platz. Auch die Teilnehmer von Team II waren mit ihren Zeiten am anspruchsvollem Kernberg bei sch\u00f6nstem Laufwetter sehr zufrieden. (Platz 27).<\/p>\n\n\n<div class=\"wp-block-image\">\n<figure class=\"aligncenter size-large\"><img decoding=\"async\" src=\"https:\/\/arnwiesen.net\/wpt\/wp-content\/uploads\/2004\/Kernberglauf-2004-c.jpg\" alt=\"Kernberglauf 2004 c\" title=\"Image\"\/><\/figure>\n<\/div>\n\n\n<p>Das Jahrestreffen des TCKJ begann bereits am Freitag im Planetarium mit Kulturprogramm. Zur Musik von Queen wurde eine beeindruckende Lasershow gezeigt. Nach dem Kernberglauf wurde im GalaxSea je nach Geschmack in der Sauna entspannt oder gerutscht, geschwommen etc.<\/p>\n\n\n<div class=\"wp-block-image\">\n<figure class=\"aligncenter size-large\"><img decoding=\"async\" src=\"https:\/\/arnwiesen.net\/wpt\/wp-content\/uploads\/2004\/Kernberglauf-2004-d.jpg\" alt=\"Kernberglauf 2004 d\" title=\"Image\"\/><\/figure>\n<\/div>\n\n\n<p>Am Abend kam es bei Heike und J\u00f6rg zum gro\u00dfen Pizzaessen, Bier- und Weintrinken. Mit Hilfe eines Quiz informierten Atze und Cossi \u00fcber die Events der Saison und zeigten wie aktiv alle TCKJ&#8217;ler waren. \u00dcberraschend gewann die Quiz-Gruppe um Webmaster Ulrich.&nbsp;<\/p>\n\n\n<div class=\"wp-block-image\">\n<figure class=\"aligncenter size-large\"><img decoding=\"async\" src=\"https:\/\/arnwiesen.net\/wpt\/wp-content\/uploads\/2004\/Kernberglauf-2004-e.jpg\" alt=\"Kernberglauf 2004 e\" title=\"Image\"\/><\/figure>\n<\/div>\n\n\n<p>Insgesamt war das Jahrestreffen sehr gut gelungen. Hierf\u00fcr vielen Dank bei der Veranstaltenden Ostgruppe: Atze (Bierspende), Frank (Bierspende), Henry und Martina (Bierspende und \u00dcbernachtungspl\u00e4tze), Gaby (\u00dcbernachtungspl\u00e4tze), Heike und J\u00f6rg, (Bierspende, \u00dcbernachtungspl\u00e4tze, R\u00e4ume f\u00fcr Feier, Kuchen, Auflauf etc.)<\/p>\n\n\n<div class=\"wp-block-image\">\n<figure class=\"aligncenter size-large\"><img decoding=\"async\" src=\"https:\/\/arnwiesen.net\/wpt\/wp-content\/uploads\/2004\/Kernberglauf-2004-f.jpg\" alt=\"Kernberglauf 2004 f\" title=\"Image\"\/><\/figure>\n<\/div>\n\n\n<p><strong>Anzahl Teilnahmen gesamt&nbsp;<\/strong><br><\/p>\n\n\n\n<figure class=\"wp-block-table\"><table><tbody><tr><td>Selle, Michael<\/td><td>1989 | 1990 | 1992 | 2001 | 2002 | 2003<\/td><\/tr><tr><td>Unger, Ulrich<\/td><td>1993 | 1998 | 2002 | 2003 | 2004<\/td><\/tr><tr><td>Schubert, J\u00f6rg<\/td><td>1993 | 1998 | 2003 | 2004<\/td><\/tr><tr><td>Cossmann, Michael<\/td><td>1998 | 2003 | 2004<\/td><\/tr><tr><td>Hornhauer, Henry<\/td><td>1998 | 2003 | 2004<\/td><\/tr><tr><td>Knetsch, Wieland<\/td><td>2002 | 2003 | 2004<\/td><\/tr><tr><td>St\u00f6ckel, Arnd<\/td><td>1999 | 2000<\/td><\/tr><tr><td>Selle, Laura<\/td><td>2002<\/td><\/tr><tr><td>Diekriede, Burkhard<\/td><td>2004<\/td><\/tr><tr><td>Reimann, Maik<\/td><td>2004<\/td><\/tr><tr><td>Reimann, Michael<\/td><td>2004<\/td><\/tr><tr><td>Reimann, Nicolas<\/td><td>2004<\/td><\/tr><tr><td>Reimann, Sylke<\/td><td>2004<\/td><\/tr><tr><td>Schubert, Heike<\/td><td>2004<\/td><\/tr><tr><td>Unnerstall, Manuel<\/td><td>2004<\/td><\/tr><tr><td>Unnerstall, Ludwig<\/td><td>2004<\/td><\/tr><tr><td>Urbach, Ralf<\/td><td>2004<\/td><\/tr><tr><td>Wohlfahrt, Gabi<\/td><td>2004<\/td><\/tr><\/tbody><\/table><\/figure>\n\n\n<div class=\"wp-block-image\">\n<figure class=\"aligncenter size-large\"><img decoding=\"async\" src=\"https:\/\/arnwiesen.net\/wpt\/wp-content\/uploads\/2004\/Kernberglauf-2004-g.jpg\" alt=\"Kernberglauf 2004 g\" title=\"Image\"\/><\/figure>\n<\/div>\n\n\n<p><strong>Teilnahmen an den einzelnen Strecken<\/strong><\/p>\n\n\n\n<figure class=\"wp-block-table\"><table><thead><tr><th>Zeit<\/th><th>Starter<\/th><th>Jahrg.<\/th><th>Verein<\/th><th>Datum<\/th><th>Platz<\/th><th>AK<\/th><\/tr><\/thead><tbody><tr><td><strong>4,6 km<\/strong><\/td><td><\/td><td><\/td><td><\/td><td><\/td><td><\/td><td><\/td><\/tr><tr><td>00:25:23<\/td><td>Reimann, Nicolas<\/td><td>92<\/td><td>TC K\u00f6ln Jena<\/td><td>16.10.2004<\/td><td>30<\/td><td>M12<\/td><\/tr><tr><td>00:29:59<\/td><td>Reimann, Maik<\/td><td>90<\/td><td>TC K\u00f6ln Jena<\/td><td>16.10.2004<\/td><td>33<\/td><td>M14<\/td><\/tr><tr><td>00:31:04<\/td><td>Selle, Laura<\/td><td>89<\/td><td>Jena<\/td><td>18.10.2002<\/td><td>53<\/td><td>wS B<\/td><\/tr><tr><td>00:35:33<\/td><td>Unnerstall, Manuel<\/td><td>92<\/td><td>TC K\u00f6ln Jena<\/td><td>16.10.2004<\/td><td>34<\/td><td>M12<\/td><\/tr><tr><td><\/td><td><\/td><td><\/td><td><\/td><td><\/td><td><\/td><td><\/td><\/tr><tr><td><strong>13 km<\/strong><\/td><td><\/td><td><\/td><td><\/td><td><\/td><td><\/td><td><\/td><\/tr><tr><td>01:00:29<\/td><td>Unger, Ulrich<\/td><td>59<\/td><td>TC K\u00f6ln Jena<\/td><td>1993<\/td><td>52<\/td><td>M30<\/td><\/tr><tr><td>01:03:54<\/td><td>Schubert, J\u00f6rg<\/td><td>59<\/td><td>TC K\u00f6ln Jena<\/td><td>1993<\/td><td>72<\/td><td>M30<\/td><\/tr><tr><td>01:14:59<\/td><td>Selle, Michael<\/td><td>57<\/td><td>Jena<\/td><td>1992<\/td><td>96<\/td><td>M35<\/td><\/tr><tr><td><\/td><td><\/td><td><\/td><td><\/td><td><\/td><td><\/td><td><\/td><\/tr><tr><td><strong>15 km<\/strong><\/td><td><\/td><td><\/td><td><\/td><td><\/td><td><\/td><td><\/td><\/tr><tr><td>01:13:51<\/td><td>St\u00f6ckel, Arnd<\/td><td>62<\/td><td>USV Jena OL<\/td><td>1999<\/td><td>179<\/td><td>M35<\/td><\/tr><tr><td>01:13:59<\/td><td>Unger, Ulrich<\/td><td>59<\/td><td>TC K\u00f6ln Jena<\/td><td>19.10.2002<\/td><td>182<\/td><td>M40<\/td><\/tr><tr><td>01:14:53<\/td><td>St\u00f6ckel, Arnd<\/td><td>62<\/td><td>USV Jena OL<\/td><td>21.10.2000<\/td><td>179<\/td><td>M35<\/td><\/tr><tr><td>01:16:04<\/td><td>Unger, Ulrich<\/td><td>59<\/td><td>TC K\u00f6ln Jena<\/td><td>18.10.2003<\/td><td>212<\/td><td>M40<\/td><\/tr><tr><td>01:18:31<\/td><td>Unger, Ulrich<\/td><td>59<\/td><td>TC K\u00f6ln Jena<\/td><td>16.10.2004<\/td><td>259<\/td><td>M45<\/td><\/tr><tr><td>01:20:21<\/td><td>Schubert, J\u00f6rg<\/td><td>59<\/td><td>TC K\u00f6ln Jena<\/td><td>16.10.2004<\/td><td>295<\/td><td>M45<\/td><\/tr><tr><td>01:20:47<\/td><td>Schubert, J\u00f6rg<\/td><td>59<\/td><td>TC K\u00f6ln Jena<\/td><td>18.10.2003<\/td><td>318<\/td><td>M40<\/td><\/tr><tr><td>01:22:20<\/td><td>Unnerstall, Ludwig<\/td><td>62<\/td><td>TC K\u00f6ln Jena<\/td><td>16.10.2004<\/td><td>345<\/td><td>M40<\/td><\/tr><tr><td>01:22:47<\/td><td>Diekriede, Burkhard<\/td><td>64<\/td><td>TC K\u00f6ln Jena<\/td><td>16.10.2004<\/td><td>354<\/td><td>M40<\/td><\/tr><tr><td>01:23:39<\/td><td>Cossmann, Michael<\/td><td>56<\/td><td>TC K\u00f6ln Jena<\/td><td>1998<\/td><td>265<\/td><td>M40<\/td><\/tr><tr><td><\/td><td>Selle, Michael<\/td><td>57<\/td><td>Jena<\/td><td>20.10.2001<\/td><td>423<\/td><td>M40<\/td><\/tr><tr><td>01:24:32<\/td><td>Urbach, Ralf<\/td><td>63<\/td><td>TC K\u00f6ln Jena<\/td><td>16.10.2004<\/td><td>403<\/td><td>M40<\/td><\/tr><tr><td><strong>01:25:34<\/strong><\/td><td>Wohlfahrt, Gabi<\/td><td>63<\/td><td>TC K\u00f6ln Jena<\/td><td>16.10.2004<\/td><td>430<\/td><td>W40<\/td><\/tr><tr><td>01:25:50<\/td><td>Cossmann, Michael<\/td><td>56<\/td><td>TC K\u00f6ln Jena<\/td><td>18.10.2003<\/td><td>424<\/td><td>M45<\/td><\/tr><tr><td>01:26:00<\/td><td>Selle, Michael<\/td><td>57<\/td><td>Jena<\/td><td>19.10.2002<\/td><td>433<\/td><td>M45<\/td><\/tr><tr><td>01:26:39<\/td><td>Cossmann, Michael<\/td><td>56<\/td><td>TC K\u00f6ln Jena<\/td><td>16.10.2004<\/td><td>450<\/td><td>M45<\/td><\/tr><tr><td>01:26:40<\/td><td>Selle, Michael<\/td><td>57<\/td><td>TC K\u00f6ln Jena<\/td><td>18.10.2003<\/td><td>445<\/td><td>M45<\/td><\/tr><tr><td>01:26:49<\/td><td>Hornhauer, Henry<\/td><td>61<\/td><td>TC K\u00f6ln Jena<\/td><td>1998<\/td><td>306<\/td><td>M35<\/td><\/tr><tr><td>01:27:17<\/td><td>Hornhauer, Henry<\/td><td>61<\/td><td>TC K\u00f6ln Jena<\/td><td>18.10.2003<\/td><td>459<\/td><td>M40<\/td><\/tr><tr><td><strong>01:31:11<\/strong><\/td><td><strong>Schubert, Heike<\/strong><\/td><td><strong>61<\/strong><\/td><td><strong>TC K\u00f6ln Jena<\/strong><\/td><td><strong>16.10.2004<\/strong><\/td><td><strong>524<\/strong><\/td><td><strong>W40<\/strong><\/td><\/tr><tr><td>01:32:24<\/td><td>Reimann, Michael<\/td><td>60<\/td><td>TC K\u00f6ln Jena<\/td><td>16.10.2004<\/td><td>548<\/td><td>M40<\/td><\/tr><tr><td>01:26:39<\/td><td>Hornhauer, Henry<\/td><td>61<\/td><td>TC K\u00f6ln Jena<\/td><td>16.10.2004<\/td><td>578<\/td><td>M40<\/td><\/tr><tr><td>01:44:03<\/td><td>Knetsch, Wieland<\/td><td>58<\/td><td>TC K\u00f6ln Jena<\/td><td>18.10.2003<\/td><td>668<\/td><td>M45<\/td><\/tr><tr><td><strong>01:45:46<\/strong><\/td><td><strong>Reimann, Sylke<\/strong><\/td><td><strong>65<\/strong><\/td><td><strong>TC K\u00f6ln Jena<\/strong><\/td><td><strong>16.10.2004<\/strong><\/td><td><strong>692<\/strong><\/td><td><strong>W35<\/strong><\/td><\/tr><tr><td>01:48:53<\/td><td>Knetsch, Wieland<\/td><td>58<\/td><td>TC K\u00f6ln Jena<\/td><td>16.10.2004<\/td><td>708<\/td><td>M45<\/td><\/tr><tr><td>01:49:33<\/td><td>Knetsch, Wieland<\/td><td>58<\/td><td>M\u00fcnchen<\/td><td>19.10.2002<\/td><td>668<\/td><td>M40<\/td><\/tr><tr><td><\/td><td><\/td><td><\/td><td><\/td><td><\/td><td><\/td><td><\/td><\/tr><tr><td><strong>25 km<\/strong><\/td><td><\/td><td><\/td><td><\/td><td><\/td><td><\/td><td><\/td><\/tr><tr><td>02:14:20<\/td><td>Selle, Michael<\/td><td>57<\/td><td>Jena<\/td><td>1990<\/td><td>265<\/td><td>M33-39<\/td><\/tr><tr><td>02:21:34<\/td><td>Selle, Michael<\/td><td>57<\/td><td>Jena<\/td><td>1989<\/td><td>492<\/td><td>M18-32<\/td><\/tr><tr><td><\/td><td><\/td><td><\/td><td><\/td><td><\/td><td><\/td><td><\/td><\/tr><tr><td><strong>27 km<\/strong><\/td><td><\/td><td><\/td><td><\/td><td><\/td><td><\/td><td><\/td><\/tr><tr><td>02:24:11<\/td><td>Unger, Ulrich<\/td><td>59<\/td><td>TC K\u00f6ln Jena<\/td><td>1998<\/td><td>99<\/td><td>M35<\/td><\/tr><tr><td>02:36:42<\/td><td>Schubert, J\u00f6rg<\/td><td>59<\/td><td>TC K\u00f6ln Jena<\/td><td>1998<\/td><td>157<\/td><td>M35<\/td><\/tr><\/tbody><\/table><\/figure>\n\n\n\n<p><strong><br>Auf zum 29. Kernberglauf 2005 !<\/strong><\/p>\n\n\n<div class=\"wp-block-image\">\n<figure class=\"aligncenter size-large\"><img decoding=\"async\" src=\"https:\/\/arnwiesen.net\/wpt\/wp-content\/uploads\/2004\/Kernberglauf-2004-h.jpg\" alt=\"Kernberglauf 2004 h\" title=\"Image\"\/><\/figure>\n<\/div>","protected":false},"excerpt":{"rendered":"<p>&nbsp;Hallo TCKJ&#8217;ler, hier Informationen von Atze , Henry (Fotos), Willi (Statistik) und Cossi (Text) : Kernberglauf Jena 2004 Strahlende Gesichter bei den TCKJ&#8217;lern beim 28. Kernberglauf am 16.10.04. 15 Aktive starteten in den Hauptl\u00e4ufen und 14 Aktive wanderten eine Strecke von 10 km unter der Leitung des ortskundigen Frank.<\/p>\n","protected":false},"author":5,"featured_media":0,"comment_status":"closed","ping_status":"open","sticky":false,"template":"","format":"standard","meta":{"footnotes":""},"categories":[10],"tags":[125,150,123,149],"class_list":["post-3174","post","type-post","status-publish","format-standard","hentry","category-berichte-2004","tag-10km","tag-crosslauf","tag-halbmarathon","tag-kernberglauf"],"_links":{"self":[{"href":"https:\/\/arnwiesen.net\/wpt\/wp-json\/wp\/v2\/posts\/3174","targetHints":{"allow":["GET"]}}],"collection":[{"href":"https:\/\/arnwiesen.net\/wpt\/wp-json\/wp\/v2\/posts"}],"about":[{"href":"https:\/\/arnwiesen.net\/wpt\/wp-json\/wp\/v2\/types\/post"}],"author":[{"embeddable":true,"href":"https:\/\/arnwiesen.net\/wpt\/wp-json\/wp\/v2\/users\/5"}],"replies":[{"embeddable":true,"href":"https:\/\/arnwiesen.net\/wpt\/wp-json\/wp\/v2\/comments?post=3174"}],"version-history":[{"count":2,"href":"https:\/\/arnwiesen.net\/wpt\/wp-json\/wp\/v2\/posts\/3174\/revisions"}],"predecessor-version":[{"id":3992,"href":"https:\/\/arnwiesen.net\/wpt\/wp-json\/wp\/v2\/posts\/3174\/revisions\/3992"}],"wp:attachment":[{"href":"https:\/\/arnwiesen.net\/wpt\/wp-json\/wp\/v2\/media?parent=3174"}],"wp:term":[{"taxonomy":"category","embeddable":true,"href":"https:\/\/arnwiesen.net\/wpt\/wp-json\/wp\/v2\/categories?post=3174"},{"taxonomy":"post_tag","embeddable":true,"href":"https:\/\/arnwiesen.net\/wpt\/wp-json\/wp\/v2\/tags?post=3174"}],"curies":[{"name":"wp","href":"https:\/\/api.w.org\/{rel}","templated":true}]}}