{"id":3162,"date":"2005-11-19T20:14:00","date_gmt":"2005-11-19T19:14:00","guid":{"rendered":"https:\/\/arnwiesen.net\/wpt\/?p=3162"},"modified":"2022-07-18T09:58:58","modified_gmt":"2022-07-18T07:58:58","slug":"rtf-saisonausklang","status":"publish","type":"post","link":"https:\/\/arnwiesen.net\/wpt\/2005\/rtf-saisonausklang\/","title":{"rendered":"RTF Saisonausklang"},"content":{"rendered":"\n<p><strong>RTF &#8211; Jahresr\u00fcckblick 2005<\/strong><\/p>\n\n\n\n<p>Am Samstag 19.11.05 um 19.00 Uhr &nbsp;traf sich die RTF &#8211; Gruppe im Restaurant des ASCD an der Regattabahn in Duisburg um das Ende der RTF &#8211; Saison 2005 zu feiern. In vorweihnachtlichem Ambiente dachten sie an die vergangene Saison zur\u00fcck:<\/p>\n\n\n<div class=\"wp-block-image\">\n<figure class=\"aligncenter size-large\"><img decoding=\"async\" src=\"https:\/\/arnwiesen.net\/wpt\/wp-content\/uploads\/2005\/saisonausklang-05.jpg\" alt=\"Image\" title=\"Image\"\/><\/figure>\n<\/div>\n\n\n<!--more-->\n\n\n\n<p>Zuerst nat\u00fcrlich an die 3 Pokalgewinne, die bereits in den Berichten RTF &#8211; Doppelschlag und 2. Steckenpferdtour, gefeiert wurden.<\/p>\n\n\n<div class=\"wp-block-image\">\n<figure class=\"aligncenter size-large\"><img decoding=\"async\" src=\"https:\/\/arnwiesen.net\/wpt\/wp-content\/uploads\/2005\/2005-ulla-lanza.jpg\" alt=\"Image\" title=\"Image\"\/><\/figure>\n<\/div>\n\n\n<p>Im April war Ulla im Trainingslager im Club La Santa auf Lanzarote. Hier jagte sie die vielen Berge hinauf und hinab. Eine tolle Fr\u00fchform. Hatte sie hier schon ihre Kr\u00e4fte ersch\u00f6pft? Leider&nbsp;konnte sie in der RTF &#8211; Jahreswertung nicht die Vorjahresleistung wiederholen.<\/p>\n\n\n<div class=\"wp-block-image\">\n<figure class=\"aligncenter size-large\"><img decoding=\"async\" src=\"https:\/\/arnwiesen.net\/wpt\/wp-content\/uploads\/2005\/klaus-in-lohne.jpg\" alt=\"Image\" title=\"Image\"\/><\/figure>\n<\/div>\n\n\n<p>Klaus startete beim 40 Kilometer Einzelzeitfahren in Lohne. Dabei erzielte er einen 31er Schnitt. Bei den RTFs verbesserte er den TCKJ-Rekord aus dem Jahr 1998 von Engelbert Kurre und ist jetzt mit 64 Jahren \u00e4ltester RTF &#8211; Teilnehmer.<\/p>\n\n\n<div class=\"wp-block-image\">\n<figure class=\"aligncenter size-large\"><img decoding=\"async\" src=\"https:\/\/arnwiesen.net\/wpt\/wp-content\/uploads\/2005\/oberhausen-05-bernd.jpg\" alt=\"Image\" title=\"Image\"\/><\/figure>\n<\/div>\n\n\n<p>Bernd gewann die RTF &#8211; Jahreswertung in einem Start &#8211; Ziel &#8211; Sieg.<\/p>\n\n\n<div class=\"wp-block-image\">\n<figure class=\"aligncenter size-large\"><img decoding=\"async\" src=\"https:\/\/arnwiesen.net\/wpt\/wp-content\/uploads\/2005\/buettgen-2005.jpg\" alt=\"Image\" title=\"Image\"\/><\/figure>\n<\/div>\n\n\n<p>Hier sind die weiteren 7 RTF FahrerInnen der Top &#8211; Ten bei der letzten RTF des Jahres in B\u00fcttgen. Weitere 12 TCKJ&#8217;ler nahmen 2005 an RTFs teil. Beim Saisonabschluss wurde beschlossen im n\u00e4chsten Jahr TCKJ-Radtrikots anzuschaffen und die Jahreswertung auch im n\u00e4chsten Jahr fortzusetzen. (3 Punkte &gt; 110 km, 2 Punkte &gt; 71 km, 1 Punkt &gt; 41 km)<\/p>\n\n\n\n<figure class=\"wp-block-table\"><table><tbody><tr><td>1.<\/td><td>2.<\/td><td>3.<\/td><td>4.<\/td><td>5.<\/td><td>6.<\/td><td>7.<\/td><td>8.<\/td><td>9.<\/td><td>9.<\/td><td>&nbsp;<\/td><\/tr><tr><td>Bernd<\/td><td>Cossi<\/td><td>Ralf<\/td><td>Thomas E.<\/td><td>Klaus<\/td><td>Thomas W.<\/td><td>B\u00e4rbel<\/td><td>Ulla<\/td><td>Joachim<\/td><td>Heide<\/td><td>&nbsp;<\/td><\/tr><tr><td>2<\/td><td>1<\/td><td>&nbsp;<\/td><td>2<\/td><td>&nbsp;<\/td><td>&nbsp;<\/td><td>1<\/td><td>&nbsp;<\/td><td>&nbsp;<\/td><td>&nbsp;<\/td><td>Rheinhausen<\/td><\/tr><tr><td>2<\/td><td>&nbsp;<\/td><td>&nbsp;<\/td><td>&nbsp;<\/td><td>&nbsp;<\/td><td>&nbsp;<\/td><td>&nbsp;<\/td><td>&nbsp;<\/td><td>&nbsp;<\/td><td>&nbsp;<\/td><td>Ratingen<\/td><\/tr><tr><td>2<\/td><td>&nbsp;<\/td><td>&nbsp;<\/td><td>&nbsp;<\/td><td>&nbsp;<\/td><td>&nbsp;<\/td><td>&nbsp;<\/td><td>&nbsp;<\/td><td>&nbsp;<\/td><td>&nbsp;<\/td><td>Essen-Vogelh<\/td><\/tr><tr><td>&nbsp;<\/td><td>&nbsp;<\/td><td>1<\/td><td>&nbsp;<\/td><td>&nbsp;<\/td><td>&nbsp;<\/td><td>&nbsp;<\/td><td>&nbsp;<\/td><td>&nbsp;<\/td><td>&nbsp;<\/td><td>Grefrath<\/td><\/tr><tr><td>1<\/td><td>2<\/td><td>1<\/td><td>2<\/td><td>&nbsp;<\/td><td>&nbsp;<\/td><td>1<\/td><td>1<\/td><td>&nbsp;<\/td><td>&nbsp;<\/td><td>Issum I<\/td><\/tr><tr><td>&nbsp;<\/td><td>&nbsp;<\/td><td>&nbsp;<\/td><td>&nbsp;<\/td><td>&nbsp;<\/td><td>&nbsp;<\/td><td>&nbsp;<\/td><td>1<\/td><td>&nbsp;<\/td><td>&nbsp;<\/td><td>T\u00f6nisvorst<\/td><\/tr><tr><td>&nbsp;<\/td><td>&nbsp;<\/td><td>&nbsp;<\/td><td>&nbsp;<\/td><td>&nbsp;<\/td><td>2<\/td><td>&nbsp;<\/td><td>&nbsp;<\/td><td>&nbsp;<\/td><td>&nbsp;<\/td><td>Issum II<\/td><\/tr><tr><td>2<\/td><td>2<\/td><td>2<\/td><td>1<\/td><td>&nbsp;<\/td><td>&nbsp;<\/td><td>&nbsp;<\/td><td>2<\/td><td>1<\/td><td>&nbsp;<\/td><td>D&#8217;dorf Wittlar<\/td><\/tr><tr><td>&nbsp;<\/td><td>3<\/td><td>2<\/td><td>3<\/td><td>&nbsp;<\/td><td>&nbsp;<\/td><td>1<\/td><td>1<\/td><td>2<\/td><td>&nbsp;<\/td><td>Uedem<\/td><\/tr><tr><td>1<\/td><td>&nbsp;<\/td><td>&nbsp;<\/td><td>&nbsp;<\/td><td>&nbsp;<\/td><td>&nbsp;<\/td><td>&nbsp;<\/td><td>&nbsp;<\/td><td>&nbsp;<\/td><td>&nbsp;<\/td><td>Jan W. D&#8217;dorf<\/td><\/tr><tr><td>&nbsp;<\/td><td>2<\/td><td>&nbsp;<\/td><td>2<\/td><td>2<\/td><td>&nbsp;<\/td><td>1<\/td><td>&nbsp;<\/td><td>&nbsp;<\/td><td>&nbsp;<\/td><td>Orsoy<\/td><\/tr><tr><td>&nbsp;<\/td><td>1<\/td><td>&nbsp;<\/td><td>2<\/td><td>&nbsp;<\/td><td>&nbsp;<\/td><td>1<\/td><td>&nbsp;<\/td><td>&nbsp;<\/td><td>&nbsp;<\/td><td>Wuppertal<\/td><\/tr><tr><td>1<\/td><td>&nbsp;<\/td><td>&nbsp;<\/td><td>&nbsp;<\/td><td>&nbsp;<\/td><td>&nbsp;<\/td><td>&nbsp;<\/td><td>&nbsp;<\/td><td>&nbsp;<\/td><td>&nbsp;<\/td><td>Hattingen<\/td><\/tr><tr><td>&nbsp;<\/td><td>3<\/td><td>&nbsp;<\/td><td>3<\/td><td>3<\/td><td>1<\/td><td>2<\/td><td>2<\/td><td>&nbsp;<\/td><td>1<\/td><td>Moers<\/td><\/tr><tr><td>2<\/td><td>&nbsp;<\/td><td>2<\/td><td>&nbsp;<\/td><td>&nbsp;<\/td><td>&nbsp;<\/td><td>&nbsp;<\/td><td>&nbsp;<\/td><td>&nbsp;<\/td><td>&nbsp;<\/td><td>Emmerich<\/td><\/tr><tr><td>&nbsp;<\/td><td>2<\/td><td>&nbsp;<\/td><td>3<\/td><td>3<\/td><td>2<\/td><td>2<\/td><td>&nbsp;<\/td><td>&nbsp;<\/td><td>&nbsp;<\/td><td>Duisburg<\/td><\/tr><tr><td>2<\/td><td>2<\/td><td>2<\/td><td>&nbsp;<\/td><td>&nbsp;<\/td><td>&nbsp;<\/td><td>&nbsp;<\/td><td>&nbsp;<\/td><td>2<\/td><td>&nbsp;<\/td><td>Willich<\/td><\/tr><tr><td>1<\/td><td>&nbsp;<\/td><td>1<\/td><td>&nbsp;<\/td><td>&nbsp;<\/td><td>&nbsp;<\/td><td>0,5<\/td><td>&nbsp;<\/td><td>&nbsp;<\/td><td>&nbsp;<\/td><td>M\u00f6nchengladb<\/td><\/tr><tr><td>&nbsp;<\/td><td>&nbsp;<\/td><td>&nbsp;<\/td><td>&nbsp;<\/td><td>2<\/td><td>&nbsp;<\/td><td>&nbsp;<\/td><td>&nbsp;<\/td><td>&nbsp;<\/td><td>&nbsp;<\/td><td>Essen-Relling.<\/td><\/tr><tr><td>2<\/td><td>&nbsp;<\/td><td>2<\/td><td>&nbsp;<\/td><td>&nbsp;<\/td><td>&nbsp;<\/td><td>&nbsp;<\/td><td>&nbsp;<\/td><td>&nbsp;<\/td><td>&nbsp;<\/td><td>Geldern<\/td><\/tr><tr><td>2<\/td><td>&nbsp;<\/td><td>&nbsp;<\/td><td>&nbsp;<\/td><td>&nbsp;<\/td><td>&nbsp;<\/td><td>&nbsp;<\/td><td>&nbsp;<\/td><td>&nbsp;<\/td><td>&nbsp;<\/td><td>Rees<\/td><\/tr><tr><td>&nbsp;<\/td><td>&nbsp;<\/td><td>&nbsp;<\/td><td>&nbsp;<\/td><td>2<\/td><td>&nbsp;<\/td><td>&nbsp;<\/td><td>&nbsp;<\/td><td>&nbsp;<\/td><td>&nbsp;<\/td><td>M\u00f6nchengladb<\/td><\/tr><tr><td>&nbsp;<\/td><td>&nbsp;<\/td><td>&nbsp;<\/td><td>&nbsp;<\/td><td>3<\/td><td>&nbsp;<\/td><td>&nbsp;<\/td><td>&nbsp;<\/td><td>&nbsp;<\/td><td>&nbsp;<\/td><td>D&#8217;`dorf Delta<\/td><\/tr><tr><td>3<\/td><td>&nbsp;<\/td><td>&nbsp;<\/td><td>&nbsp;<\/td><td>&nbsp;<\/td><td>&nbsp;<\/td><td>&nbsp;<\/td><td>&nbsp;<\/td><td>&nbsp;<\/td><td>&nbsp;<\/td><td>Gelsenk. Buer<\/td><\/tr><tr><td>1<\/td><td>2<\/td><td>1<\/td><td>&nbsp;<\/td><td>&nbsp;<\/td><td>2<\/td><td>&nbsp;<\/td><td>1<\/td><td>&nbsp;<\/td><td>&nbsp;<\/td><td>Krefeld H\u00fcls<\/td><\/tr><tr><td>2<\/td><td>2<\/td><td>2<\/td><td>&nbsp;<\/td><td>&nbsp;<\/td><td>2<\/td><td>&nbsp;<\/td><td>&nbsp;<\/td><td>&nbsp;<\/td><td>&nbsp;<\/td><td>Bezirk D&#8217;dorf<\/td><\/tr><tr><td>2<\/td><td>2<\/td><td>&nbsp;<\/td><td>2<\/td><td>&nbsp;<\/td><td>&nbsp;<\/td><td>&nbsp;<\/td><td>1<\/td><td>&nbsp;<\/td><td>1<\/td><td>Oberhausen<\/td><\/tr><tr><td>&nbsp;<\/td><td>1<\/td><td>&nbsp;<\/td><td>&nbsp;<\/td><td>&nbsp;<\/td><td>&nbsp;<\/td><td>1<\/td><td>&nbsp;<\/td><td>&nbsp;<\/td><td>1<\/td><td>K\u00f6ln GEW<\/td><\/tr><tr><td>2<\/td><td>&nbsp;<\/td><td>&nbsp;<\/td><td>&nbsp;<\/td><td>&nbsp;<\/td><td>&nbsp;<\/td><td>&nbsp;<\/td><td>&nbsp;<\/td><td>&nbsp;<\/td><td>&nbsp;<\/td><td>Essen-Kray<\/td><\/tr><tr><td>&nbsp;<\/td><td>3<\/td><td>2<\/td><td>&nbsp;<\/td><td>&nbsp;<\/td><td>2<\/td><td>2<\/td><td>&nbsp;<\/td><td>&nbsp;<\/td><td>2<\/td><td>Hasbergen<\/td><\/tr><tr><td>3<\/td><td>&nbsp;<\/td><td>&nbsp;<\/td><td>&nbsp;<\/td><td>2<\/td><td>&nbsp;<\/td><td>&nbsp;<\/td><td>&nbsp;<\/td><td>&nbsp;<\/td><td>&nbsp;<\/td><td>Neukir.-Vluyn<\/td><\/tr><tr><td>&nbsp;<\/td><td>2<\/td><td>&nbsp;<\/td><td>&nbsp;<\/td><td>2<\/td><td>&nbsp;<\/td><td>&nbsp;<\/td><td>&nbsp;<\/td><td>&nbsp;<\/td><td>&nbsp;<\/td><td>Ratingen<\/td><\/tr><tr><td>2<\/td><td>&nbsp;<\/td><td>2<\/td><td>&nbsp;<\/td><td>&nbsp;<\/td><td>2<\/td><td>&nbsp;<\/td><td>&nbsp;<\/td><td>&nbsp;<\/td><td>&nbsp;<\/td><td>Moers<\/td><\/tr><tr><td>2<\/td><td>&nbsp;<\/td><td>&nbsp;<\/td><td>&nbsp;<\/td><td>&nbsp;<\/td><td>&nbsp;<\/td><td>&nbsp;<\/td><td>&nbsp;<\/td><td>&nbsp;<\/td><td>&nbsp;<\/td><td>Dortmund<\/td><\/tr><tr><td>2<\/td><td>2<\/td><td>2<\/td><td>&nbsp;<\/td><td>&nbsp;<\/td><td>2<\/td><td>&nbsp;<\/td><td>&nbsp;<\/td><td>&nbsp;<\/td><td>&nbsp;<\/td><td>Gelsenk. &#8211; Erle<\/td><\/tr><tr><td>3<\/td><td>&nbsp;<\/td><td>&nbsp;<\/td><td>&nbsp;<\/td><td>&nbsp;<\/td><td>&nbsp;<\/td><td>&nbsp;<\/td><td>&nbsp;<\/td><td>&nbsp;<\/td><td>&nbsp;<\/td><td>Marl<\/td><\/tr><tr><td>&nbsp;<\/td><td>2<\/td><td>2<\/td><td>2<\/td><td>&nbsp;<\/td><td>2<\/td><td>2<\/td><td>&nbsp;<\/td><td>2<\/td><td>2<\/td><td>B\u00fcttgen<\/td><\/tr><tr><td>&nbsp;<\/td><td>&nbsp;<\/td><td>&nbsp;<\/td><td>&nbsp;<\/td><td>&nbsp;<\/td><td>&nbsp;<\/td><td>&nbsp;<\/td><td>&nbsp;<\/td><td>&nbsp;<\/td><td>&nbsp;<\/td><td>&nbsp;<\/td><\/tr><tr><td><strong>42<\/strong><\/td><td><strong>34<\/strong><\/td><td><strong>24<\/strong><\/td><td><strong>22<\/strong><\/td><td><strong>19<\/strong><\/td><td><strong>17<\/strong><\/td><td><strong>14,5<\/strong><\/td><td><strong>9<\/strong><\/td><td><strong>7<\/strong><\/td><td><strong>7<\/strong><\/td><td>&nbsp;<\/td><\/tr><\/tbody><\/table><\/figure>\n","protected":false},"excerpt":{"rendered":"<p>RTF &#8211; Jahresr\u00fcckblick 2005 Am Samstag 19.11.05 um 19.00 Uhr &nbsp;traf sich die RTF &#8211; Gruppe im Restaurant des ASCD an der Regattabahn in Duisburg um das Ende der RTF &#8211; Saison 2005 zu feiern. In vorweihnachtlichem Ambiente dachten sie an die vergangene Saison zur\u00fcck:<\/p>\n","protected":false},"author":5,"featured_media":0,"comment_status":"closed","ping_status":"open","sticky":false,"template":"","format":"standard","meta":{"footnotes":""},"categories":[11],"tags":[127,270],"class_list":["post-3162","post","type-post","status-publish","format-standard","hentry","category-berichte-2005","tag-rtf","tag-saisonabschluss"],"_links":{"self":[{"href":"https:\/\/arnwiesen.net\/wpt\/wp-json\/wp\/v2\/posts\/3162","targetHints":{"allow":["GET"]}}],"collection":[{"href":"https:\/\/arnwiesen.net\/wpt\/wp-json\/wp\/v2\/posts"}],"about":[{"href":"https:\/\/arnwiesen.net\/wpt\/wp-json\/wp\/v2\/types\/post"}],"author":[{"embeddable":true,"href":"https:\/\/arnwiesen.net\/wpt\/wp-json\/wp\/v2\/users\/5"}],"replies":[{"embeddable":true,"href":"https:\/\/arnwiesen.net\/wpt\/wp-json\/wp\/v2\/comments?post=3162"}],"version-history":[{"count":3,"href":"https:\/\/arnwiesen.net\/wpt\/wp-json\/wp\/v2\/posts\/3162\/revisions"}],"predecessor-version":[{"id":3924,"href":"https:\/\/arnwiesen.net\/wpt\/wp-json\/wp\/v2\/posts\/3162\/revisions\/3924"}],"wp:attachment":[{"href":"https:\/\/arnwiesen.net\/wpt\/wp-json\/wp\/v2\/media?parent=3162"}],"wp:term":[{"taxonomy":"category","embeddable":true,"href":"https:\/\/arnwiesen.net\/wpt\/wp-json\/wp\/v2\/categories?post=3162"},{"taxonomy":"post_tag","embeddable":true,"href":"https:\/\/arnwiesen.net\/wpt\/wp-json\/wp\/v2\/tags?post=3162"}],"curies":[{"name":"wp","href":"https:\/\/api.w.org\/{rel}","templated":true}]}}