{"id":3154,"date":"2005-10-23T20:11:00","date_gmt":"2005-10-23T18:11:00","guid":{"rendered":"https:\/\/arnwiesen.net\/wpt\/?p=3154"},"modified":"2022-07-22T22:47:52","modified_gmt":"2022-07-22T20:47:52","slug":"19-wedaupokal","status":"publish","type":"post","link":"https:\/\/arnwiesen.net\/wpt\/2005\/19-wedaupokal\/","title":{"rendered":"19. Wedaupokal"},"content":{"rendered":"\n<p><strong>Wedaupokal der kurzen Wege<\/strong><\/p>\n\n\n\n<p>Am Sonntag, den 23.10.05 fand mit gro\u00dfer Beteiligung die 19. Auflage des Wedaupokals in Duisburg statt. Erstmals&nbsp;liefen Athleten auch 9,2 km, also 2&nbsp;Mal um die Regattabahn. Diesmal waren die Duschen und die Gastst\u00e4tte f\u00fcr die Siegerehrung in direkter N\u00e4he zum Ziel, so dass Teil- und Zeitnehmer beim Beginn des gro\u00dfen Regens schon beim Mittagessen sassen.<\/p>\n\n\n\n<figure class=\"wp-block-image\"><img decoding=\"async\" src=\"https:\/\/arnwiesen.net\/wpt\/wp-content\/uploads\/2005\/laufer.gif\" alt=\"Image\" title=\"Image\"\/><\/figure>\n\n\n\n<!--more-->\n\n\n<div class=\"wp-block-image\">\n<figure class=\"aligncenter size-full\"><img loading=\"lazy\" decoding=\"async\" width=\"502\" height=\"313\" src=\"https:\/\/arnwiesen.net\/wpt\/wp-content\/uploads\/2005\/kinderstart-05.jpg\" alt=\"\" class=\"wp-image-1942\" srcset=\"https:\/\/arnwiesen.net\/wpt\/wp-content\/uploads\/2005\/kinderstart-05.jpg 502w, https:\/\/arnwiesen.net\/wpt\/wp-content\/uploads\/2005\/kinderstart-05-300x187.jpg 300w\" sizes=\"auto, (max-width: 502px) 85vw, 502px\" \/><\/figure>\n<\/div>\n\n\n<p>Die Karten beim Kinderstart waren in diesem Jahr neu gemischt. Die Sieger der letzten Jahre, Jan-Phillipp und Nicolas wechselten zum 4,7 km Start, so war der Weg frei f\u00fcr Christoph(3.v.l.). Bei den M\u00e4dchen gewann Julia (2.v.l.) als Gesamtzweite.<\/p>\n\n\n<div class=\"wp-block-image\">\n<figure class=\"aligncenter size-full\"><img loading=\"lazy\" decoding=\"async\" width=\"370\" height=\"502\" src=\"https:\/\/arnwiesen.net\/wpt\/wp-content\/uploads\/2005\/rolf-baerbel-05.jpg\" alt=\"\" class=\"wp-image-1960\" srcset=\"https:\/\/arnwiesen.net\/wpt\/wp-content\/uploads\/2005\/rolf-baerbel-05.jpg 370w, https:\/\/arnwiesen.net\/wpt\/wp-content\/uploads\/2005\/rolf-baerbel-05-221x300.jpg 221w\" sizes=\"auto, (max-width: 370px) 85vw, 370px\" \/><\/figure>\n<\/div>\n\n\n<p>Vor dem Start zum Walken war B\u00e4rbel noch in ein Gespr\u00e4ch mit Wedaupokalerfinder Rolf verwickelt. Konnte er ihr noch Tipps f\u00fcr den Lauf geben? Wie auch immer, B\u00e4rbel siegte mit gro\u00dfem Vorsprung.<\/p>\n\n\n<div class=\"wp-block-image\">\n<figure class=\"aligncenter size-full\"><img loading=\"lazy\" decoding=\"async\" width=\"591\" height=\"354\" src=\"https:\/\/arnwiesen.net\/wpt\/wp-content\/uploads\/2005\/07a-start.jpg\" alt=\"\" class=\"wp-image-1906\" srcset=\"https:\/\/arnwiesen.net\/wpt\/wp-content\/uploads\/2005\/07a-start.jpg 591w, https:\/\/arnwiesen.net\/wpt\/wp-content\/uploads\/2005\/07a-start-300x180.jpg 300w\" sizes=\"auto, (max-width: 591px) 85vw, 591px\" \/><\/figure>\n<\/div>\n\n\n<p>Massenandrang am Start. Erstmals starteten Walker, 4,7 + 9,2 km &#8211; L\u00e4ufer zusammen.<\/p>\n\n\n<div class=\"wp-block-image\">\n<figure class=\"aligncenter size-full\"><img loading=\"lazy\" decoding=\"async\" width=\"502\" height=\"361\" src=\"https:\/\/arnwiesen.net\/wpt\/wp-content\/uploads\/2005\/10-ralf-mich-bernh..jpg\" alt=\"\" class=\"wp-image-1907\" srcset=\"https:\/\/arnwiesen.net\/wpt\/wp-content\/uploads\/2005\/10-ralf-mich-bernh..jpg 502w, https:\/\/arnwiesen.net\/wpt\/wp-content\/uploads\/2005\/10-ralf-mich-bernh.-300x216.jpg 300w\" sizes=\"auto, (max-width: 502px) 85vw, 502px\" \/><\/figure>\n<\/div>\n\n\n<p>W\u00e4hrend beim 9,2 Kilometerlauf Platz 1 und 2 schnell vergeben war, war&nbsp;Platz 3 hart umk\u00e4mpft. Nach einer Runde sah es noch wie oben aus. In der 2. Runde \u00fcberholte Bernhard, angefeuert von seinen Kindern, Ralf und Michael noch.<\/p>\n\n\n<div class=\"wp-block-image\">\n<figure class=\"aligncenter size-full\"><img loading=\"lazy\" decoding=\"async\" width=\"591\" height=\"443\" src=\"https:\/\/arnwiesen.net\/wpt\/wp-content\/uploads\/2005\/13-im-ziel.jpg\" alt=\"\" class=\"wp-image-1908\" srcset=\"https:\/\/arnwiesen.net\/wpt\/wp-content\/uploads\/2005\/13-im-ziel.jpg 591w, https:\/\/arnwiesen.net\/wpt\/wp-content\/uploads\/2005\/13-im-ziel-300x225.jpg 300w\" sizes=\"auto, (max-width: 591px) 85vw, 591px\" \/><\/figure>\n<\/div>\n\n\n<p>Viel Arbeit f\u00fcr die Zeitnehmer Barbara und Thomas W\u00f6tzel. Thomas an der Stoppuhr s.u.<\/p>\n\n\n<div class=\"wp-block-image\">\n<figure class=\"aligncenter size-full\"><img loading=\"lazy\" decoding=\"async\" width=\"640\" height=\"480\" src=\"https:\/\/arnwiesen.net\/wpt\/wp-content\/uploads\/2005\/20-die-sieger.jpg\" alt=\"\" class=\"wp-image-1909\" srcset=\"https:\/\/arnwiesen.net\/wpt\/wp-content\/uploads\/2005\/20-die-sieger.jpg 640w, https:\/\/arnwiesen.net\/wpt\/wp-content\/uploads\/2005\/20-die-sieger-300x225.jpg 300w\" sizes=\"auto, (max-width: 709px) 85vw, (max-width: 909px) 67vw, (max-width: 984px) 61vw, (max-width: 1362px) 45vw, 600px\" \/><\/figure>\n<\/div>\n\n\n<p><strong>Die Sieger<\/strong>&nbsp;von links oben nach rechts unten:<\/p>\n\n\n\n<p><strong>Jan-Phillipp<\/strong>&nbsp;wechselte mit 11 Jahren vom Kinderlauf zum 4,7 km &#8211; Lauf.&nbsp;So geht die \u00c4hra Fichell weiter. Im Vorjahr hatte noch sein Vater Uli gewonnen, der&nbsp;jetzt verletzungsbedingt fehlte. Kaum zu glauben, da\u00df Jan-Phillip erst vor 6 Jahren das Stofftier f\u00fcr den j\u00fcngsten Teilnehmer gewonnen hat. (siehe Archiv)&nbsp;&nbsp;<\/p>\n\n\n\n<p><strong>Ludwig&nbsp;<\/strong>ist der erste Sieger \u00fcber die neu eingef\u00fchrte 9,2 km Strecke, und damit wohl auch Weltrekordler \u00fcber diese selten gelaufene Distanz.<\/p>\n\n\n\n<p><strong>Julia&nbsp;<\/strong>gewann den M\u00e4dchenpokal \u00fcber die 1,7 km Distanz, der ihr bei der feierlichen Siegerehrung in der Gastst\u00e4tte des DSV 98 von Organisator Cossi \u00fcberreicht wurde.<\/p>\n\n\n\n<p>Bei den Frauen gewann&nbsp;<strong>Rosi<\/strong>&nbsp;knapp vor Marion, die das 1. Mal an der Regattabahn am Start war. Dank eines kurzen aber harten Endspurts kann Rosi den Pokal diesmal das ganze Jahr behalten.<\/p>\n\n\n\n<p>Bei den Jungen gewann&nbsp;<strong>Christoph<\/strong>, der auch f\u00fcr Tusem Essen startet.<\/p>\n\n\n\n<p><strong>Maik<\/strong>&nbsp;gewann den B-Pokal knapp vor&nbsp;Manuel und sicherte wieder einen Pokal f\u00fcr Familie Reimann.<\/p>\n\n\n\n<p><strong>B\u00e4rbel<\/strong>&nbsp;gewann das 2. Mal den Walking &#8211; Cup, trotz einj\u00e4hriger Walkingpause.<\/p>\n\n\n\n<figure class=\"wp-block-table\"><table><tbody><tr><td>&nbsp;<\/td><td><strong>19. Wedaupokal<\/strong><\/td><td><strong><\/strong><\/td><td><strong><\/strong><\/td><td><strong><\/strong><\/td><td><strong><\/strong><\/td><td><strong><\/strong><\/td><\/tr><tr><td><strong><\/strong><\/td><td>&nbsp;<\/td><td><strong><\/strong><\/td><td><strong><\/strong><\/td><td><strong><\/strong><\/td><td><strong><\/strong><\/td><\/tr><tr><td><strong><\/strong><\/td><td>&nbsp;<\/td><td>&nbsp;<\/td><td>&nbsp;<\/td><td>&nbsp;<\/td><td>&nbsp;<\/td><td>&nbsp;<\/td><td>&nbsp;<\/td><\/tr><tr><td>&nbsp;<\/td><td>&nbsp;<\/td><td>&nbsp;<\/td><td>&nbsp;<\/td><td>&nbsp;<\/td><td>&nbsp;<\/td><td>&nbsp;<\/td><td>&nbsp;<\/td><\/tr><tr><td>&nbsp;<\/td><td><strong>M\u00e4dchen<\/strong><\/td><td><strong>1,7 km<\/strong><\/td><td><strong><\/strong><\/td><td><strong><\/strong><\/td><td><strong><\/strong><\/td><td><strong><\/strong><\/td><td><strong><\/strong><\/td><\/tr><tr><td><strong><\/strong><\/td><td><strong><\/strong><\/td><td><strong><\/strong><\/td><td><strong><\/strong><\/td><td><strong><\/strong><\/td><td><strong><\/strong><\/td><td><strong><\/strong><\/td><td><strong><\/strong><\/td><\/tr><tr><td>1.<\/td><td>Julia<\/td><td>Diekriede<\/td><td>8,58<\/td><td>&nbsp;<\/td><td>&nbsp;<\/td><td>&nbsp;<\/td><td>&nbsp;<\/td><\/tr><tr><td>2.<\/td><td>Louisa<\/td><td>Hehmann<\/td><td>11,32<\/td><td>&nbsp;<\/td><td>&nbsp;<\/td><td>&nbsp;<\/td><td>&nbsp;<\/td><\/tr><tr><td>&nbsp;<\/td><td>&nbsp;<\/td><td>&nbsp;<\/td><td>&nbsp;<\/td><td>&nbsp;<\/td><td>&nbsp;<\/td><td>&nbsp;<\/td><td>&nbsp;<\/td><\/tr><tr><td>&nbsp;<\/td><td><strong>Jungen<\/strong><\/td><td><strong>1,7 km<\/strong><\/td><td><strong><\/strong><\/td><td><strong><\/strong><\/td><td><strong><\/strong><\/td><td><strong><\/strong><\/td><td><strong><\/strong><\/td><\/tr><tr><td><strong><\/strong><\/td><td><strong><\/strong><\/td><td><strong><\/strong><\/td><td><strong><\/strong><\/td><td><strong><\/strong><\/td><td><strong><\/strong><\/td><td><strong><\/strong><\/td><td><strong><\/strong><\/td><\/tr><tr><td>1.<\/td><td>Christoph<\/td><td>W\u00f6tzel<\/td><td>8,17<\/td><td>&nbsp;<\/td><td>&nbsp;<\/td><td>&nbsp;<\/td><td>&nbsp;<\/td><\/tr><tr><td>2.<\/td><td>Jens<\/td><td>Hehmann<\/td><td>9,18<\/td><td>&nbsp;<\/td><td>&nbsp;<\/td><td>&nbsp;<\/td><td>&nbsp;<\/td><\/tr><tr><td>3.<\/td><td>Tim<\/td><td>Unnerstall<\/td><td>9,43<\/td><td>&nbsp;<\/td><td>&nbsp;<\/td><td>&nbsp;<\/td><td>&nbsp;<\/td><\/tr><tr><td>4.<\/td><td>David<\/td><td>Masurek<\/td><td>9,53<\/td><td>&nbsp;<\/td><td>&nbsp;<\/td><td>&nbsp;<\/td><td>&nbsp;<\/td><\/tr><tr><td>5.<\/td><td>Moritz<\/td><td>Unnerstall<\/td><td>12,17<\/td><td>&nbsp;<\/td><td>&nbsp;<\/td><td>&nbsp;<\/td><td>&nbsp;<\/td><\/tr><tr><td>&nbsp;<\/td><td>&nbsp;<\/td><td>&nbsp;<\/td><td>&nbsp;<\/td><td>&nbsp;<\/td><td>&nbsp;<\/td><td>&nbsp;<\/td><td>&nbsp;<\/td><\/tr><tr><td>&nbsp;<\/td><td><strong>Frauen<\/strong><\/td><td><strong>4,7 km<\/strong><\/td><td><strong><\/strong><\/td><td><strong><\/strong><\/td><td><strong><\/strong><\/td><td><strong><\/strong><\/td><td><strong><\/strong><\/td><\/tr><tr><td><strong><\/strong><\/td><td><strong><\/strong><\/td><td><strong><\/strong><\/td><td><strong><\/strong><\/td><td><strong><\/strong><\/td><td><strong><\/strong><\/td><td><strong><\/strong><\/td><td><strong><\/strong><\/td><\/tr><tr><td>1.<\/td><td>Rosemarie<\/td><td>Jaroschek<\/td><td>28,09<\/td><td>&nbsp;<\/td><td>&nbsp;<\/td><td>&nbsp;<\/td><td>&nbsp;<\/td><\/tr><tr><td>2.<\/td><td>Marion<\/td><td>Diekriede<\/td><td>28,10<\/td><td>&nbsp;<\/td><td>&nbsp;<\/td><td>&nbsp;<\/td><td>&nbsp;<\/td><\/tr><tr><td>&nbsp;<\/td><td>&nbsp;<\/td><td>&nbsp;<\/td><td>&nbsp;<\/td><td>&nbsp;<\/td><td>&nbsp;<\/td><td>&nbsp;<\/td><td>&nbsp;<\/td><\/tr><tr><td>&nbsp;<\/td><td><strong>M\u00e4nner<\/strong><\/td><td><strong>4,7 km<\/strong><\/td><td>&nbsp;<\/td><td>&nbsp;<\/td><td><strong>M\u00e4nner<\/strong><\/td><td><strong>B &#8211; Wertung<\/strong><\/td><td><strong>Differenz<\/strong><\/td><\/tr><tr><td><strong><\/strong><\/td><td><strong><\/strong><\/td><td><strong><\/strong><\/td><td><strong><\/strong><\/td><td><strong><\/strong><\/td><td><strong><\/strong><\/td><td><strong><\/strong><\/td><td><strong><\/strong><\/td><\/tr><tr><td>1.<\/td><td>Jan-Phillipp<\/td><td>Fischell<\/td><td>18,31<\/td><td>1.<\/td><td>Maik<\/td><td>Reimann<\/td><td>-5,42<\/td><\/tr><tr><td>2.<\/td><td>Johannes<\/td><td>Wentz<\/td><td>20,14<\/td><td>2.<\/td><td>Manuel<\/td><td>Unnerstall<\/td><td>-5,36<\/td><\/tr><tr><td>3.<\/td><td>Stefan<\/td><td>Kesseler<\/td><td>20,18<\/td><td>3.<\/td><td>Nicolas<\/td><td>Reimann<\/td><td>-1,09<\/td><\/tr><tr><td>4.<\/td><td>Nicolas<\/td><td>Reimann<\/td><td>21,21<\/td><td>4.<\/td><td>Joachim<\/td><td>Heese<\/td><td>-0,31<\/td><\/tr><tr><td>5.<\/td><td>Maik<\/td><td>Reimann<\/td><td>22,26<\/td><td>5.<\/td><td>Rolf<\/td><td>Durniok<\/td><td>1,11<\/td><\/tr><tr><td>6.<\/td><td>Michael<\/td><td>Co\u00dfmann<\/td><td>23,15<\/td><td>6.<\/td><td>Michael<\/td><td>Co\u00dfmann<\/td><td>2,31<\/td><\/tr><tr><td>7.<\/td><td>Joachim<\/td><td>Heese<\/td><td>24,05<\/td><td>&nbsp;<\/td><td>&nbsp;<\/td><td>&nbsp;<\/td><td>&nbsp;<\/td><\/tr><tr><td>8.<\/td><td>Pascal<\/td><td>Hehmann<\/td><td>24,40<\/td><td>&nbsp;<\/td><td>&nbsp;<\/td><td>&nbsp;<\/td><td>&nbsp;<\/td><\/tr><tr><td>9.<\/td><td>Raphael&nbsp;<\/td><td>Diekriede<\/td><td>24,41<\/td><td>&nbsp;<\/td><td>&nbsp;<\/td><td>&nbsp;<\/td><td>&nbsp;<\/td><\/tr><tr><td>10.<\/td><td>Rolf<\/td><td>Durniok<\/td><td>28,27<\/td><td>&nbsp;<\/td><td>&nbsp;<\/td><td>&nbsp;<\/td><td>&nbsp;<\/td><\/tr><tr><td>11.<\/td><td>Manuel<\/td><td>Unnerstall<\/td><td>28,28<\/td><td>&nbsp;<\/td><td>&nbsp;<\/td><td>&nbsp;<\/td><td>&nbsp;<\/td><\/tr><tr><td>&nbsp;<\/td><td>&nbsp;<\/td><td>&nbsp;<\/td><td>&nbsp;<\/td><td>&nbsp;<\/td><td>&nbsp;<\/td><td>&nbsp;<\/td><td>&nbsp;<\/td><\/tr><tr><td>&nbsp;<\/td><td><strong>M\u00e4nner<\/strong><\/td><td><strong>9,2 km<\/strong><\/td><td><strong><\/strong><\/td><td><strong><\/strong><\/td><td><strong><\/strong><\/td><td><strong><\/strong><\/td><td><strong><\/strong><\/td><\/tr><tr><td><strong><\/strong><\/td><td><strong><\/strong><\/td><td><strong><\/strong><\/td><td><strong><\/strong><\/td><td><strong><\/strong><\/td><td><strong><\/strong><\/td><td><strong><\/strong><\/td><td><strong><\/strong><\/td><\/tr><tr><td>1.<\/td><td>Ludwig<\/td><td>Unnerstall<\/td><td>42,51<\/td><td>&nbsp;<\/td><td>&nbsp;<\/td><td>&nbsp;<\/td><td>&nbsp;<\/td><\/tr><tr><td>2.<\/td><td>Burkhard<\/td><td>Diekriede<\/td><td>43,14<\/td><td>&nbsp;<\/td><td>&nbsp;<\/td><td>&nbsp;<\/td><td>&nbsp;<\/td><\/tr><tr><td>3.<\/td><td>Bernhard<\/td><td>Hehmann<\/td><td>46,14<\/td><td>&nbsp;<\/td><td>&nbsp;<\/td><td>&nbsp;<\/td><td>&nbsp;<\/td><\/tr><tr><td>4.<\/td><td>Ralf<\/td><td>Urbach<\/td><td>46,28<\/td><td>&nbsp;<\/td><td>&nbsp;<\/td><td>&nbsp;<\/td><td>&nbsp;<\/td><\/tr><tr><td>5.<\/td><td>Michael&nbsp;<\/td><td>Reimann<\/td><td>46,34<\/td><td>&nbsp;<\/td><td>&nbsp;<\/td><td>&nbsp;<\/td><td>&nbsp;<\/td><\/tr><tr><td>&nbsp;<\/td><td>&nbsp;<\/td><td>&nbsp;<\/td><td>&nbsp;<\/td><td>&nbsp;<\/td><td>&nbsp;<\/td><td>&nbsp;<\/td><td>&nbsp;<\/td><\/tr><tr><td>&nbsp;<\/td><td>&nbsp;<\/td><td>&nbsp;<\/td><td>&nbsp;<\/td><td>&nbsp;<\/td><td>&nbsp;<\/td><td>&nbsp;<\/td><td>&nbsp;<\/td><\/tr><tr><td>&nbsp;<\/td><td><strong>Walking<\/strong><\/td><td><strong>4,7 km<\/strong><\/td><td><strong><\/strong><\/td><td><strong><\/strong><\/td><td><strong><\/strong><\/td><td><strong><\/strong><\/td><td><strong><\/strong><\/td><\/tr><tr><td><strong><\/strong><\/td><td><strong><\/strong><\/td><td><strong><\/strong><\/td><td><strong><\/strong><\/td><td><strong><\/strong><\/td><td><strong><\/strong><\/td><td><strong><\/strong><\/td><td><strong><\/strong><\/td><\/tr><tr><td>1.<\/td><td>B\u00e4rbel<\/td><td>Weber<\/td><td>36,34<\/td><td>&nbsp;<\/td><td>&nbsp;<\/td><td>&nbsp;<\/td><td>&nbsp;<\/td><\/tr><tr><td>2.<\/td><td>Sandra<\/td><td>Tech<\/td><td>44,04<\/td><td>&nbsp;<\/td><td>&nbsp;<\/td><td>&nbsp;<\/td><td>&nbsp;<\/td><\/tr><tr><td>3.<\/td><td>Annette<\/td><td>P\u00fctz<\/td><td>44,33<\/td><td>&nbsp;<\/td><td>&nbsp;<\/td><td>&nbsp;<\/td><td>&nbsp;<\/td><\/tr><tr><td>4.<\/td><td>Eva<\/td><td>Tech<\/td><td>44,34<\/td><td>&nbsp;<\/td><td>&nbsp;<\/td><td>&nbsp;<\/td><td>&nbsp;<\/td><\/tr><tr><td>4.<\/td><td>Christine<\/td><td>Sch\u00e4chner<\/td><td>44,34<\/td><td>&nbsp;<\/td><td>&nbsp;<\/td><td>&nbsp;<\/td><td>&nbsp;<\/td><\/tr><tr><td>4.<\/td><td>Carola<\/td><td>Lotz<\/td><td>44,34<\/td><td>&nbsp;<\/td><td>&nbsp;<\/td><td>&nbsp;<\/td><td>&nbsp;<\/td><\/tr><\/tbody><\/table><\/figure>\n","protected":false},"excerpt":{"rendered":"<p>Wedaupokal der kurzen Wege Am Sonntag, den 23.10.05 fand mit gro\u00dfer Beteiligung die 19. Auflage des Wedaupokals in Duisburg statt. Erstmals&nbsp;liefen Athleten auch 9,2 km, also 2&nbsp;Mal um die Regattabahn. Diesmal waren die Duschen und die Gastst\u00e4tte f\u00fcr die Siegerehrung in direkter N\u00e4he zum Ziel, so dass Teil- und Zeitnehmer beim Beginn des gro\u00dfen Regens &hellip; <a href=\"https:\/\/arnwiesen.net\/wpt\/2005\/19-wedaupokal\/\" class=\"more-link\"><span class=\"screen-reader-text\">\u201e19. Wedaupokal\u201c<\/span> weiterlesen<\/a><\/p>\n","protected":false},"author":5,"featured_media":0,"comment_status":"closed","ping_status":"open","sticky":false,"template":"","format":"standard","meta":{"footnotes":""},"categories":[11],"tags":[125,196,148,307,210,261,130],"class_list":["post-3154","post","type-post","status-publish","format-standard","hentry","category-berichte-2005","tag-10km","tag-5km","tag-duisburg","tag-duisburg-wedau","tag-volkslauf","tag-walking","tag-wedaupokal"],"_links":{"self":[{"href":"https:\/\/arnwiesen.net\/wpt\/wp-json\/wp\/v2\/posts\/3154","targetHints":{"allow":["GET"]}}],"collection":[{"href":"https:\/\/arnwiesen.net\/wpt\/wp-json\/wp\/v2\/posts"}],"about":[{"href":"https:\/\/arnwiesen.net\/wpt\/wp-json\/wp\/v2\/types\/post"}],"author":[{"embeddable":true,"href":"https:\/\/arnwiesen.net\/wpt\/wp-json\/wp\/v2\/users\/5"}],"replies":[{"embeddable":true,"href":"https:\/\/arnwiesen.net\/wpt\/wp-json\/wp\/v2\/comments?post=3154"}],"version-history":[{"count":5,"href":"https:\/\/arnwiesen.net\/wpt\/wp-json\/wp\/v2\/posts\/3154\/revisions"}],"predecessor-version":[{"id":4211,"href":"https:\/\/arnwiesen.net\/wpt\/wp-json\/wp\/v2\/posts\/3154\/revisions\/4211"}],"wp:attachment":[{"href":"https:\/\/arnwiesen.net\/wpt\/wp-json\/wp\/v2\/media?parent=3154"}],"wp:term":[{"taxonomy":"category","embeddable":true,"href":"https:\/\/arnwiesen.net\/wpt\/wp-json\/wp\/v2\/categories?post=3154"},{"taxonomy":"post_tag","embeddable":true,"href":"https:\/\/arnwiesen.net\/wpt\/wp-json\/wp\/v2\/tags?post=3154"}],"curies":[{"name":"wp","href":"https:\/\/api.w.org\/{rel}","templated":true}]}}