{"id":3150,"date":"2005-09-04T20:05:00","date_gmt":"2005-09-04T18:05:00","guid":{"rendered":"https:\/\/arnwiesen.net\/wpt\/?p=3150"},"modified":"2022-07-17T19:36:59","modified_gmt":"2022-07-17T17:36:59","slug":"30-hagener-volkslauf","status":"publish","type":"post","link":"https:\/\/arnwiesen.net\/wpt\/2005\/30-hagener-volkslauf\/","title":{"rendered":"30. Hagener Volkslauf"},"content":{"rendered":"\n<p><strong>Jahrestreffen des TCKJ &#8211; Hagen aTW Teil 2<\/strong><\/p>\n\n\n\n<p>TCKJ stellt gr\u00f6\u00dfte Gruppe http:\/\/www.laufen-os.de\/<\/p>\n\n\n<div class=\"wp-block-image\">\n<figure class=\"aligncenter size-full\"><img loading=\"lazy\" decoding=\"async\" width=\"502\" height=\"362\" src=\"https:\/\/arnwiesen.net\/wpt\/wp-content\/uploads\/2005\/lauf_-5km_laeufer.jpg\" alt=\"\" class=\"wp-image-1945\" title=\"Image\" srcset=\"https:\/\/arnwiesen.net\/wpt\/wp-content\/uploads\/2005\/lauf_-5km_laeufer.jpg 502w, https:\/\/arnwiesen.net\/wpt\/wp-content\/uploads\/2005\/lauf_-5km_laeufer-300x216.jpg 300w\" sizes=\"auto, (max-width: 502px) 85vw, 502px\" \/><\/figure>\n<\/div>\n\n\n<p>Die 5 Kilometerl\u00e4ufer vor dem Start : Raphael, Beate, Manuel, Niklas, Pascal<\/p>\n\n\n\n<!--more-->\n\n\n<div class=\"wp-block-image\">\n<figure class=\"aligncenter\"><img decoding=\"async\" src=\"https:\/\/arnwiesen.net\/wpt\/wp-content\/uploads\/2005\/lauf_start.jpg\" alt=\"Image\" title=\"Image\"\/><\/figure>\n<\/div>\n\n\n<p>Am Start des 10 und 20 Kilometerlaufs : Andrea, Reinhardt, Gaby, Michael<\/p>\n\n\n<div class=\"wp-block-image\">\n<figure class=\"aligncenter\"><img decoding=\"async\" src=\"https:\/\/arnwiesen.net\/wpt\/wp-content\/uploads\/2005\/lauf_ziel_20_km.jpg\" alt=\"Image\" title=\"Image\"\/><\/figure>\n<\/div>\n\n\n<p>Gaby und Reinhardt gemeinsam im Ziel nach 20 Kilometern, begeistert angefeuert von Michael, Marion, Sylke und Nikolas.&nbsp;<\/p>\n\n\n\n<div class=\"wp-block-group is-content-justification-center is-nowrap is-layout-flex wp-container-core-group-is-layout-94bc23d7 wp-block-group-is-layout-flex\">\n<figure class=\"wp-block-image size-full\"><img loading=\"lazy\" decoding=\"async\" width=\"230\" height=\"502\" src=\"https:\/\/arnwiesen.net\/wpt\/wp-content\/uploads\/2005\/lauf_sylke.jpg\" alt=\"\" class=\"wp-image-1948\" srcset=\"https:\/\/arnwiesen.net\/wpt\/wp-content\/uploads\/2005\/lauf_sylke.jpg 230w, https:\/\/arnwiesen.net\/wpt\/wp-content\/uploads\/2005\/lauf_sylke-137x300.jpg 137w\" sizes=\"auto, (max-width: 230px) 85vw, 230px\" \/><\/figure>\n\n\n\n<figure class=\"wp-block-image size-full\"><img loading=\"lazy\" decoding=\"async\" width=\"204\" height=\"502\" src=\"https:\/\/arnwiesen.net\/wpt\/wp-content\/uploads\/2005\/lauf_andrea_pokal.jpg\" alt=\"\" class=\"wp-image-1946\" srcset=\"https:\/\/arnwiesen.net\/wpt\/wp-content\/uploads\/2005\/lauf_andrea_pokal.jpg 204w, https:\/\/arnwiesen.net\/wpt\/wp-content\/uploads\/2005\/lauf_andrea_pokal-122x300.jpg 122w\" sizes=\"auto, (max-width: 204px) 85vw, 204px\" \/><\/figure>\n<\/div>\n\n\n\n<p>Sylke gewinnt die AK 40 \u00fcber 5 Kilometer &#8211; Andrea gewinnt die 20 Kilometer-Frauen-Gesamtwertung und verspricht weiterhin bei Triathlons f\u00fcr den TCKJ zu starten<br><strong>Viel Gl\u00fcck beim Marthon in Berlin!<\/strong><\/p>\n\n\n\n<figure class=\"wp-block-table\"><table><thead><tr><th>Starter<\/th><th>AK<\/th><th>Strecke<\/th><th>Zeit<\/th><th>Platz AK<\/th><th>Platz gesamt<\/th><th>Platz  W<\/th><\/tr><\/thead><tbody><tr><td>Nicolas<\/td><td>Jgd M<\/td><td>5<\/td><td>00:17:50<\/td><td>1<\/td><td>3<\/td><td><\/td><\/tr><tr><td>Sylke<\/td><td>AK 40<\/td><td>5<\/td><td>00:26:00<\/td><td>1<\/td><td>7<\/td><td>2<\/td><\/tr><tr><td>Pascal<\/td><td>Jgd M<\/td><td>5<\/td><td>00:26:51<\/td><td>3<\/td><td>10<\/td><td><\/td><\/tr><tr><td>Raphael<\/td><td>Jgd M<\/td><td>5<\/td><td>00:27:11<\/td><td>4<\/td><td>11<\/td><td><\/td><\/tr><tr><td>Manuel<\/td><td>Jgd M<\/td><td>5<\/td><td>00:28:25<\/td><td>5<\/td><td>15<\/td><td><\/td><\/tr><tr><td>Niklas<\/td><td>Jgd M<\/td><td>5<\/td><td>00:31:30<\/td><td>6<\/td><td>18<\/td><td><\/td><\/tr><tr><td>Beate<\/td><td>AK 40<\/td><td>5<\/td><td>00:33:08<\/td><td>5<\/td><td>20<\/td><td>10<\/td><\/tr><tr><td><\/td><td><\/td><td><\/td><td><\/td><td><\/td><td><\/td><td><\/td><\/tr><tr><td>Burkhard<\/td><td>AK 40<\/td><td>10<\/td><td>00:52:32<\/td><td>9<\/td><td>24<\/td><td><\/td><\/tr><tr><td>Bernhard<\/td><td>AK 40<\/td><td>10<\/td><td>00:55:53<\/td><td>12<\/td><td>35<\/td><td><\/td><\/tr><tr><td>Michael<\/td><td>AK 45<\/td><td>10<\/td><td>00:56:46<\/td><td>11<\/td><td>37<\/td><td><\/td><\/tr><tr><td><\/td><td><\/td><td><\/td><td><\/td><td><\/td><td><\/td><td><\/td><\/tr><tr><td>Andrea<\/td><td>AK 40<\/td><td>20<\/td><td>01:34:01<\/td><td>1<\/td><td>14<\/td><td>1<\/td><\/tr><tr><td>Ludwig<\/td><td>AK 40<\/td><td>20<\/td><td>01:43:16<\/td><td>6<\/td><td>33<\/td><td><\/td><\/tr><tr><td>Gaby<\/td><td>AK 40<\/td><td>20<\/td><td>01:58:53<\/td><td>2<\/td><td>5858<\/td><td>7<\/td><\/tr><tr><td>Reinhard<\/td><td>AK 40<\/td><td>20<\/td><td>01:58:53<\/td><td>8<\/td><td><\/td><td><\/td><\/tr><\/tbody><\/table><\/figure>\n","protected":false},"excerpt":{"rendered":"<p>Jahrestreffen des TCKJ &#8211; Hagen aTW Teil 2 TCKJ stellt gr\u00f6\u00dfte Gruppe http:\/\/www.laufen-os.de\/ Die 5 Kilometerl\u00e4ufer vor dem Start : Raphael, Beate, Manuel, Niklas, Pascal<\/p>\n","protected":false},"author":5,"featured_media":0,"comment_status":"closed","ping_status":"open","sticky":false,"template":"","format":"standard","meta":{"footnotes":""},"categories":[11],"tags":[125,196,243,123,181,159,210],"class_list":["post-3150","post","type-post","status-publish","format-standard","hentry","category-berichte-2005","tag-10km","tag-5km","tag-hagen-atw","tag-halbmarathon","tag-jahrestreffen","tag-landschaftslauf","tag-volkslauf"],"_links":{"self":[{"href":"https:\/\/arnwiesen.net\/wpt\/wp-json\/wp\/v2\/posts\/3150","targetHints":{"allow":["GET"]}}],"collection":[{"href":"https:\/\/arnwiesen.net\/wpt\/wp-json\/wp\/v2\/posts"}],"about":[{"href":"https:\/\/arnwiesen.net\/wpt\/wp-json\/wp\/v2\/types\/post"}],"author":[{"embeddable":true,"href":"https:\/\/arnwiesen.net\/wpt\/wp-json\/wp\/v2\/users\/5"}],"replies":[{"embeddable":true,"href":"https:\/\/arnwiesen.net\/wpt\/wp-json\/wp\/v2\/comments?post=3150"}],"version-history":[{"count":4,"href":"https:\/\/arnwiesen.net\/wpt\/wp-json\/wp\/v2\/posts\/3150\/revisions"}],"predecessor-version":[{"id":3950,"href":"https:\/\/arnwiesen.net\/wpt\/wp-json\/wp\/v2\/posts\/3150\/revisions\/3950"}],"wp:attachment":[{"href":"https:\/\/arnwiesen.net\/wpt\/wp-json\/wp\/v2\/media?parent=3150"}],"wp:term":[{"taxonomy":"category","embeddable":true,"href":"https:\/\/arnwiesen.net\/wpt\/wp-json\/wp\/v2\/categories?post=3150"},{"taxonomy":"post_tag","embeddable":true,"href":"https:\/\/arnwiesen.net\/wpt\/wp-json\/wp\/v2\/tags?post=3150"}],"curies":[{"name":"wp","href":"https:\/\/api.w.org\/{rel}","templated":true}]}}