{"id":3148,"date":"2005-09-02T20:04:00","date_gmt":"2005-09-02T18:04:00","guid":{"rendered":"https:\/\/arnwiesen.net\/wpt\/?p=3148"},"modified":"2022-07-17T19:35:30","modified_gmt":"2022-07-17T17:35:30","slug":"grillfeier-in-hagen-atw","status":"publish","type":"post","link":"https:\/\/arnwiesen.net\/wpt\/2005\/grillfeier-in-hagen-atw\/","title":{"rendered":"Grillfeier in Hagen aTW"},"content":{"rendered":"\n<p><strong>Jahrestreffen des TCKJ &#8211; Hagen aTW Teil 3<\/strong><\/p>\n\n\n\n<p>Nach den sportlichen Strapazen des Tages hatten sich alle eine&nbsp;kleine St\u00e4rkung verdient.&nbsp;<\/p>\n\n\n<div class=\"wp-block-image\">\n<figure class=\"aligncenter\"><img decoding=\"async\" src=\"https:\/\/arnwiesen.net\/wpt\/wp-content\/uploads\/2005\/feier_im_auto.jpg\" alt=\"Image\" title=\"Image\"\/><\/figure>\n<\/div>\n\n\n<!--more-->\n\n\n\n<p>Frohgelaunt sind diese 4 zum Jahrestreffen aus Jena angereist.<\/p>\n\n\n<div class=\"wp-block-image\">\n<figure class=\"aligncenter\"><img decoding=\"async\" src=\"https:\/\/arnwiesen.net\/wpt\/wp-content\/uploads\/2005\/feier_terasse.jpg\" alt=\"Image\" title=\"Image\"\/><\/figure>\n<\/div>\n\n\n<p>Auf der Terasse der Familie Diekriede fand das Grillen statt.<\/p>\n\n\n<div class=\"wp-block-image\">\n<figure class=\"aligncenter\"><img decoding=\"async\" src=\"https:\/\/arnwiesen.net\/wpt\/wp-content\/uploads\/2005\/feier_frank_cossi.jpg\" alt=\"Image\" title=\"Image\"\/><\/figure>\n<\/div>\n\n\n<p>Nach der anstrengenden RTF war f\u00fcr gen\u00fcgend Mittel zur Fl\u00fcssigkeitsaufnahme gesorgt.<\/p>\n\n\n<div class=\"wp-block-image\">\n<figure class=\"aligncenter\"><img decoding=\"async\" src=\"https:\/\/arnwiesen.net\/wpt\/wp-content\/uploads\/2005\/feier_burkhard.jpg\" alt=\"Image\" title=\"Image\"\/><\/figure>\n<\/div>\n\n\n<p>Hier grillt der Gastgeber selbst : Burkhard. Die anderen Veranstalter : Marion, Beate, Ludwig, Bernhard waren so besch\u00e4ftigt mit diversen Vorbereitungen, da\u00df sie bei der Feier nicht fotografisch festgehalten werden konnten.<\/p>\n\n\n\n<p><strong>Vielen Dank f\u00fcr die Gastfreundschaft.<\/strong><\/p>\n\n\n<div class=\"wp-block-image\">\n<figure class=\"aligncenter\"><img decoding=\"async\" src=\"https:\/\/arnwiesen.net\/wpt\/wp-content\/uploads\/2005\/feier_baerbel_frank.jpg\" alt=\"Image\" title=\"Image\"\/><\/figure>\n<\/div>\n\n\n<p>Ein Grund zum Feiern: RTF &#8211; Pokal Nr. 27<\/p>\n","protected":false},"excerpt":{"rendered":"<p>Jahrestreffen des TCKJ &#8211; Hagen aTW Teil 3 Nach den sportlichen Strapazen des Tages hatten sich alle eine&nbsp;kleine St\u00e4rkung verdient.&nbsp;<\/p>\n","protected":false},"author":5,"featured_media":0,"comment_status":"closed","ping_status":"open","sticky":false,"template":"","format":"standard","meta":{"footnotes":""},"categories":[11],"tags":[243,181],"class_list":["post-3148","post","type-post","status-publish","format-standard","hentry","category-berichte-2005","tag-hagen-atw","tag-jahrestreffen"],"_links":{"self":[{"href":"https:\/\/arnwiesen.net\/wpt\/wp-json\/wp\/v2\/posts\/3148","targetHints":{"allow":["GET"]}}],"collection":[{"href":"https:\/\/arnwiesen.net\/wpt\/wp-json\/wp\/v2\/posts"}],"about":[{"href":"https:\/\/arnwiesen.net\/wpt\/wp-json\/wp\/v2\/types\/post"}],"author":[{"embeddable":true,"href":"https:\/\/arnwiesen.net\/wpt\/wp-json\/wp\/v2\/users\/5"}],"replies":[{"embeddable":true,"href":"https:\/\/arnwiesen.net\/wpt\/wp-json\/wp\/v2\/comments?post=3148"}],"version-history":[{"count":2,"href":"https:\/\/arnwiesen.net\/wpt\/wp-json\/wp\/v2\/posts\/3148\/revisions"}],"predecessor-version":[{"id":3945,"href":"https:\/\/arnwiesen.net\/wpt\/wp-json\/wp\/v2\/posts\/3148\/revisions\/3945"}],"wp:attachment":[{"href":"https:\/\/arnwiesen.net\/wpt\/wp-json\/wp\/v2\/media?parent=3148"}],"wp:term":[{"taxonomy":"category","embeddable":true,"href":"https:\/\/arnwiesen.net\/wpt\/wp-json\/wp\/v2\/categories?post=3148"},{"taxonomy":"post_tag","embeddable":true,"href":"https:\/\/arnwiesen.net\/wpt\/wp-json\/wp\/v2\/tags?post=3148"}],"curies":[{"name":"wp","href":"https:\/\/api.w.org\/{rel}","templated":true}]}}