{"id":3146,"date":"2005-09-04T20:04:00","date_gmt":"2005-09-04T18:04:00","guid":{"rendered":"https:\/\/arnwiesen.net\/wpt\/?p=3146"},"modified":"2022-07-17T19:36:07","modified_gmt":"2022-07-17T17:36:07","slug":"varusschlacht-in-kalkriese","status":"publish","type":"post","link":"https:\/\/arnwiesen.net\/wpt\/2005\/varusschlacht-in-kalkriese\/","title":{"rendered":"Varusschlacht in Kalkriese"},"content":{"rendered":"\n<p><strong>Jahrestreffen des TCKJ &#8211; Hagen aTW Teil 4<\/strong><\/p>\n\n\n\n<p>Kulturpunkte<\/p>\n\n\n\n<p>Wie immer geh\u00f6rt zu einem Jahrestreffen des TCKJ neben Sport und Feiern auch Kultur. Diesmal wurde das Gel\u00e4nde besichtigt, auf dem Hermann und die Germanen, im Jahre 9 n. Chr.,&nbsp;Varus und die R\u00f6mer besiegten.<\/p>\n\n\n<div class=\"wp-block-image\">\n<figure class=\"aligncenter\"><img decoding=\"async\" src=\"https:\/\/arnwiesen.net\/wpt\/wp-content\/uploads\/2005\/kalkr._gruppe_1.jpg\" alt=\"Image\" title=\"Image\"\/><\/figure>\n<\/div>\n\n\n<!--more-->\n\n\n\n<p>Weitere Infos :<\/p>\n\n\n\n<p><a href=\"http:\/\/www.kalkriese-varusschlacht.de\/\">http:\/\/www.kalkriese-varusschlacht.de\/<\/a><\/p>\n\n\n\n<p>Die Kultur interessierten TCKJ&#8217;ler&nbsp;bevor die Museumsf\u00fchrung begann.<\/p>\n\n\n<div class=\"wp-block-image\">\n<figure class=\"aligncenter\"><img decoding=\"async\" src=\"https:\/\/arnwiesen.net\/wpt\/wp-content\/uploads\/2005\/kalkr._turm.jpg\" alt=\"Image\" title=\"Image\"\/><\/figure>\n<\/div>\n\n\n<p>Der moderne unpassende(?) Aussichtsturm mit Museum.<\/p>\n\n\n<div class=\"wp-block-image\">\n<figure class=\"aligncenter\"><img decoding=\"async\" src=\"https:\/\/arnwiesen.net\/wpt\/wp-content\/uploads\/2005\/kalkr._playmobil_roemer.jpg\" alt=\"Image\" title=\"Image\"\/><\/figure>\n<\/div>\n\n\n<p>Playmobilfiguren als R\u00f6mer, hergestellt f\u00fcr die Sendung mit der Maus.<\/p>\n\n\n<div class=\"wp-block-image\">\n<figure class=\"aligncenter\"><img decoding=\"async\" src=\"https:\/\/arnwiesen.net\/wpt\/wp-content\/uploads\/2005\/kalkr._gesamt.jpg\" alt=\"Image\" title=\"Image\"\/><\/figure>\n<\/div>\n\n\n<p>Blick vom Aussichtsturm auf das Schlachtfeld.<\/p>\n\n\n<div class=\"wp-block-image\">\n<figure class=\"aligncenter\"><img decoding=\"async\" src=\"https:\/\/arnwiesen.net\/wpt\/wp-content\/uploads\/2005\/kalkr._gruppe_2.jpg\" alt=\"Image\" title=\"Image\"\/><\/figure>\n<\/div>\n\n\n<p>TCKJ&#8217;ler am Ende eines rundherum gelungenem Jahrestreffen.<\/p>\n","protected":false},"excerpt":{"rendered":"<p>Jahrestreffen des TCKJ &#8211; Hagen aTW Teil 4 Kulturpunkte Wie immer geh\u00f6rt zu einem Jahrestreffen des TCKJ neben Sport und Feiern auch Kultur. Diesmal wurde das Gel\u00e4nde besichtigt, auf dem Hermann und die Germanen, im Jahre 9 n. Chr.,&nbsp;Varus und die R\u00f6mer besiegten.<\/p>\n","protected":false},"author":5,"featured_media":0,"comment_status":"closed","ping_status":"open","sticky":false,"template":"","format":"standard","meta":{"footnotes":""},"categories":[11],"tags":[243,181,224],"class_list":["post-3146","post","type-post","status-publish","format-standard","hentry","category-berichte-2005","tag-hagen-atw","tag-jahrestreffen","tag-kulturprogramm"],"_links":{"self":[{"href":"https:\/\/arnwiesen.net\/wpt\/wp-json\/wp\/v2\/posts\/3146","targetHints":{"allow":["GET"]}}],"collection":[{"href":"https:\/\/arnwiesen.net\/wpt\/wp-json\/wp\/v2\/posts"}],"about":[{"href":"https:\/\/arnwiesen.net\/wpt\/wp-json\/wp\/v2\/types\/post"}],"author":[{"embeddable":true,"href":"https:\/\/arnwiesen.net\/wpt\/wp-json\/wp\/v2\/users\/5"}],"replies":[{"embeddable":true,"href":"https:\/\/arnwiesen.net\/wpt\/wp-json\/wp\/v2\/comments?post=3146"}],"version-history":[{"count":2,"href":"https:\/\/arnwiesen.net\/wpt\/wp-json\/wp\/v2\/posts\/3146\/revisions"}],"predecessor-version":[{"id":3943,"href":"https:\/\/arnwiesen.net\/wpt\/wp-json\/wp\/v2\/posts\/3146\/revisions\/3943"}],"wp:attachment":[{"href":"https:\/\/arnwiesen.net\/wpt\/wp-json\/wp\/v2\/media?parent=3146"}],"wp:term":[{"taxonomy":"category","embeddable":true,"href":"https:\/\/arnwiesen.net\/wpt\/wp-json\/wp\/v2\/categories?post=3146"},{"taxonomy":"post_tag","embeddable":true,"href":"https:\/\/arnwiesen.net\/wpt\/wp-json\/wp\/v2\/tags?post=3146"}],"curies":[{"name":"wp","href":"https:\/\/api.w.org\/{rel}","templated":true}]}}