{"id":3136,"date":"2005-08-06T20:00:00","date_gmt":"2005-08-06T18:00:00","guid":{"rendered":"https:\/\/arnwiesen.net\/wpt\/?p=3136"},"modified":"2022-07-17T19:40:24","modified_gmt":"2022-07-17T17:40:24","slug":"jahrestreffen-vom-2-4-9-05","status":"publish","type":"post","link":"https:\/\/arnwiesen.net\/wpt\/2005\/jahrestreffen-vom-2-4-9-05\/","title":{"rendered":"Jahrestreffen vom 2.-4.9.05"},"content":{"rendered":"\n<p>Nur noch wenige Wochen bis zum Jahrestreffen in Hagen a.TW.\u00a0 <\/p>\n\n\n\n<p>Hier das Programm (\u00c4nderungen und Erg\u00e4nzungen der Veranstalter m\u00f6glich) :<\/p>\n\n\n\n<!--more-->\n\n\n\n<figure class=\"wp-block-table\"><table><tbody><tr><td>Freitag 2.9.05<\/td><td>Abends eintreffen der Teilnehmer aus Ost und West bei<\/td><\/tr><tr><td>&nbsp;<\/td><td>Familie Unnerstall<br>Rosenstr. 26<br>49170 Hagen<\/td><\/tr><tr><td>&nbsp;<\/td><td>Von da werden die Teilnehmer in die diversen Quartiere verteilt.<br>Genaue Wegbeschreibung kann bei Ludwig angefordert werden:<br>Tel. : 05405\/8623 oder E- mail :&nbsp;<a href=\"mailto:unnerstall@web.de\">unnerstall@web.de<\/a>&nbsp;oder&nbsp;<a href=\"mailto:Ludwig.Unnerstall@Malteser-Osnabrueck.de\">Ludwig.Unnerstall@Malteser-Osnabrueck.de<\/a><\/td><\/tr><tr><td>&nbsp;<\/td><td>&nbsp;<\/td><\/tr><tr><td>Samstag 3.9.05<\/td><td>Sportprogramm<\/td><\/tr><tr><td>&nbsp;<\/td><td>10.30&nbsp; Uhr f\u00fcr RTF&#8217;ler treffen zur&nbsp;<strong>2. Steckenpferd-Tour&nbsp;<\/strong>49205 Hasbergen Haupt-und Realschule, Schlulstr. 16<br>km: 153\/115\/75\/45<\/td><\/tr><tr><td>&nbsp;<\/td><td>oder<\/td><\/tr><tr><td>&nbsp;<\/td><td>14.00 Uhr f\u00fcr L\u00e4ufer&nbsp;<strong>30. Hagener Volkslauf&nbsp;<\/strong>Hagen a.T.W., Haupt- und Realschule<\/td><\/tr><tr><td>&nbsp;<\/td><td>&nbsp;10 km u. 20 km Lauf14.30 Uhr3,50 \u20ac5-km Lauf14.45 Uhr3,50 \u20ac5 km u. 10 km Walking14.55 Uhr3,50 \u20acBambinilauf15.00 Uhrkostenlos<\/td><\/tr><tr><td>&nbsp;<\/td><td>Online &#8211; Anmeldung :&nbsp;<a href=\"http:\/\/www.laufen-os.de\/\">http:\/\/www.laufen-os.de\/<\/a><\/td><\/tr><tr><td>&nbsp;<\/td><td>Danach Jahresfeier&nbsp;(genauer Ort wird noch bekannt gegeben)<\/td><\/tr><tr><td>Sonntag 4.9.05<\/td><td>Kulturprogramm (Vorschlag)<\/td><\/tr><tr><td>&nbsp;<\/td><td>Barfussweg in Lienen&nbsp;<a href=\"http:\/\/www.in-lienen.de\/barfusspark\/\">http:\/\/www.in-lienen.de\/barfusspark\/<\/a>&nbsp;(bereits getestet von Rosi, B\u00e4rbel, Ulli, Stefan Urteil : Sehr empfehlenswert)<\/td><\/tr><tr><td>&nbsp;<\/td><td>anschl.&nbsp;zur Alm Mallepartus zum Ausklang<\/td><\/tr><\/tbody><\/table><\/figure>\n\n\n\n<p>F\u00fcr baldige Zusage mit Personenzahl w\u00e4ren die Veranstalter dankbar.<\/p>\n\n\n\n<p>Bis bald<\/p>\n\n\n\n<p>Cossi<\/p>\n\n\n\n<p>(meine neue Telefonnummer : 0203\/2988590)<\/p>\n\n\n\n<p>Antwort an :&nbsp;<a href=\"mailto:cossmann@gmx.de\">cossmann@gmx.de<\/a>&nbsp;oder&nbsp;<a href=\"mailto:unnerstall@web.de\">unnerstall@web.de<\/a>&nbsp;oder&nbsp;<a href=\"mailto:Ludwig.Unnerstall@Malteser-Osnabrueck.de\">Ludwig.Unnerstall@Malteser-Osnabrueck.de<\/a><\/p>\n","protected":false},"excerpt":{"rendered":"<p>Nur noch wenige Wochen bis zum Jahrestreffen in Hagen a.TW.\u00a0 Hier das Programm (\u00c4nderungen und Erg\u00e4nzungen der Veranstalter m\u00f6glich) :<\/p>\n","protected":false},"author":5,"featured_media":0,"comment_status":"closed","ping_status":"open","sticky":false,"template":"","format":"standard","meta":{"footnotes":""},"categories":[11],"tags":[181,262],"class_list":["post-3136","post","type-post","status-publish","format-standard","hentry","category-berichte-2005","tag-jahrestreffen","tag-planung"],"_links":{"self":[{"href":"https:\/\/arnwiesen.net\/wpt\/wp-json\/wp\/v2\/posts\/3136","targetHints":{"allow":["GET"]}}],"collection":[{"href":"https:\/\/arnwiesen.net\/wpt\/wp-json\/wp\/v2\/posts"}],"about":[{"href":"https:\/\/arnwiesen.net\/wpt\/wp-json\/wp\/v2\/types\/post"}],"author":[{"embeddable":true,"href":"https:\/\/arnwiesen.net\/wpt\/wp-json\/wp\/v2\/users\/5"}],"replies":[{"embeddable":true,"href":"https:\/\/arnwiesen.net\/wpt\/wp-json\/wp\/v2\/comments?post=3136"}],"version-history":[{"count":3,"href":"https:\/\/arnwiesen.net\/wpt\/wp-json\/wp\/v2\/posts\/3136\/revisions"}],"predecessor-version":[{"id":3953,"href":"https:\/\/arnwiesen.net\/wpt\/wp-json\/wp\/v2\/posts\/3136\/revisions\/3953"}],"wp:attachment":[{"href":"https:\/\/arnwiesen.net\/wpt\/wp-json\/wp\/v2\/media?parent=3136"}],"wp:term":[{"taxonomy":"category","embeddable":true,"href":"https:\/\/arnwiesen.net\/wpt\/wp-json\/wp\/v2\/categories?post=3136"},{"taxonomy":"post_tag","embeddable":true,"href":"https:\/\/arnwiesen.net\/wpt\/wp-json\/wp\/v2\/tags?post=3136"}],"curies":[{"name":"wp","href":"https:\/\/api.w.org\/{rel}","templated":true}]}}