{"id":3126,"date":"2005-07-01T08:49:00","date_gmt":"2005-07-01T06:49:00","guid":{"rendered":"https:\/\/arnwiesen.net\/wpt\/?p=3126"},"modified":"2022-07-17T21:39:53","modified_gmt":"2022-07-17T19:39:53","slug":"2-malteserlauf","status":"publish","type":"post","link":"https:\/\/arnwiesen.net\/wpt\/2005\/2-malteserlauf\/","title":{"rendered":"2. Malteserlauf"},"content":{"rendered":"\n<p>Beim 2. Malteserlauf am 1.7.05 nahmen einige TCKJ&#8217;ler erfolgreich teil. Atze, der aus Jena anreiste verpasste den Start nur knapp.<\/p>\n\n\n<div class=\"wp-block-image\">\n<figure class=\"aligncenter size-large\"><img decoding=\"async\" src=\"https:\/\/arnwiesen.net\/wpt\/wp-content\/uploads\/2005\/malteserlauf-ludwig.jpg\" alt=\"Image\" title=\"Image\"\/><\/figure>\n<\/div>\n\n\n<p>Ludwig gewann die Malteser Wertung im TCKJ &#8211; Hemd. Andrea hat ihren ersten Wettkampf nach dem Skiunfall gleich mit einem Sieg beendet und konnte die Gl\u00fcckw\u00fcnsche der B\u00fcrgermeisterin von Bad Iburg in Empfang nehmen. Hier ein Zitat aus der Osnabr\u00fccker Zeitung : Siegerin bei den Damen wurde mit 48 Minuten und vier Sekunden Andrea Berelsmann vom TC K\u00f6ln-Jena. (Quelle: NOZ S\u00fcdkreis vom 04.07.2005)<\/p>\n\n\n\n<!--more-->\n\n\n<div class=\"wp-block-image\">\n<figure class=\"aligncenter size-large\"><img decoding=\"async\" src=\"https:\/\/arnwiesen.net\/wpt\/wp-content\/uploads\/2005\/malteserlauf-andrea.jpg\" alt=\"Image\" title=\"Image\"\/><\/figure>\n<\/div>\n\n\n<p>Der gesamte Bericht auf:&nbsp;<a target=\"_blank\" href=\"http:\/\/dgs.malteser-osnabrueck.de\/\" rel=\"noreferrer noopener\">http:\/\/dgs.malteser-osnabrueck.de\/<\/a><\/p>\n\n\n\n<figure class=\"wp-block-table\"><table><tbody><tr><td>&nbsp;1<\/td><td>&nbsp;Berelsmann<\/td><td>&nbsp;Andrea<\/td><td>&nbsp;TC K\u00f6ln-Jena<\/td><td>&nbsp;0:48:04<\/td><\/tr><tr><td>&nbsp;<\/td><td>&nbsp;<\/td><td>&nbsp;<\/td><td>&nbsp;<\/td><td>&nbsp;<\/td><\/tr><tr><td>&nbsp;15<\/td><td>&nbsp;Unnerstall<\/td><td>&nbsp;Ludwig<\/td><td>&nbsp;TC K\u00f6ln-Jena<\/td><td>&nbsp;0:47:23<\/td><\/tr><tr><td>&nbsp;32<\/td><td>&nbsp;Hehmann<\/td><td>&nbsp;Bernhard<\/td><td>&nbsp;TC K\u00f6ln-Jena<\/td><td>&nbsp;0:51:25<\/td><\/tr><tr><td>&nbsp;34<\/td><td>&nbsp;Diekriede<\/td><td>&nbsp;Burkhard<\/td><td>&nbsp;TC K\u00f6ln-Jena<\/td><td>&nbsp;0:51:42<\/td><\/tr><tr><td>&nbsp;42<\/td><td>&nbsp;Reimann<\/td><td>&nbsp;Michael<\/td><td>&nbsp;TC K\u00f6ln-Jena<\/td><td>&nbsp;0:53:06<\/td><\/tr><\/tbody><\/table><\/figure>\n","protected":false},"excerpt":{"rendered":"<p>Beim 2. Malteserlauf am 1.7.05 nahmen einige TCKJ&#8217;ler erfolgreich teil. Atze, der aus Jena anreiste verpasste den Start nur knapp. Ludwig gewann die Malteser Wertung im TCKJ &#8211; Hemd. Andrea hat ihren ersten Wettkampf nach dem Skiunfall gleich mit einem Sieg beendet und konnte die Gl\u00fcckw\u00fcnsche der B\u00fcrgermeisterin von Bad Iburg in Empfang nehmen. Hier &hellip; <a href=\"https:\/\/arnwiesen.net\/wpt\/2005\/2-malteserlauf\/\" class=\"more-link\"><span class=\"screen-reader-text\">\u201e2. Malteserlauf\u201c<\/span> weiterlesen<\/a><\/p>\n","protected":false},"author":5,"featured_media":0,"comment_status":"closed","ping_status":"open","sticky":false,"template":"","format":"standard","meta":{"footnotes":""},"categories":[11],"tags":[125,202,159,220],"class_list":["post-3126","post","type-post","status-publish","format-standard","hentry","category-berichte-2005","tag-10km","tag-bad-iburg","tag-landschaftslauf","tag-malteser-lauf"],"_links":{"self":[{"href":"https:\/\/arnwiesen.net\/wpt\/wp-json\/wp\/v2\/posts\/3126","targetHints":{"allow":["GET"]}}],"collection":[{"href":"https:\/\/arnwiesen.net\/wpt\/wp-json\/wp\/v2\/posts"}],"about":[{"href":"https:\/\/arnwiesen.net\/wpt\/wp-json\/wp\/v2\/types\/post"}],"author":[{"embeddable":true,"href":"https:\/\/arnwiesen.net\/wpt\/wp-json\/wp\/v2\/users\/5"}],"replies":[{"embeddable":true,"href":"https:\/\/arnwiesen.net\/wpt\/wp-json\/wp\/v2\/comments?post=3126"}],"version-history":[{"count":2,"href":"https:\/\/arnwiesen.net\/wpt\/wp-json\/wp\/v2\/posts\/3126\/revisions"}],"predecessor-version":[{"id":3965,"href":"https:\/\/arnwiesen.net\/wpt\/wp-json\/wp\/v2\/posts\/3126\/revisions\/3965"}],"wp:attachment":[{"href":"https:\/\/arnwiesen.net\/wpt\/wp-json\/wp\/v2\/media?parent=3126"}],"wp:term":[{"taxonomy":"category","embeddable":true,"href":"https:\/\/arnwiesen.net\/wpt\/wp-json\/wp\/v2\/categories?post=3126"},{"taxonomy":"post_tag","embeddable":true,"href":"https:\/\/arnwiesen.net\/wpt\/wp-json\/wp\/v2\/tags?post=3126"}],"curies":[{"name":"wp","href":"https:\/\/api.w.org\/{rel}","templated":true}]}}