{"id":3115,"date":"2006-12-31T07:56:00","date_gmt":"2006-12-31T06:56:00","guid":{"rendered":"https:\/\/arnwiesen.net\/wpt\/?p=3115"},"modified":"2022-07-16T18:27:49","modified_gmt":"2022-07-16T16:27:49","slug":"27-silvesterlauf","status":"publish","type":"post","link":"https:\/\/arnwiesen.net\/wpt\/2006\/27-silvesterlauf\/","title":{"rendered":"27. Silvesterlauf"},"content":{"rendered":"\n<p>W\u00e4hrend die Westgruppe das Jahr auf dem Sofa ausklingen l\u00e4\u00dft, nutzte die Nordgruppe den letzten Starttermin des alten Jahres. Gut vertreten mit 7 L\u00e4ufern trotzten wir Sturmwarnung und Festtagsspeck. Jeder mit sich und seiner Zeit zufrieden kann das neue Jahr kommen.<\/p>\n\n\n<div class=\"wp-block-image\">\n<figure class=\"aligncenter size-full\"><img loading=\"lazy\" decoding=\"async\" width=\"360\" height=\"480\" src=\"https:\/\/arnwiesen.net\/wpt\/wp-content\/uploads\/2006\/20061231-sylvesterlauf\/100_6905h.jpg\" alt=\"\" class=\"wp-image-1850\" srcset=\"https:\/\/arnwiesen.net\/wpt\/wp-content\/uploads\/2006\/20061231-sylvesterlauf\/100_6905h.jpg 360w, https:\/\/arnwiesen.net\/wpt\/wp-content\/uploads\/2006\/20061231-sylvesterlauf\/100_6905h-225x300.jpg 225w\" sizes=\"auto, (max-width: 360px) 85vw, 360px\" \/><figcaption>Ulli, Ludwig, Richard, Rosi und Burghard<br> die ersten an der Startlinie<\/figcaption><\/figure>\n<\/div>\n\n\n<!--more-->\n\n\n\n<p>Karl Valentin hat einmal gesagt, &#8222;Heut mach ich mir eine Freude und besuch mich selbst&#8220;. Wir w\u00fcnschen ALLEN\u00a0 im neuen Jahr die Zeit f\u00fcr solche Besuche.<\/p>\n\n\n\n<p>Hoffentlich sehen auch&nbsp;<em>wir&nbsp;<\/em>uns des \u00d6ftern.<\/p>\n\n\n<div class=\"wp-block-image\">\n<figure class=\"aligncenter size-full\"><img loading=\"lazy\" decoding=\"async\" width=\"480\" height=\"360\" src=\"https:\/\/arnwiesen.net\/wpt\/wp-content\/uploads\/2006\/20061231-sylvesterlauf\/100_6911.jpg\" alt=\"\" class=\"wp-image-1851\" srcset=\"https:\/\/arnwiesen.net\/wpt\/wp-content\/uploads\/2006\/20061231-sylvesterlauf\/100_6911.jpg 480w, https:\/\/arnwiesen.net\/wpt\/wp-content\/uploads\/2006\/20061231-sylvesterlauf\/100_6911-300x225.jpg 300w\" sizes=\"auto, (max-width: 480px) 85vw, 480px\" \/><figcaption>J\u00f6rg &#8211; wie \u00fcblich der Schnellster<\/figcaption><\/figure>\n<\/div>\n\n<div class=\"wp-block-image\">\n<figure class=\"aligncenter size-full\"><img loading=\"lazy\" decoding=\"async\" width=\"480\" height=\"360\" src=\"https:\/\/arnwiesen.net\/wpt\/wp-content\/uploads\/2006\/20061231-sylvesterlauf\/100_6915.jpg\" alt=\"\" class=\"wp-image-1852\" srcset=\"https:\/\/arnwiesen.net\/wpt\/wp-content\/uploads\/2006\/20061231-sylvesterlauf\/100_6915.jpg 480w, https:\/\/arnwiesen.net\/wpt\/wp-content\/uploads\/2006\/20061231-sylvesterlauf\/100_6915-300x225.jpg 300w\" sizes=\"auto, (max-width: 480px) 85vw, 480px\" \/><figcaption>&#8230; den pack&#8216; ich noch!<\/figcaption><\/figure>\n<\/div>\n\n\n<figure class=\"wp-block-table\"><table><tbody><tr><td><strong>Platz &#8211; 5,6 km<\/strong><\/td><td><strong>Name<\/strong><\/td><td><strong>AK<\/strong><\/td><td><strong>PlatzAK<\/strong><\/td><td><strong>Nettozeit<\/strong><\/td><\/tr><tr><td>304<\/td><td>Rosemarie<\/td><td>W40<\/td><td>40<\/td><td>00:35:17<\/td><\/tr><tr><td>314<\/td><td>Richard<\/td><td>M40<\/td><td>46<\/td><td>00:35:36<\/td><\/tr><tr><td>349<\/td><td>Ulrich<\/td><td>M40<\/td><td>52<\/td><td>00:37:16<\/td><\/tr><tr><td>&nbsp;<\/td><td>&nbsp;<\/td><td>&nbsp;<\/td><td>&nbsp;<\/td><td>&nbsp;<\/td><\/tr><tr><td><strong>Platz &#8211; 10 km<\/strong><\/td><td><strong>Name<\/strong><\/td><td><strong>AK<\/strong><\/td><td><strong>Platz-AK<\/strong><\/td><td><strong>Nettozeit<\/strong><\/td><\/tr><tr><td>84<\/td><td>J\u00f6rg<\/td><td>M40<\/td><td>33<\/td><td>00:41:49<\/td><\/tr><tr><td>462<\/td><td>Burkhard<\/td><td>M40<\/td><td>186<\/td><td>00:50:11<\/td><\/tr><tr><td>504<\/td><td>Ludwig<\/td><td>M40<\/td><td>202<\/td><td>00:51:02<\/td><\/tr><tr><td>769<\/td><td>Michael<\/td><td>M40<\/td><td>275<\/td><td>00:55:10<\/td><\/tr><\/tbody><\/table><\/figure>\n","protected":false},"excerpt":{"rendered":"<p>W\u00e4hrend die Westgruppe das Jahr auf dem Sofa ausklingen l\u00e4\u00dft, nutzte die Nordgruppe den letzten Starttermin des alten Jahres. Gut vertreten mit 7 L\u00e4ufern trotzten wir Sturmwarnung und Festtagsspeck. Jeder mit sich und seiner Zeit zufrieden kann das neue Jahr kommen.<\/p>\n","protected":false},"author":1,"featured_media":0,"comment_status":"closed","ping_status":"open","sticky":false,"template":"","format":"standard","meta":{"footnotes":""},"categories":[28],"tags":[125,277,126,210],"class_list":["post-3115","post","type-post","status-publish","format-standard","hentry","category-berichte-2006","tag-10km","tag-osnabrueck","tag-silvesterlauf","tag-volkslauf"],"_links":{"self":[{"href":"https:\/\/arnwiesen.net\/wpt\/wp-json\/wp\/v2\/posts\/3115","targetHints":{"allow":["GET"]}}],"collection":[{"href":"https:\/\/arnwiesen.net\/wpt\/wp-json\/wp\/v2\/posts"}],"about":[{"href":"https:\/\/arnwiesen.net\/wpt\/wp-json\/wp\/v2\/types\/post"}],"author":[{"embeddable":true,"href":"https:\/\/arnwiesen.net\/wpt\/wp-json\/wp\/v2\/users\/1"}],"replies":[{"embeddable":true,"href":"https:\/\/arnwiesen.net\/wpt\/wp-json\/wp\/v2\/comments?post=3115"}],"version-history":[{"count":2,"href":"https:\/\/arnwiesen.net\/wpt\/wp-json\/wp\/v2\/posts\/3115\/revisions"}],"predecessor-version":[{"id":3846,"href":"https:\/\/arnwiesen.net\/wpt\/wp-json\/wp\/v2\/posts\/3115\/revisions\/3846"}],"wp:attachment":[{"href":"https:\/\/arnwiesen.net\/wpt\/wp-json\/wp\/v2\/media?parent=3115"}],"wp:term":[{"taxonomy":"category","embeddable":true,"href":"https:\/\/arnwiesen.net\/wpt\/wp-json\/wp\/v2\/categories?post=3115"},{"taxonomy":"post_tag","embeddable":true,"href":"https:\/\/arnwiesen.net\/wpt\/wp-json\/wp\/v2\/tags?post=3115"}],"curies":[{"name":"wp","href":"https:\/\/api.w.org\/{rel}","templated":true}]}}