{"id":3113,"date":"2006-12-02T07:56:00","date_gmt":"2006-12-02T06:56:00","guid":{"rendered":"https:\/\/arnwiesen.net\/wpt\/?p=3113"},"modified":"2022-07-22T22:47:23","modified_gmt":"2022-07-22T20:47:23","slug":"20-wedaupokal","status":"publish","type":"post","link":"https:\/\/arnwiesen.net\/wpt\/2006\/20-wedaupokal\/","title":{"rendered":"20. Wedaupokal"},"content":{"rendered":"\n<div class=\"wp-block-group is-nowrap is-layout-flex wp-container-core-group-is-layout-ad2f72ca wp-block-group-is-layout-flex\">\n<p><strong>40 StarterInnen : <\/strong><br><strong>Neuer Teilnahmerekord<\/strong><\/p>\n\n\n<div class=\"wp-block-image\">\n<figure class=\"aligncenter\"><img decoding=\"async\" src=\"https:\/\/arnwiesen.net\/wpt\/wp-content\/uploads\/1998\/wedau.jpg\" alt=\"Image\" title=\"Image\"\/><\/figure>\n<\/div><\/div>\n\n\n<div class=\"wp-block-image\">\n<figure class=\"aligncenter size-full\"><img loading=\"lazy\" decoding=\"async\" width=\"502\" height=\"310\" src=\"https:\/\/arnwiesen.net\/wpt\/wp-content\/uploads\/2006\/wed-kinder-start.jpg\" alt=\"\" class=\"wp-image-1814\" srcset=\"https:\/\/arnwiesen.net\/wpt\/wp-content\/uploads\/2006\/wed-kinder-start.jpg 502w, https:\/\/arnwiesen.net\/wpt\/wp-content\/uploads\/2006\/wed-kinder-start-300x185.jpg 300w\" sizes=\"auto, (max-width: 502px) 85vw, 502px\" \/><\/figure>\n<\/div>\n\n\n<p>Beim Kinderstart waren diesmal mehr Begleiter und Wegweiser unterwegs als Teilnehmer, da die Kinder immer j\u00fcnger auf die gro\u00dfe Strecke wechseln.<\/p>\n\n\n\n<!--more-->\n\n\n<div class=\"wp-block-image\">\n<figure class=\"aligncenter size-full\"><img loading=\"lazy\" decoding=\"async\" width=\"271\" height=\"502\" src=\"https:\/\/arnwiesen.net\/wpt\/wp-content\/uploads\/2006\/wed-cossi.jpg\" alt=\"\" class=\"wp-image-1811\" title=\"Image\" srcset=\"https:\/\/arnwiesen.net\/wpt\/wp-content\/uploads\/2006\/wed-cossi.jpg 271w, https:\/\/arnwiesen.net\/wpt\/wp-content\/uploads\/2006\/wed-cossi-162x300.jpg 162w\" sizes=\"auto, (max-width: 271px) 85vw, 271px\" \/><\/figure>\n<\/div>\n\n\n<p>Cossi erkl\u00e4rt ausf\u00fchrlich den Streckenverlauf, da einige Teilnehmer neu dabei waren.<\/p>\n\n\n<div class=\"wp-block-image\">\n<figure class=\"aligncenter size-large\"><img decoding=\"async\" src=\"https:\/\/arnwiesen.net\/wpt\/wp-content\/uploads\/2006\/wed-start.jpg\" alt=\"Image\" title=\"Image\"\/><\/figure>\n<\/div>\n\n\n<p>Alle h\u00f6ren gespannt zu und so hat sich in diesem Jahr niemand verlaufen.<\/p>\n\n\n<div class=\"wp-block-image\">\n<figure class=\"aligncenter size-large\"><img decoding=\"async\" src=\"https:\/\/arnwiesen.net\/wpt\/wp-content\/uploads\/2006\/wed-frank-im-ziel.jpg\" alt=\"Image\" title=\"Image\"\/><\/figure>\n<\/div>\n\n\n<p>Diesmal sorgten 2 &#8222;Nichtl\u00e4ufer&#8220; f\u00fcr Furore.&nbsp;<strong>Frank<\/strong>&nbsp;der als guter Bergradfahrer bekannt ist, ist das letzte Mal 1995 bei seinem ersten und letzten Triathlon gejoggt. Trotzdem h\u00e4lt er mit der Spitze&nbsp; der 9,2 Kilometerl\u00e4ufer mit und wird mit ausgezeichneten 21,36 Minuten Zweiter bei den 4,7 km &#8211; L\u00e4ufern.<\/p>\n\n\n\n<p><strong>Jan<\/strong>&nbsp;ist im Laufe der RTF &#8211; Saison 2006&nbsp;zum TCKJ gestossen. Neben Radfahren ist er in etlichen Sportarten aktiv, aber nicht im Laufen. So wollte er mal zum ausprobieren eine Runde mittraben. Auf der Zielgeraden zieht er einen Endspurt an und kommt vor Daniel und Atze \u00fcber die Ziellinie, die noch eine Runde laufen. Er setzt sich zum entspannen auf einen Campingstuhl und plaudert mit Teilnehmern des Kinderlaufes (Bild rechts).&nbsp;Das macht er ca. 2 Minuten lang. Nachdem immer mehr L\u00e4ufer in die 2. Runde gehen startet er auch wieder \u00fcberholt einige \u00fcberraschte&nbsp;9,2 km &#8211; L\u00e4ufer und wird Vierter.<\/p>\n\n\n<div class=\"wp-block-image\">\n<figure class=\"aligncenter size-large\"><img decoding=\"async\" src=\"https:\/\/arnwiesen.net\/wpt\/wp-content\/uploads\/2006\/wed-nikolaus.jpg\" alt=\"Image\" title=\"Image\"\/><\/figure>\n<\/div>\n\n\n<p><strong>Maik<\/strong>,&nbsp;<strong>Nicolas<\/strong>&nbsp;und&nbsp;<strong>Michael<\/strong>&nbsp;waren diesmal als Nikol\u00e4use unterwegs. Als gute Tat f\u00fchrten sie&nbsp;den schon abgeschlagenen Cossi wieder an Henry heran.<\/p>\n\n\n<div class=\"wp-block-image\">\n<figure class=\"aligncenter size-large\"><img decoding=\"async\" src=\"https:\/\/arnwiesen.net\/wpt\/wp-content\/uploads\/2006\/wed-beate.jpg\" alt=\"Image\" title=\"Image\"\/><\/figure>\n<\/div>\n\n\n<p><strong>Beate<\/strong>&nbsp;blieb bei Ihrem ersten Start gleich unter der 30 Minuten &#8211; Marke und kam vor Wedaupokalerfinder Rolf ins Ziel. Das begeisterte sogar Zeitnehmer&nbsp;<strong>Thomas<\/strong>&nbsp;so, dass er ein St\u00fcck mitlief.<\/p>\n\n\n<div class=\"wp-block-image\">\n<figure class=\"aligncenter size-large\"><img decoding=\"async\" src=\"https:\/\/arnwiesen.net\/wpt\/wp-content\/uploads\/2006\/wed-ulli.jpg\" alt=\"Image\" title=\"Image\"\/><\/figure>\n<\/div>\n\n\n<p><strong>Ulli<\/strong>, der Sieger des B &#8211; Pokal, er verbessert sich um sagenhafte 5,29 Minuten, ein gl\u00e4nzender Abschluss seiner besten Saison beim TCKJ.<\/p>\n\n\n<div class=\"wp-block-image\">\n<figure class=\"aligncenter size-large\"><img decoding=\"async\" src=\"https:\/\/arnwiesen.net\/wpt\/wp-content\/uploads\/2006\/wed-walking.jpg\" alt=\"Image\" title=\"Image\"\/><\/figure>\n<\/div>\n\n\n<p>Beim Walking kam es zum Zweikampf zwischen der Siegerin 2004&nbsp;<strong>Sigrid<\/strong>&nbsp;und der Siegerin 2005&nbsp;<strong>B\u00e4rbel<\/strong>. B\u00e4rbel \u00fcberquerte die Ziellinie knapp zuerst.<\/p>\n\n\n<div class=\"wp-block-image\">\n<figure class=\"aligncenter size-large\"><img decoding=\"async\" src=\"https:\/\/arnwiesen.net\/wpt\/wp-content\/uploads\/2006\/wed-sieger-jan-p.jpg\" alt=\"Image\" title=\"Image\"\/><\/figure>\n<\/div>\n\n\n<p>Leider konnte Familie Fischell nicht an der offiziellen Siegerehrung in der Seniorenbegegnungsst\u00e4tte teilnehmen, so wurde der \u00fcberragende Sieger des 4,7 km &#8211; Laufs&nbsp;<strong>Jan-Phillipp<\/strong>&nbsp;direkt im Ziel geehrt.<\/p>\n\n\n<div class=\"wp-block-image\">\n<figure class=\"aligncenter size-large\"><img decoding=\"async\" src=\"https:\/\/arnwiesen.net\/wpt\/wp-content\/uploads\/2006\/cossi-50.-geburtstag_ulla.jpg\" alt=\"Image\" title=\"Image\"\/><\/figure>\n<\/div>\n\n\n<p><strong>Ulla,&nbsp;<\/strong>erst seit August beim TCKJ, (Drachenbootfahren, RTF Krefeld) und schon Gewinnerin des 9,2 Kilometer &#8211; Pokal der Frauen, und wohl Weltrekordlerin \u00fcber die selten gelaufene Strecke.&nbsp;<\/p>\n\n\n<div class=\"wp-block-image\">\n<figure class=\"aligncenter size-large\"><img decoding=\"async\" src=\"https:\/\/arnwiesen.net\/wpt\/wp-content\/uploads\/2006\/wed-daniel.jpg\" alt=\"Image\" title=\"Image\"\/><\/figure>\n<\/div>\n\n\n<p><strong>Daniel<\/strong>, der erste Kinderpokalsieger im Jahr 1994 ist jetzt Gewinner des 9,2 Kilometer &#8211; Pokal der M\u00e4nner, und wohl Weltrekordler \u00fcber die selten gelaufene Strecke.<\/p>\n\n\n\n<figure class=\"wp-block-table\"><table><tbody><tr><td>&nbsp;<\/td><td><strong>20. Wedaupokal<\/strong><\/td><td>&nbsp;<\/td><td>&nbsp;<\/td><td>&nbsp;<\/td><td>&nbsp;<\/td><\/tr><tr><td>&nbsp;<\/td><td><strong>Ergebnisliste 2006<\/strong><\/td><td>&nbsp;<\/td><td>&nbsp;<\/td><td>&nbsp;<\/td><td>&nbsp;<\/td><\/tr><tr><td>&nbsp;<\/td><td><strong>02.12.06<\/strong><\/td><td>&nbsp;<\/td><td>&nbsp;<\/td><td>&nbsp;<\/td><td>&nbsp;<\/td><\/tr><tr><td>&nbsp;<\/td><td>&nbsp;<\/td><td>&nbsp;<\/td><td>&nbsp;<\/td><td>&nbsp;<\/td><td>&nbsp;<\/td><\/tr><tr><td>&nbsp;<\/td><td><strong>Jungen<\/strong><\/td><td>&nbsp;<strong>1,7 km<\/strong><\/td><td>&nbsp;<\/td><td>&nbsp;<\/td><td>&nbsp;<\/td><\/tr><tr><td>1.<\/td><td>Christoph<\/td><td>8,25<\/td><td>&nbsp;<\/td><td>&nbsp;<\/td><td>&nbsp;<\/td><\/tr><tr><td>2.<\/td><td>David<\/td><td>10,13<\/td><td>&nbsp;<\/td><td>&nbsp;<\/td><td>&nbsp;<\/td><\/tr><tr><td>3.<\/td><td>Stefan<\/td><td>11,59<\/td><td>&nbsp;<\/td><td>&nbsp;<\/td><td>&nbsp;<\/td><\/tr><tr><td>4.<\/td><td>Moritz<\/td><td>12,17<\/td><td>&nbsp;<\/td><td>&nbsp;<\/td><td>&nbsp;<\/td><\/tr><tr><td>&nbsp;<\/td><td>&nbsp;<\/td><td>&nbsp;<\/td><td>&nbsp;<\/td><td>&nbsp;<\/td><td>&nbsp;<\/td><\/tr><tr><td>&nbsp;<\/td><td><strong>Frauen<\/strong><\/td><td>&nbsp;<strong>4,7 km<\/strong><\/td><td>&nbsp;<\/td><td><strong>Frauen<\/strong><\/td><td><strong>B &#8211; Wertung<br>Differenz<\/strong><\/td><\/tr><tr><td>1.<\/td><td>Rosemarie<\/td><td>27,12<\/td><td>1.<\/td><td>Rosemarie<\/td><td>-0,57<\/td><\/tr><tr><td>1.<\/td><td>Heike<\/td><td>27,12<\/td><td>2.<\/td><td>Heike<\/td><td>3,31<\/td><\/tr><tr><td>3.<\/td><td>Beate<\/td><td>29,46<\/td><td>&nbsp;<\/td><td>&nbsp;<\/td><td>&nbsp;<\/td><\/tr><tr><td>4.<\/td><td>Julia<\/td><td>33,26<\/td><td>&nbsp;<\/td><td>&nbsp;<\/td><td>&nbsp;<\/td><\/tr><tr><td>&nbsp;<\/td><td>&nbsp;<\/td><td>&nbsp;<\/td><td>&nbsp;<\/td><td>&nbsp;<\/td><td>&nbsp;<\/td><\/tr><tr><td>&nbsp;<\/td><td><strong>M\u00e4nner<\/strong><\/td><td>&nbsp;<strong>4,7 km<\/strong><\/td><td>&nbsp;<\/td><td><strong>M\u00e4nner<\/strong><\/td><td><strong>B &#8211; Wertung<br>Differenz<\/strong><\/td><\/tr><tr><td>1.<\/td><td>Jan-Phillipp<\/td><td>18,27<\/td><td>1.<\/td><td>Ulrich<\/td><td>-5,29<\/td><\/tr><tr><td>2.<\/td><td>Frank<\/td><td>21,36<\/td><td>2.<\/td><td>Raphael<\/td><td>-0,49<\/td><\/tr><tr><td>3.<\/td><td>Maik<\/td><td>23,46<\/td><td>3.<\/td><td>Pascal<\/td><td>-0,48<\/td><\/tr><tr><td>4.<\/td><td>Pascal<\/td><td>23,52<\/td><td>4.<\/td><td>Jan-Phillipp<\/td><td>-0,04<\/td><\/tr><tr><td>4.<\/td><td>Raphael<\/td><td>23,52<\/td><td>5.<\/td><td>Maik<\/td><td>1,20<\/td><\/tr><tr><td>6.<\/td><td>Bernhard<\/td><td>24,07<\/td><td>6.<\/td><td>Rolf<\/td><td>1,37<\/td><\/tr><tr><td>7.<\/td><td>Joachim<\/td><td>25,44<\/td><td>7.<\/td><td>Joachim<\/td><td>1,39<\/td><\/tr><tr><td>8.<\/td><td>Niklas<\/td><td>28,15<\/td><td>8.<\/td><td>Bernhard<\/td><td>2,19<\/td><\/tr><tr><td>9.<\/td><td>Rolf<\/td><td>30,04<\/td><td>&nbsp;<\/td><td>&nbsp;<\/td><td>&nbsp;<\/td><\/tr><tr><td>10.<\/td><td>Ulrich<\/td><td>31,22<\/td><td>&nbsp;<\/td><td>&nbsp;<\/td><td>&nbsp;<\/td><\/tr><tr><td>&nbsp;<\/td><td>&nbsp;<\/td><td>&nbsp;<\/td><td>&nbsp;<\/td><td>&nbsp;<\/td><td>&nbsp;<\/td><\/tr><tr><td>&nbsp;<\/td><td><strong>Frauen<\/strong><\/td><td>&nbsp;<strong>9,2 km<\/strong><\/td><td>&nbsp;<\/td><td>&nbsp;<\/td><td>&nbsp;<\/td><\/tr><tr><td>1.<\/td><td>Ulla<\/td><td>50,04<\/td><td>&nbsp;<\/td><td>&nbsp;<\/td><td>&nbsp;<\/td><\/tr><tr><td>&nbsp;<\/td><td>&nbsp;<\/td><td>&nbsp;<\/td><td>&nbsp;<\/td><td>&nbsp;<\/td><td>&nbsp;<\/td><\/tr><tr><td>&nbsp;<\/td><td><strong>M\u00e4nner<\/strong><\/td><td>&nbsp;<strong>9,2 km<\/strong><\/td><td>&nbsp;<\/td><td>&nbsp;<\/td><td>&nbsp;<\/td><\/tr><tr><td>1.<\/td><td>Daniel<\/td><td>41,28<\/td><td>&nbsp;<\/td><td>&nbsp;<\/td><td>&nbsp;<\/td><\/tr><tr><td>2.<\/td><td>Burkhard<\/td><td>42,07<\/td><td>&nbsp;<\/td><td>&nbsp;<\/td><td>&nbsp;<\/td><\/tr><tr><td>3.<\/td><td>Ulrich<\/td><td>43,00<\/td><td>&nbsp;<\/td><td>&nbsp;<\/td><td>&nbsp;<\/td><\/tr><tr><td>4.<\/td><td>Jan<\/td><td>44,27<\/td><td>&nbsp;<\/td><td>&nbsp;<\/td><td>&nbsp;<\/td><\/tr><tr><td>5.<\/td><td>J\u00f6rg<\/td><td>44,32<\/td><td>&nbsp;<\/td><td>&nbsp;<\/td><td>&nbsp;<\/td><\/tr><tr><td>6.<\/td><td>Ludwig<\/td><td>44,39<\/td><td>&nbsp;<\/td><td>&nbsp;<\/td><td>&nbsp;<\/td><\/tr><tr><td>7.<\/td><td>Stefan<\/td><td>44,49<\/td><td>&nbsp;<\/td><td>&nbsp;<\/td><td>&nbsp;<\/td><\/tr><tr><td>8.<\/td><td>Ralf<\/td><td>45,10<\/td><td>&nbsp;<\/td><td>&nbsp;<\/td><td>&nbsp;<\/td><\/tr><tr><td>9.<\/td><td>Nicolas<\/td><td>47,13<\/td><td>&nbsp;<\/td><td>&nbsp;<\/td><td>&nbsp;<\/td><\/tr><tr><td>9.<\/td><td>Michael<\/td><td>47,13<\/td><td>&nbsp;<\/td><td>&nbsp;<\/td><td>&nbsp;<\/td><\/tr><tr><td>9.<\/td><td>Michael<\/td><td>47,13<\/td><td>&nbsp;<\/td><td>&nbsp;<\/td><td>&nbsp;<\/td><\/tr><tr><td>12.<\/td><td>Henry<\/td><td>47,14<\/td><td>&nbsp;<\/td><td>&nbsp;<\/td><td>&nbsp;<\/td><\/tr><tr><td>&nbsp;<\/td><td>&nbsp;<\/td><td>&nbsp;<\/td><td>&nbsp;<\/td><td>&nbsp;<\/td><td>&nbsp;<\/td><\/tr><tr><td>&nbsp;<\/td><td><strong>Walking<\/strong><\/td><td>&nbsp;<\/td><td>&nbsp;<\/td><td>&nbsp;<\/td><td>&nbsp;<\/td><\/tr><tr><td>1.<\/td><td>B\u00e4rbel<\/td><td>37,38<\/td><td>&nbsp;<\/td><td>&nbsp;<\/td><td>&nbsp;<\/td><\/tr><tr><td>2.<\/td><td>Sigrid<\/td><td>37,39<\/td><td>&nbsp;<\/td><td>&nbsp;<\/td><td>&nbsp;<\/td><\/tr><tr><td>3.<\/td><td>Christine<\/td><td>42,30<\/td><td>&nbsp;<\/td><td>&nbsp;<\/td><td>&nbsp;<\/td><\/tr><tr><td>4.<\/td><td>Carola<\/td><td>42,33<\/td><td>&nbsp;<\/td><td>&nbsp;<\/td><td>&nbsp;<\/td><\/tr><tr><td>5.<\/td><td>Andrea<\/td><td>42,42<\/td><td>&nbsp;<\/td><td>&nbsp;<\/td><td>&nbsp;<\/td><\/tr><tr><td>5.<\/td><td>Annette<\/td><td>42,42<\/td><td>&nbsp;<\/td><td>&nbsp;<\/td><td>&nbsp;<\/td><\/tr><tr><td>5.<\/td><td>Eva<\/td><td>42,42<\/td><td>&nbsp;<\/td><td>&nbsp;<\/td><td>&nbsp;<\/td><\/tr><tr><td>5.<\/td><td>Bernd<\/td><td>42,42<\/td><td>&nbsp;<\/td><td>&nbsp;<\/td><td>&nbsp;<\/td><\/tr><\/tbody><\/table><\/figure>\n","protected":false},"excerpt":{"rendered":"<p>40 StarterInnen : Neuer Teilnahmerekord Beim Kinderstart waren diesmal mehr Begleiter und Wegweiser unterwegs als Teilnehmer, da die Kinder immer j\u00fcnger auf die gro\u00dfe Strecke wechseln.<\/p>\n","protected":false},"author":5,"featured_media":0,"comment_status":"closed","ping_status":"open","sticky":false,"template":"","format":"standard","meta":{"footnotes":""},"categories":[28],"tags":[125,196,148,307,261,130],"class_list":["post-3113","post","type-post","status-publish","format-standard","hentry","category-berichte-2006","tag-10km","tag-5km","tag-duisburg","tag-duisburg-wedau","tag-walking","tag-wedaupokal"],"_links":{"self":[{"href":"https:\/\/arnwiesen.net\/wpt\/wp-json\/wp\/v2\/posts\/3113","targetHints":{"allow":["GET"]}}],"collection":[{"href":"https:\/\/arnwiesen.net\/wpt\/wp-json\/wp\/v2\/posts"}],"about":[{"href":"https:\/\/arnwiesen.net\/wpt\/wp-json\/wp\/v2\/types\/post"}],"author":[{"embeddable":true,"href":"https:\/\/arnwiesen.net\/wpt\/wp-json\/wp\/v2\/users\/5"}],"replies":[{"embeddable":true,"href":"https:\/\/arnwiesen.net\/wpt\/wp-json\/wp\/v2\/comments?post=3113"}],"version-history":[{"count":3,"href":"https:\/\/arnwiesen.net\/wpt\/wp-json\/wp\/v2\/posts\/3113\/revisions"}],"predecessor-version":[{"id":3844,"href":"https:\/\/arnwiesen.net\/wpt\/wp-json\/wp\/v2\/posts\/3113\/revisions\/3844"}],"wp:attachment":[{"href":"https:\/\/arnwiesen.net\/wpt\/wp-json\/wp\/v2\/media?parent=3113"}],"wp:term":[{"taxonomy":"category","embeddable":true,"href":"https:\/\/arnwiesen.net\/wpt\/wp-json\/wp\/v2\/categories?post=3113"},{"taxonomy":"post_tag","embeddable":true,"href":"https:\/\/arnwiesen.net\/wpt\/wp-json\/wp\/v2\/tags?post=3113"}],"curies":[{"name":"wp","href":"https:\/\/api.w.org\/{rel}","templated":true}]}}