{"id":3107,"date":"2006-09-30T07:53:00","date_gmt":"2006-09-30T05:53:00","guid":{"rendered":"https:\/\/arnwiesen.net\/wpt\/?p=3107"},"modified":"2022-07-16T18:52:16","modified_gmt":"2022-07-16T16:52:16","slug":"richard-auch-einer-der-fuer-den-tckj-startet","status":"publish","type":"post","link":"https:\/\/arnwiesen.net\/wpt\/2006\/richard-auch-einer-der-fuer-den-tckj-startet\/","title":{"rendered":"Richard &#8211; auch einer der f\u00fcr den TCKJ startet"},"content":{"rendered":"\n<p><strong>Wir begr\u00fc\u00dfen einen weiteren Hobby-Sportler&nbsp;<\/strong><\/p>\n\n\n\n<p>Der Anfang war ein gem\u00fctlicher Abend mit den Nachbarn und einem guten Wein. Herausgekommen ist dabei eine Anmeldung zum Volkslauf in Neuenkirchen (RAIBA-Lauf Mai 2006). Ulrich und Rosi hatten mich an diesem Abend im Fr\u00fchjahr \u00fcberzeugt (oder war es doch \u00fcberredet?) mal zu starten \u2013 nat\u00fcrlich f\u00fcr den TC K\u00f6ln-Jena. Zu meinem 3. und 4. Lauf bat mich nun Ulrich Euch allen einen kurzen Bericht zu schreiben.<\/p>\n\n\n<div class=\"wp-block-image\">\n<figure class=\"aligncenter\"><img decoding=\"async\" src=\"https:\/\/arnwiesen.net\/wpt\/wp-content\/uploads\/2006\/raiba-img_5441.jpg\" alt=\"Image\" title=\"Image\"\/><\/figure>\n<\/div>\n\n\n<!--more-->\n\n\n\n<p><strong>5.000 m &#8211; Kirmeslauf in Saerbeck am 30.09.2006<\/strong><\/p>\n\n\n\n<figure class=\"wp-block-table\"><table><thead><tr><th>Platz gesamt<\/th><th>Starter<\/th><th>AK<\/th><th>Platz AK<\/th><th>Zeit<\/th><\/tr><\/thead><tbody><tr><td>118 \/ 136<\/td><td>Richard<\/td><td>M40<\/td><td>8 \/ 9<\/td><td>29:46<\/td><\/tr><\/tbody><\/table><\/figure>\n\n\n\n<p>Einen ganzen Nachmittag gab es die verschiedensten L\u00e4ufe. F\u00fcr Kinder und Erwachsene. Kleine und gro\u00dfe Strecken. So kamen \u00fcber 700 Sportler zu dem Kirmeslauf nach Saerbeck. Petrus hatte es gut mit den Saerbeckern gemeint und so war es bei Sonnenschein circa 25\u00b0C warm. Gestartet wurde im Stadion auf einer Kunststoffbahn. Die ersten 300 Meter sind sehr angenehm zu laufen gewesen. Sobald wir aus dem Stadion heraus waren, ging es auf einen Landwirtschaftsweg. Dieser f\u00fchrte uns an Felder und W\u00e4lder entlang zu einem Wende\u00acpunkt. Und dann hie\u00df es nur noch zur\u00fcck zum Stadion laufen. Ich habe die 5.000 Meter dann in 29:46 min geschafft. Wer nun etwas mehr \u00fcber den Kirmeslauf wissen m\u00f6chte, hier die Internetadresse:\u00a0<a rel=\"noreferrer noopener\" href=\"http:\/\/www.kirmeslauf.de\/\" target=\"_blank\">http:\/\/www.kirmeslauf.de\/<\/a>\u00a0.<br><br><strong><br>5.600 m -Herringhausener Landschaftslauf am 03.10.2006<\/strong><\/p>\n\n\n\n<figure class=\"wp-block-table\"><table><thead><tr><th>Platz gesamt<\/th><th>Starter<\/th><th>AK<\/th><th>Platz AK<\/th><th>Zeit<\/th><\/tr><\/thead><tbody><tr><td>71 \/ 77<\/td><td>Richard<\/td><td>M40<\/td><td><\/td><td>32:37<\/td><\/tr><\/tbody><\/table><\/figure>\n\n\n\n<p>Ein paar Tage sp\u00e4ter fand der Herringshausener Landschaftslauf statt. Eine kleinere Veranstaltung als die in Saerbeck. Aber mit einer ebenso guten Atmosph\u00e4re. In dem kleinem Ort n\u00f6rdlich von Osnabr\u00fcck trafen sich die L\u00e4uferInnen schon am fr\u00fchen Morgen. Besonderer Gast an diesem Tag war der Europameister \u00fcber 10.000 m Jan Fitschen. Neben seiner Teilnahme am Lauf hatte er mit Autogramme schreiben gut zu tun. Die Laufstrecke f\u00fchrte durch die umliegenden Bauernschaften und am Mittellandkanal entlang. Bei gutem Laufwetter habe ich f\u00fcr die 5.600 Meter 32:37 Minuten ben\u00f6tigt. Das reichte dann f\u00fcr den 71. Platz, von 77.\u00a0 Weitere Informationen zu diesem Lauf k\u00f6nnt Ihr unter:\u00a0<a rel=\"noreferrer noopener\" href=\"http:\/\/www.laufen-os.de\/\" target=\"_blank\">http:\/\/www.laufen-os.de\/<\/a>\u00a0finden.<\/p>\n\n\n\n<p>Bis die Tage<\/p>\n\n\n\n<p>Richard<\/p>\n","protected":false},"excerpt":{"rendered":"<p>Wir begr\u00fc\u00dfen einen weiteren Hobby-Sportler&nbsp; Der Anfang war ein gem\u00fctlicher Abend mit den Nachbarn und einem guten Wein. Herausgekommen ist dabei eine Anmeldung zum Volkslauf in Neuenkirchen (RAIBA-Lauf Mai 2006). Ulrich und Rosi hatten mich an diesem Abend im Fr\u00fchjahr \u00fcberzeugt (oder war es doch \u00fcberredet?) mal zu starten \u2013 nat\u00fcrlich f\u00fcr den TC K\u00f6ln-Jena. &hellip; <a href=\"https:\/\/arnwiesen.net\/wpt\/2006\/richard-auch-einer-der-fuer-den-tckj-startet\/\" class=\"more-link\"><span class=\"screen-reader-text\">\u201eRichard &#8211; auch einer der f\u00fcr den TCKJ startet\u201c<\/span> weiterlesen<\/a><\/p>\n","protected":false},"author":1,"featured_media":0,"comment_status":"closed","ping_status":"open","sticky":false,"template":"","format":"standard","meta":{"footnotes":""},"categories":[28],"tags":[196,279,280,210],"class_list":["post-3107","post","type-post","status-publish","format-standard","hentry","category-berichte-2006","tag-5km","tag-herringhausen","tag-saerbeck","tag-volkslauf"],"_links":{"self":[{"href":"https:\/\/arnwiesen.net\/wpt\/wp-json\/wp\/v2\/posts\/3107","targetHints":{"allow":["GET"]}}],"collection":[{"href":"https:\/\/arnwiesen.net\/wpt\/wp-json\/wp\/v2\/posts"}],"about":[{"href":"https:\/\/arnwiesen.net\/wpt\/wp-json\/wp\/v2\/types\/post"}],"author":[{"embeddable":true,"href":"https:\/\/arnwiesen.net\/wpt\/wp-json\/wp\/v2\/users\/1"}],"replies":[{"embeddable":true,"href":"https:\/\/arnwiesen.net\/wpt\/wp-json\/wp\/v2\/comments?post=3107"}],"version-history":[{"count":2,"href":"https:\/\/arnwiesen.net\/wpt\/wp-json\/wp\/v2\/posts\/3107\/revisions"}],"predecessor-version":[{"id":3855,"href":"https:\/\/arnwiesen.net\/wpt\/wp-json\/wp\/v2\/posts\/3107\/revisions\/3855"}],"wp:attachment":[{"href":"https:\/\/arnwiesen.net\/wpt\/wp-json\/wp\/v2\/media?parent=3107"}],"wp:term":[{"taxonomy":"category","embeddable":true,"href":"https:\/\/arnwiesen.net\/wpt\/wp-json\/wp\/v2\/categories?post=3107"},{"taxonomy":"post_tag","embeddable":true,"href":"https:\/\/arnwiesen.net\/wpt\/wp-json\/wp\/v2\/tags?post=3107"}],"curies":[{"name":"wp","href":"https:\/\/api.w.org\/{rel}","templated":true}]}}