{"id":3103,"date":"2006-10-21T07:51:00","date_gmt":"2006-10-21T05:51:00","guid":{"rendered":"https:\/\/arnwiesen.net\/wpt\/?p=3103"},"modified":"2022-07-16T18:58:19","modified_gmt":"2022-07-16T16:58:19","slug":"30-kernberglauf-die-renaissance-der-ostgruppe","status":"publish","type":"post","link":"https:\/\/arnwiesen.net\/wpt\/2006\/30-kernberglauf-die-renaissance-der-ostgruppe\/","title":{"rendered":"30. Kernberglauf &#8211; Die Renaissance der Ostgruppe"},"content":{"rendered":"\n<p><strong>TCKJ dominiert 30 Jahre Kernberglauf (zumindest auf dem Jubil\u00e4umsheft)<\/strong><\/p>\n\n\n<div class=\"wp-block-image\">\n<figure class=\"aligncenter size-full\"><img loading=\"lazy\" decoding=\"async\" width=\"480\" height=\"432\" src=\"https:\/\/arnwiesen.net\/wpt\/wp-content\/uploads\/2006\/jk_2006_x.jpg\" alt=\"\" class=\"wp-image-1795\" srcset=\"https:\/\/arnwiesen.net\/wpt\/wp-content\/uploads\/2006\/jk_2006_x.jpg 480w, https:\/\/arnwiesen.net\/wpt\/wp-content\/uploads\/2006\/jk_2006_x-300x270.jpg 300w\" sizes=\"auto, (max-width: 480px) 85vw, 480px\" \/><figcaption>Die offizielle Titelseite\u00a0<strong><em>30 Jahre Kernberglauf<\/em><\/strong><\/figcaption><\/figure>\n<\/div>\n\n\n<p>mit J\u00f6rg, Heike, Gabi, Reinhardt (v.l.) ist der TCKJ w\u00fcrdig vertreten &#8211; zum vergr\u00f6\u00dfern bitte anklicken<\/p>\n\n\n\n<!--more-->\n\n\n\n<p>Ja, auch wenn die Ostgruppe in den letzten Jahren einen etwas m\u00fcden Eindruck hinterl\u00e4sst, (vielleicht liegt es ja nur am Berichte schreiben) &#8211; wir sind noch immer aktiv.<br><br>Zum Kernberglauf in Jena fand sich wieder eine Schar von Individualisten zusammen, um in der Mannschaftswertung gegen den gro\u00dfen Lokal-Rivalen Triathlonclub Jena anzutreten. Dieses Jahr war es besonders schwierig eine schlagkr\u00e4ftige Mannschaft zusammenzustellen, mussten doch Leistungstr\u00e4ger wie Atze und Heike aus gesundheitlichen Gr\u00fcnden auf den Start verzichten. Also wandelte J\u00f6rg auf Cossis Spuren um neue TCKJ\u2019ler akquirieren. Nach Einladungen zu Trainingsl\u00e4ufen und stundenlanger \u00dcberzeugungsarbeit haben vier traditionelle Kernbergl\u00e4ufer das Team gewechselt und f\u00fcr den TCJK gemeldet.<br><br>So ger\u00fcstet trafen wir uns zu einer kleinen taktischen Besprechung am Vorabend zur L\u00e4uferparty am Startort, holten uns Gratis-Nudeln, Gratis-Bier, Startnummern und die gelungene \u00dcberraschung in Form der Brosch\u00fcre \u201e30 Jahre Jeneaer Kernberglauf\u201c.<br><br>4 : 0 f\u00fcr den TCKJ (Mitglieder auf dem Titelblatt), die Jungs vom Konkurenz-Club staunen \u00fcber unsere Beziehungen zur Redaktion und k\u00fcndigen eine Revanche auf der Laufstrecke an. Und die sollten sie bekommen, leider fiel noch eine Neuverpflichtung mit sicher geglaubter einstelliger Platzierung aus, so konnten wir wieder nur einen guten Mittelfeldplatz erringen.<\/p>\n\n\n\n<p>Aber wie sagen wir immer? Teilnahme ist entscheidend und wichtig sind die Pokale. Und diese Jubil\u00e4umsbrosch\u00fcre kann sich Cossi doch glatt mit in die Schrankwand stellen, gelle ?&nbsp;<\/p>\n\n\n\n<p>Autor: J\u00f6rg<br>web-upload: Atze<\/p>\n\n\n\n<p>Anmerkung Atze:&nbsp;hier einige Bilder vom Lauf, die ich als Mountainbike-fahrender Begleiter von allen Brennpunkten des Geschehens gemacht habe &#8211; leider vieles unscharf, aber es hat doch einigen Unterhaltungswert &#8230;&nbsp;wegen Server-technischer Probleme habe ich die Bilder mal wieder tempor\u00e4r&nbsp;ausgelagert:<\/p>\n\n\n\n<p><a href=\"http:\/\/www.jetzweb.de\/u_unger\/tmp\/kbl2006\/index.htm\" target=\"_blank\" rel=\"noreferrer noopener\">http:\/\/www.jetzweb.de\/u_unger\/tmp\/kbl2006\/index.htm<\/a><\/p>\n\n\n\n<hr class=\"wp-block-separator has-alpha-channel-opacity\"\/>\n\n\n\n<p>Die offizielle Statistik von Wieland:<\/p>\n\n\n\n<p>also:<\/p>\n\n\n\n<ol class=\"wp-block-list\"><li>ich lebe wieder<\/li><li>es ist in meiner Altersklasse tats\u00e4chlich noch jemand langsamer gewesen (da bin ich aber froh!<\/li><\/ol>\n\n\n\n<p><strong>Eine Nebens\u00e4chlichkeit:<br><\/strong>In der Manschaftswertung ist prompt ein Fehler &#8211; wir sind eigentlich 5 Punkte besser (mein 63. Platz m\u00fcsste mit<br>den 58. Platz vom Ralf L\u00f6hnert ausgetauscht werden)&#8230;<br>Hier die gesamte Statistik in der Excel-Datei !(nur in Ausz\u00fcgen online, Gesamtwerk bitte anfordern,\u00a0<a href=\"mailto:info@tckj.de\">info@tckj.de<\/a>\u00a0Diese E-Mail Adresse ist gegen Spam Bots gesch\u00fctzt, du musst Javascript aktivieren, damit du sie sehen kannst )<br>und nochmal zum Genie\u00dfen: Welche Bedeutung die Organisatoren dem TC K\u00f6ln-Jena beimessen &#8230; (s.o.)<\/p>\n\n\n\n<p>Herzliche Gr\u00fc\u00dfe aus M\u00fcnchen<br>Wieland<\/p>\n\n\n\n<p><a href=\"http:\/\/www.kernberglauf.de\/\">http:\/\/www.kernberglauf.de<\/a><\/p>\n\n\n\n<figure class=\"wp-block-table\"><table><tbody><tr><td>Zeit<\/td><td>Name<\/td><td>Jahrg.<\/td><td>&nbsp;<\/td><td>Datum<\/td><td>Platz<\/td><td>&nbsp;<\/td><\/tr><tr><td>15 km<\/td><td>&nbsp;<\/td><td>&nbsp;<\/td><td>&nbsp;<\/td><td>&nbsp;<\/td><td>&nbsp;<\/td><td>&nbsp;<\/td><\/tr><tr><td>01:27:58<\/td><td>&nbsp;Gabi<\/td><td>63<\/td><td>TC K\u00f6ln Jena<\/td><td>21.10.06<\/td><td>53<\/td><td>W40<\/td><\/tr><tr><td>01:29:17<\/td><td>Hornhauer, Henry<\/td><td>61<\/td><td>TC K\u00f6ln Jena<\/td><td>21.10.06<\/td><td>430<\/td><td>M45<\/td><\/tr><tr><td>01:32:52<\/td><td>&nbsp;Helga<\/td><td>62<\/td><td>TC K\u00f6ln Jena<\/td><td>21.10.06<\/td><td>78<\/td><td>W40<\/td><\/tr><tr><td>01:51:14<\/td><td>&nbsp;Wieland<\/td><td>58<\/td><td>TC K\u00f6ln Jena<\/td><td>21.10.06<\/td><td>569<\/td><td>M45<\/td><\/tr><tr><td>27 km<\/td><td>&nbsp;<\/td><td>&nbsp;<\/td><td>&nbsp;<\/td><td>&nbsp;<\/td><td>&nbsp;<\/td><td>&nbsp;<\/td><\/tr><tr><td>02:26:50<\/td><td>&nbsp;Imbrit<\/td><td>70<\/td><td>TC K\u00f6ln Jena<\/td><td>21.10.06<\/td><td>12<\/td><td>W35<\/td><\/tr><tr><td>02:39:50<\/td><td>&nbsp;J\u00f6rg<\/td><td>59<\/td><td>TC K\u00f6ln Jena<\/td><td>21.10.06<\/td><td>274<\/td><td>M45<\/td><\/tr><tr><td>02:49:52<\/td><td>&nbsp;Ralf<\/td><td>59<\/td><td>TC K\u00f6ln Jena<\/td><td>21.10.06<\/td><td>322<\/td><td>M45<\/td><\/tr><\/tbody><\/table><\/figure>\n\n\n\n<figure class=\"wp-block-table\"><table><tbody><tr><td>Mannschaftswertungen<\/td><td>&nbsp;<\/td><td>&nbsp;<\/td><td>&nbsp;<\/td><\/tr><tr><td>&nbsp;185 Punkte<\/td><td>&nbsp;5 &#8211;&nbsp; Imbrit&nbsp;(W35)<\/td><td>&nbsp;9 &#8211; Gabi&nbsp;(W40)<\/td><td>&nbsp;12 &#8211; Helga&nbsp;(W40)<\/td><\/tr><tr><td>12 von 17<\/td><td>&nbsp;45 &#8211; Henry (M45)<\/td><td>&nbsp;51 &#8211; J\u00f6rg (M45)<\/td><td>&nbsp;63 &#8211; Wieland (M45)<\/td><\/tr><tr><td>&nbsp;<\/td><td>&nbsp;<\/td><td>&nbsp;<\/td><td>&nbsp;58-Ralf&nbsp;(M45)<\/td><\/tr><\/tbody><\/table><\/figure>\n","protected":false},"excerpt":{"rendered":"<p>TCKJ dominiert 30 Jahre Kernberglauf (zumindest auf dem Jubil\u00e4umsheft) mit J\u00f6rg, Heike, Gabi, Reinhardt (v.l.) ist der TCKJ w\u00fcrdig vertreten &#8211; zum vergr\u00f6\u00dfern bitte anklicken<\/p>\n","protected":false},"author":4,"featured_media":0,"comment_status":"closed","ping_status":"open","sticky":false,"template":"","format":"standard","meta":{"footnotes":""},"categories":[28],"tags":[125,150,123,149],"class_list":["post-3103","post","type-post","status-publish","format-standard","hentry","category-berichte-2006","tag-10km","tag-crosslauf","tag-halbmarathon","tag-kernberglauf"],"_links":{"self":[{"href":"https:\/\/arnwiesen.net\/wpt\/wp-json\/wp\/v2\/posts\/3103","targetHints":{"allow":["GET"]}}],"collection":[{"href":"https:\/\/arnwiesen.net\/wpt\/wp-json\/wp\/v2\/posts"}],"about":[{"href":"https:\/\/arnwiesen.net\/wpt\/wp-json\/wp\/v2\/types\/post"}],"author":[{"embeddable":true,"href":"https:\/\/arnwiesen.net\/wpt\/wp-json\/wp\/v2\/users\/4"}],"replies":[{"embeddable":true,"href":"https:\/\/arnwiesen.net\/wpt\/wp-json\/wp\/v2\/comments?post=3103"}],"version-history":[{"count":2,"href":"https:\/\/arnwiesen.net\/wpt\/wp-json\/wp\/v2\/posts\/3103\/revisions"}],"predecessor-version":[{"id":3857,"href":"https:\/\/arnwiesen.net\/wpt\/wp-json\/wp\/v2\/posts\/3103\/revisions\/3857"}],"wp:attachment":[{"href":"https:\/\/arnwiesen.net\/wpt\/wp-json\/wp\/v2\/media?parent=3103"}],"wp:term":[{"taxonomy":"category","embeddable":true,"href":"https:\/\/arnwiesen.net\/wpt\/wp-json\/wp\/v2\/categories?post=3103"},{"taxonomy":"post_tag","embeddable":true,"href":"https:\/\/arnwiesen.net\/wpt\/wp-json\/wp\/v2\/tags?post=3103"}],"curies":[{"name":"wp","href":"https:\/\/api.w.org\/{rel}","templated":true}]}}