{"id":3089,"date":"2006-07-29T07:46:00","date_gmt":"2006-07-29T05:46:00","guid":{"rendered":"https:\/\/arnwiesen.net\/wpt\/?p=3089"},"modified":"2022-07-12T11:35:08","modified_gmt":"2022-07-12T09:35:08","slug":"radtour-spluegenpass-schweiz-italien-29-7-2-8-2006","status":"publish","type":"post","link":"https:\/\/arnwiesen.net\/wpt\/2006\/radtour-spluegenpass-schweiz-italien-29-7-2-8-2006\/","title":{"rendered":"Radtour Spl\u00fcgenpa\u00df &#8211; 2006"},"content":{"rendered":"\n<p><strong>Schweiz-Italien &#8211; 29.7.-2.8.2006<\/strong><\/p>\n\n\n\n<p><strong>Lindau &#8211; Bregenz &#8211; Vaduz &#8211; Chur &#8211; Viamalaschlucht &#8211; Spl\u00fcgenpass &#8211; Comer See &#8211; Lugano &#8211; Bellinzona<\/strong>&nbsp;<\/p>\n\n\n<div class=\"wp-block-image\">\n<figure class=\"aligncenter\"><img decoding=\"async\" src=\"https:\/\/arnwiesen.net\/wpt\/wp-content\/uploads\/2006\/2006-schweiz\/panorama_spluegenpass_580.jpg\" alt=\"Image\" title=\"Image\"\/><figcaption>Spl\u00fcgenpass<\/figcaption><\/figure>\n<\/div>\n\n\n<p>Ende Juli trafen sich Ludwig, Ludger, Cossi,&nbsp;Frank, Andreas und Jan in Lindau am Bodensee, um gemeinsam mit dem Fahrrad die Alpen zu \u00fcberqueren. Die Strecke war urspr\u00fcnglich von Lindau bis Lugano f\u00fcr 5 Tage geplant.<\/p>\n\n\n<div class=\"wp-block-image\">\n<figure class=\"aligncenter size-large\"><img decoding=\"async\" src=\"https:\/\/arnwiesen.net\/wpt\/wp-content\/uploads\/2006\/2006-schweiz\/hoehenprofil-2.jpg\" alt=\"Image\" title=\"Image\"\/><figcaption>H\u00f6henprofil<\/figcaption><\/figure>\n<\/div>\n\n\n<!--more-->\n\n\n\n<p>Zuerst ging es in str\u00f6menden Regen von Lindau\/Bodensee \u00fcber Bregenz\/\u00d6sterreich immer am Rhein entlang nach Vaduz\/Liechtenstein.&nbsp;<\/p>\n\n\n<div class=\"wp-block-image\">\n<figure class=\"aligncenter\"><img decoding=\"async\" src=\"https:\/\/arnwiesen.net\/wpt\/wp-content\/uploads\/2006\/2006-schweiz\/rhein.jpg\" alt=\"Image\" title=\"Image\"\/><\/figure>\n<\/div>\n\n\n<p>Ab Mittag kam die Sonne raus und so sind wir am ersten Tag noch bis Chur weitergefahren.&nbsp; An diesem Tag hatten wir mit \u00fcber 100km die l\u00e4ngste Tagesstrecke.<\/p>\n\n\n<div class=\"wp-block-image\">\n<figure class=\"aligncenter\"><img decoding=\"async\" src=\"https:\/\/arnwiesen.net\/wpt\/wp-content\/uploads\/2006\/2006-schweiz\/rhein2.jpg\" alt=\"Image\" title=\"Image\"\/><\/figure>\n<\/div>\n\n\n<p>Der 2.Tag war in Bezug auf die H\u00f6henmeter der anstrengendste. Es ging stetig bergauf, aber&nbsp;wir sahen&nbsp;auch landschaftlich sch\u00f6ne Gegenden, wie die Viamala-Schlucht.<\/p>\n\n\n<div class=\"wp-block-image\">\n<figure class=\"aligncenter\"><img decoding=\"async\" src=\"https:\/\/arnwiesen.net\/wpt\/wp-content\/uploads\/2006\/2006-schweiz\/viamala.jpg\" alt=\"Image\" title=\"Image\"\/><\/figure>\n<\/div>\n\n<div class=\"wp-block-image\">\n<figure class=\"aligncenter\"><img decoding=\"async\" src=\"https:\/\/arnwiesen.net\/wpt\/wp-content\/uploads\/2006\/2006-schweiz\/hinterrhein.jpg\" alt=\"Image\" title=\"Image\"\/><\/figure>\n<\/div>\n\n\n<p>Am Stausee kurz vor Spl\u00fcgen hatten wir den 2.Tag fast geschafft.<\/p>\n\n\n<div class=\"wp-block-image\">\n<figure class=\"aligncenter\"><img decoding=\"async\" src=\"https:\/\/arnwiesen.net\/wpt\/wp-content\/uploads\/2006\/2006-schweiz\/spluegen.jpg\" alt=\"Image\" title=\"Image\"\/><\/figure>\n<\/div>\n\n\n<p>Die vielen Serpentinen hinauf zum Spl\u00fcgenpa\u00df haben wir uns f\u00fcr den Morgen des 3.Tages aufgehoben, um den anstrengendsten Teil der Tour frisch ausgeruht angehen zu k\u00f6nnen.<\/p>\n\n\n<div class=\"wp-block-image\">\n<figure class=\"aligncenter\"><img decoding=\"async\" src=\"https:\/\/arnwiesen.net\/wpt\/wp-content\/uploads\/2006\/2006-schweiz\/ludwig.jpg\" alt=\"Image\" title=\"Image\"\/><\/figure>\n<\/div>\n\n<div class=\"wp-block-image\">\n<figure class=\"aligncenter\"><img decoding=\"async\" src=\"https:\/\/arnwiesen.net\/wpt\/wp-content\/uploads\/2006\/2006-schweiz\/serpentinen.jpg\" alt=\"Image\" title=\"Image\"\/><\/figure>\n<\/div>\n\n\n<p>Jetzt haben wir es geschafft.&nbsp;&nbsp;&nbsp;&nbsp; &nbsp;<strong>2117 m H\u00f6he !!!<\/strong>&nbsp;&nbsp;&nbsp;&nbsp; Ab nun geht es bergab.<\/p>\n\n\n<div class=\"wp-block-image\">\n<figure class=\"aligncenter\"><img decoding=\"async\" src=\"https:\/\/arnwiesen.net\/wpt\/wp-content\/uploads\/2006\/2006-schweiz\/spluegen_pass.jpg\" alt=\"Image\" title=\"Image\"\/><\/figure>\n<\/div>\n\n\n<p>Vom vielen Bremsen bergab hat es stark nach verbranntem Gummi gerochen und an den Felgen konnte man sich die Finger verbrennen. Zum Gl\u00fcck haben Reifen und Schl\u00e4uche durchgehalten. Die einzige Panne auf der ganzen Tour war ein Speichenbruch bei Andreas, der ihn (uns) aber nicht weiter behindert hat.<br>Am 4.Tag sind wir dann am Comer See entlang&nbsp;\u00fcber Menaggio nach Lugano gefahren.<\/p>\n\n\n<div class=\"wp-block-image\">\n<figure class=\"aligncenter\"><img decoding=\"async\" src=\"https:\/\/arnwiesen.net\/wpt\/wp-content\/uploads\/2006\/2006-schweiz\/comersee.jpg\" alt=\"Image\" title=\"Image\"\/><\/figure>\n<\/div>\n\n\n<p>Hier waren wir nun schon nach 4 Tagen am Ziel unserer Radtour, die eigentlich f\u00fcr 5 Tage geplant war.&nbsp; Es war der 1. August, der Nationalfeiertag der Schweiz, und so haben wir abends noch einen Festumzug in Lugano und ein riesiges H\u00f6henfeuerwerk, welches von 3 Plattformen im Luganer See abgeschossen wurde, miterlebt.<\/p>\n\n\n<div class=\"wp-block-image\">\n<figure class=\"aligncenter\"><img decoding=\"async\" src=\"https:\/\/arnwiesen.net\/wpt\/wp-content\/uploads\/2006\/2006-schweiz\/lugano.jpg\" alt=\"Image\" title=\"Image\"\/><\/figure>\n<\/div>\n\n\n<p>Da wir nun noch einen Tag &#8222;\u00fcbrig&#8220; hatten, haben wir noch die ca. 40km bis Bellinzona an unsere Tour angeh\u00e4ngt. Dabei haben wir von weitem den Lago Maggiore gesehen.<\/p>\n\n\n<div class=\"wp-block-image\">\n<figure class=\"aligncenter\"><img decoding=\"async\" src=\"https:\/\/arnwiesen.net\/wpt\/wp-content\/uploads\/2006\/2006-schweiz\/lagomaggiore.jpg\" alt=\"Image\" title=\"Image\"\/><\/figure>\n<\/div>\n\n\n<p>Bellinzona ist auch eine sehr sch\u00f6ne Stadt mit 3 Burgen. Hier haben wir an einem sch\u00f6nen warmen Sommerabend auf der Veranda der Jugendherberge unter Weintrauben die Radtour ausklingen lassen.<\/p>\n\n\n<div class=\"wp-block-image\">\n<figure class=\"aligncenter\"><img decoding=\"async\" src=\"https:\/\/arnwiesen.net\/wpt\/wp-content\/uploads\/2006\/2006-schweiz\/bellinzona.jpg\" alt=\"Image\" title=\"Image\"\/><\/figure>\n<\/div>\n\n\n<p>Am n\u00e4chsten Morgen sind wir dann mit der Bahn durch den Gotthard-Tunnel wieder Richtung Deutschland gefahren.<\/p>\n\n\n\n<p>Die Radtour hat allen sehr gut gefallen und die n\u00e4chste Tour im Sommer 2007 ist auch schon wieder in Planung.<br><br>mehr Fotos gibt es auf Frank&#8217;s Home Page:<br><a href=\"http:\/\/franklehmann.dyndns.eu\/index.php?folder=\/2006\/07_Radtour\/\" target=\"_blank\" rel=\"noreferrer noopener\">http:\/\/franklehmann.dyndns.eu\/index.php?folder=\/2006\/07_Radtour\/<\/a><\/p>\n","protected":false},"excerpt":{"rendered":"<p>Schweiz-Italien &#8211; 29.7.-2.8.2006 Lindau &#8211; Bregenz &#8211; Vaduz &#8211; Chur &#8211; Viamalaschlucht &#8211; Spl\u00fcgenpass &#8211; Comer See &#8211; Lugano &#8211; Bellinzona&nbsp; Ende Juli trafen sich Ludwig, Ludger, Cossi,&nbsp;Frank, Andreas und Jan in Lindau am Bodensee, um gemeinsam mit dem Fahrrad die Alpen zu \u00fcberqueren. Die Strecke war urspr\u00fcnglich von Lindau bis Lugano f\u00fcr 5 Tage &hellip; <a href=\"https:\/\/arnwiesen.net\/wpt\/2006\/radtour-spluegenpass-schweiz-italien-29-7-2-8-2006\/\" class=\"more-link\"><span class=\"screen-reader-text\">\u201eRadtour Spl\u00fcgenpa\u00df &#8211; 2006\u201c<\/span> weiterlesen<\/a><\/p>\n","protected":false},"author":6,"featured_media":0,"comment_status":"closed","ping_status":"open","sticky":false,"template":"","format":"standard","meta":{"footnotes":""},"categories":[28],"tags":[32,37,75,36,35,102,31,76,109],"class_list":["post-3089","post","type-post","status-publish","format-standard","hentry","category-berichte-2006","tag-alpen","tag-bellinzona","tag-comer-see","tag-lago-maggiore","tag-liechtenstein","tag-lindau","tag-radtour","tag-rheintal","tag-viamala"],"_links":{"self":[{"href":"https:\/\/arnwiesen.net\/wpt\/wp-json\/wp\/v2\/posts\/3089","targetHints":{"allow":["GET"]}}],"collection":[{"href":"https:\/\/arnwiesen.net\/wpt\/wp-json\/wp\/v2\/posts"}],"about":[{"href":"https:\/\/arnwiesen.net\/wpt\/wp-json\/wp\/v2\/types\/post"}],"author":[{"embeddable":true,"href":"https:\/\/arnwiesen.net\/wpt\/wp-json\/wp\/v2\/users\/6"}],"replies":[{"embeddable":true,"href":"https:\/\/arnwiesen.net\/wpt\/wp-json\/wp\/v2\/comments?post=3089"}],"version-history":[{"count":3,"href":"https:\/\/arnwiesen.net\/wpt\/wp-json\/wp\/v2\/posts\/3089\/revisions"}],"predecessor-version":[{"id":3391,"href":"https:\/\/arnwiesen.net\/wpt\/wp-json\/wp\/v2\/posts\/3089\/revisions\/3391"}],"wp:attachment":[{"href":"https:\/\/arnwiesen.net\/wpt\/wp-json\/wp\/v2\/media?parent=3089"}],"wp:term":[{"taxonomy":"category","embeddable":true,"href":"https:\/\/arnwiesen.net\/wpt\/wp-json\/wp\/v2\/categories?post=3089"},{"taxonomy":"post_tag","embeddable":true,"href":"https:\/\/arnwiesen.net\/wpt\/wp-json\/wp\/v2\/tags?post=3089"}],"curies":[{"name":"wp","href":"https:\/\/api.w.org\/{rel}","templated":true}]}}