{"id":3087,"date":"2006-08-13T07:45:00","date_gmt":"2006-08-13T05:45:00","guid":{"rendered":"https:\/\/arnwiesen.net\/wpt\/?p=3087"},"modified":"2022-07-17T16:00:10","modified_gmt":"2022-07-17T14:00:10","slug":"11-fahrradfest-der-saechsischen-zeitung","status":"publish","type":"post","link":"https:\/\/arnwiesen.net\/wpt\/2006\/11-fahrradfest-der-saechsischen-zeitung\/","title":{"rendered":"11.Fahrradfest der S\u00e4chsischen Zeitung"},"content":{"rendered":"\n<p>Am Sonntag, den 13.August, fand wieder das allj\u00e4hrliche Fahrradfest der S\u00e4chsichen Zeitung statt.<\/p>\n\n\n<div class=\"wp-block-image\">\n<figure class=\"aligncenter\"><img decoding=\"async\" src=\"https:\/\/arnwiesen.net\/wpt\/wp-content\/uploads\/2006\/fahrradfest.jpg\" alt=\"Image\" title=\"Image\"\/><\/figure>\n<\/div>\n\n\n<p>Frank Lehmann, Henry und Heiko Hornhauer sind\u00a0die 125 km-Strecke mitgefahren.<\/p>\n\n\n\n<!--more-->\n\n\n\n<p>Mit dem Wetter haben wir Gl\u00fcck gehabt. Obwohl f\u00fcr Sonntag in Dresden Dauerregen angesagt war, hat es nur fr\u00fch beim Start ein wenig genieselt, dann aber gleich aufgeh\u00f6rt. Die ganze Radfahrt \u00fcber blieb es trocken und am sp\u00e4ten Nachmittag kam sogar noch die Sonne heraus. Wegen der schlechten Wetterprognosen hatten wir keinen Fotoapparat mitgenommen, so da\u00df es leider auch keine Fotos von uns auf dieser Tour gibt.<\/p>\n\n\n\n<p>weitere Informationen unter<br><a rel=\"noreferrer noopener\" href=\"http:\/\/www.sz-online.de\/fahrradfest\" target=\"_blank\">http:\/\/www.sz-online.de\/fahrradfest<\/a><\/p>\n","protected":false},"excerpt":{"rendered":"<p>Am Sonntag, den 13.August, fand wieder das allj\u00e4hrliche Fahrradfest der S\u00e4chsichen Zeitung statt. Frank Lehmann, Henry und Heiko Hornhauer sind\u00a0die 125 km-Strecke mitgefahren.<\/p>\n","protected":false},"author":6,"featured_media":0,"comment_status":"closed","ping_status":"open","sticky":false,"template":"","format":"standard","meta":{"footnotes":""},"categories":[28],"tags":[290,127],"class_list":["post-3087","post","type-post","status-publish","format-standard","hentry","category-berichte-2006","tag-dresden","tag-rtf"],"_links":{"self":[{"href":"https:\/\/arnwiesen.net\/wpt\/wp-json\/wp\/v2\/posts\/3087","targetHints":{"allow":["GET"]}}],"collection":[{"href":"https:\/\/arnwiesen.net\/wpt\/wp-json\/wp\/v2\/posts"}],"about":[{"href":"https:\/\/arnwiesen.net\/wpt\/wp-json\/wp\/v2\/types\/post"}],"author":[{"embeddable":true,"href":"https:\/\/arnwiesen.net\/wpt\/wp-json\/wp\/v2\/users\/6"}],"replies":[{"embeddable":true,"href":"https:\/\/arnwiesen.net\/wpt\/wp-json\/wp\/v2\/comments?post=3087"}],"version-history":[{"count":2,"href":"https:\/\/arnwiesen.net\/wpt\/wp-json\/wp\/v2\/posts\/3087\/revisions"}],"predecessor-version":[{"id":3898,"href":"https:\/\/arnwiesen.net\/wpt\/wp-json\/wp\/v2\/posts\/3087\/revisions\/3898"}],"wp:attachment":[{"href":"https:\/\/arnwiesen.net\/wpt\/wp-json\/wp\/v2\/media?parent=3087"}],"wp:term":[{"taxonomy":"category","embeddable":true,"href":"https:\/\/arnwiesen.net\/wpt\/wp-json\/wp\/v2\/categories?post=3087"},{"taxonomy":"post_tag","embeddable":true,"href":"https:\/\/arnwiesen.net\/wpt\/wp-json\/wp\/v2\/tags?post=3087"}],"curies":[{"name":"wp","href":"https:\/\/api.w.org\/{rel}","templated":true}]}}