{"id":3083,"date":"2006-08-12T07:44:00","date_gmt":"2006-08-12T05:44:00","guid":{"rendered":"https:\/\/arnwiesen.net\/wpt\/?p=3083"},"modified":"2022-07-17T14:56:22","modified_gmt":"2022-07-17T12:56:22","slug":"bezirks-rtf-duesseldorf","status":"publish","type":"post","link":"https:\/\/arnwiesen.net\/wpt\/2006\/bezirks-rtf-duesseldorf\/","title":{"rendered":"Bezirks RTF D\u00fcsseldorf"},"content":{"rendered":"\n<p><strong>2 Pokale f\u00fcr TCKJ<\/strong><\/p>\n\n\n\n<p>Nicht nur\u00a0 David hat den Pokal f\u00fcr den j\u00fcngsten Teilnehmer gewonnen, sondern das Team hat den Pokal f\u00fcr den 2. Platz in der Hauptwertung gwonnen. Das war eine riesengro\u00dfe \u00dcberraschung, da es diesmal\u00a0keine Trimmfahrerwertung gab, so blieben wir hinter RC M\u00fclheim, aber vor Blau-Gelb Oberhausen, den beiden gr\u00f6\u00dften Radtourenvereinen im Ruhrgebiet.<\/p>\n\n\n<div class=\"wp-block-image\">\n<figure class=\"aligncenter\"><img decoding=\"async\" src=\"https:\/\/arnwiesen.net\/wpt\/wp-content\/uploads\/2006\/ddorf_2006_2.jpg\" alt=\"Image\" title=\"Image\"\/><\/figure>\n<\/div>\n\n\n<!--more-->\n\n\n<div class=\"wp-block-image\">\n<figure class=\"aligncenter\"><img decoding=\"async\" src=\"https:\/\/arnwiesen.net\/wpt\/wp-content\/uploads\/2006\/ddorf_2006_5.jpg\" alt=\"Image\" title=\"Image\"\/><\/figure>\n<\/div>\n\n\n<p>Bei Sonne losgefahren, im starken Regen unterwegs, im Trockenen wieder angekommen :<\/p>\n\n\n\n<p><strong>Carola, B\u00e4rbel, Cossi, Christine<\/strong>&nbsp;und der Star des Tages :&nbsp;<strong>David,<\/strong>&nbsp;mit 6 Jahren&nbsp;der j\u00fcngste&nbsp;&nbsp;Teilnehmer und bew\u00e4ltigte 45 km.<\/p>\n\n\n\n<p>Auch&nbsp;<strong>Heide<\/strong>&nbsp;und&nbsp;<strong>Bernd<\/strong>&nbsp;waren im Team, leider nicht auf dem Siegerfoto, da sie bereits zum Trocknen nach hause gefahren waren.<\/p>\n\n\n<div class=\"wp-block-image\">\n<figure class=\"aligncenter\"><img decoding=\"async\" src=\"https:\/\/arnwiesen.net\/wpt\/wp-content\/uploads\/2006\/ddorf_2006_6.jpg\" alt=\"Image\" title=\"Image\"\/><\/figure>\n<\/div>\n\n\n<p>Eine Woche sp\u00e4ter bei der RTF in Oberhausen erhielt Bernd den Pokal f\u00fcr seine Vitrine.&nbsp;<\/p>\n\n\n\n<p>Auf der Seite des Bezirks D\u00fcsseldorf ist ein Bericht mit Bildern erschienen:&nbsp;<a href=\"http:\/\/www.radsportbezirk-duesseldorf.de\/index.htm\">http:\/\/www.radsportbezirk-duesseldorf.de\/index.htm<\/a><\/p>\n\n\n\n<p>12.08.2006 18:15<br>von Bruno Reble<br><br><strong>D\u00fcsseldorfer Bezirks-RTF<br><\/strong><br>D\u00fcsseldorf &#8211; 560 Teilnehmer bei Bezirks-RTF<\/p>\n\n\n\n<p>So durchwachsen wie das Wetter war auch die Teilnahme. Aber mit 560 Toureros kam der ausrichtende Radsportbezirk D\u00fcsseldorf gut \u00fcber die Runden, verglichen mit dem Tiefstand von 350 Teilnehmern im Regenjahr 2002 und 900 bei Super-Sonnenschein in 2003.<br><br>In Widdeshoven hie\u00df es: Herzlich willkommen bei den ProviStars mit \u00dcberraschungen f\u00fcr die j\u00fcngsten Teilnehmer. Es gab Bananen, leckere Sportriegel und Getr\u00e4nke. Dar\u00fcber hinaus erhielten alle Jugendlichen eine praktische Provinzial Trinkflasche.<br><br>Die Sparkasse, die Provinzial Versicherung, LTU und Bike-o-Mania unterst\u00fctzten die Bezirks-RTF<\/p>\n\n\n<div class=\"wp-block-image\">\n<figure class=\"aligncenter size-full\"><img loading=\"lazy\" decoding=\"async\" width=\"480\" height=\"347\" src=\"https:\/\/arnwiesen.net\/wpt\/wp-content\/uploads\/2006\/20060812pokal900.jpg\" alt=\"\" class=\"wp-image-1752\" srcset=\"https:\/\/arnwiesen.net\/wpt\/wp-content\/uploads\/2006\/20060812pokal900.jpg 480w, https:\/\/arnwiesen.net\/wpt\/wp-content\/uploads\/2006\/20060812pokal900-300x217.jpg 300w\" sizes=\"auto, (max-width: 480px) 85vw, 480px\" \/><\/figure>\n<\/div>\n\n\n<p>Die meisten RTF-Starter kamen vom Verein RTC M\u00fclheim \/Ruhr,\u00a0<strong>Trimmer vom TC K\u00f6ln Jena<\/strong>\u00a0, der j\u00fcngste Teilnehmer war\u00a0<\/p>\n","protected":false},"excerpt":{"rendered":"<p>2 Pokale f\u00fcr TCKJ Nicht nur\u00a0 David hat den Pokal f\u00fcr den j\u00fcngsten Teilnehmer gewonnen, sondern das Team hat den Pokal f\u00fcr den 2. Platz in der Hauptwertung gwonnen. Das war eine riesengro\u00dfe \u00dcberraschung, da es diesmal\u00a0keine Trimmfahrerwertung gab, so blieben wir hinter RC M\u00fclheim, aber vor Blau-Gelb Oberhausen, den beiden gr\u00f6\u00dften Radtourenvereinen im Ruhrgebiet.<\/p>\n","protected":false},"author":5,"featured_media":0,"comment_status":"closed","ping_status":"open","sticky":false,"template":"","format":"standard","meta":{"footnotes":""},"categories":[28],"tags":[235,286,127],"class_list":["post-3083","post","type-post","status-publish","format-standard","hentry","category-berichte-2006","tag-duesseldorf","tag-oberhausen","tag-rtf"],"_links":{"self":[{"href":"https:\/\/arnwiesen.net\/wpt\/wp-json\/wp\/v2\/posts\/3083","targetHints":{"allow":["GET"]}}],"collection":[{"href":"https:\/\/arnwiesen.net\/wpt\/wp-json\/wp\/v2\/posts"}],"about":[{"href":"https:\/\/arnwiesen.net\/wpt\/wp-json\/wp\/v2\/types\/post"}],"author":[{"embeddable":true,"href":"https:\/\/arnwiesen.net\/wpt\/wp-json\/wp\/v2\/users\/5"}],"replies":[{"embeddable":true,"href":"https:\/\/arnwiesen.net\/wpt\/wp-json\/wp\/v2\/comments?post=3083"}],"version-history":[{"count":2,"href":"https:\/\/arnwiesen.net\/wpt\/wp-json\/wp\/v2\/posts\/3083\/revisions"}],"predecessor-version":[{"id":3883,"href":"https:\/\/arnwiesen.net\/wpt\/wp-json\/wp\/v2\/posts\/3083\/revisions\/3883"}],"wp:attachment":[{"href":"https:\/\/arnwiesen.net\/wpt\/wp-json\/wp\/v2\/media?parent=3083"}],"wp:term":[{"taxonomy":"category","embeddable":true,"href":"https:\/\/arnwiesen.net\/wpt\/wp-json\/wp\/v2\/categories?post=3083"},{"taxonomy":"post_tag","embeddable":true,"href":"https:\/\/arnwiesen.net\/wpt\/wp-json\/wp\/v2\/tags?post=3083"}],"curies":[{"name":"wp","href":"https:\/\/api.w.org\/{rel}","templated":true}]}}