{"id":3077,"date":"2006-06-09T07:42:00","date_gmt":"2006-06-09T05:42:00","guid":{"rendered":"https:\/\/arnwiesen.net\/wpt\/?p=3077"},"modified":"2022-07-18T09:25:29","modified_gmt":"2022-07-18T07:25:29","slug":"27-nacht-von-hasbergen","status":"publish","type":"post","link":"https:\/\/arnwiesen.net\/wpt\/2006\/27-nacht-von-hasbergen\/","title":{"rendered":"27. Nacht von Hasbergen"},"content":{"rendered":"\n<p>Nachts wenn alle Katzen grau sind, gibt es doch tats\u00e4chlich TCKJ-ler die undercover an den Start gehen. Aber auch Sponsoren sollen zu ihrem Recht kommen, schlie\u00dflich pa\u00dft das Laufshirt und die Schuhe dr\u00fccken auch nicht nicht.&nbsp;&nbsp;<\/p>\n\n\n\n<p>Bei Licht gesehen waren immerhin 6 TCKJ-ler bei der 27. Nacht dabei.<\/p>\n\n\n\n<!--more-->\n\n\n\n<figure class=\"wp-block-table\"><table><tbody><tr><td><strong>&nbsp;Platz<\/strong><\/td><td><strong>&nbsp;Name<\/strong><\/td><td><strong>&nbsp;Verein<\/strong><\/td><td><strong>&nbsp;AK<\/strong><\/td><td><strong>&nbsp;Zeit<\/strong><\/td><\/tr><tr><td>&nbsp;<\/td><td><strong>&nbsp;9,6 km<\/strong><\/td><td>&nbsp;<\/td><td>&nbsp;<\/td><td>&nbsp;<\/td><\/tr><tr><td>&nbsp;93.<\/td><td>&nbsp; Nicolas<\/td><td>&nbsp;Team laufen-os.de<\/td><td>&nbsp;4. M Ju<\/td><td>&nbsp;41:51<\/td><\/tr><tr><td>&nbsp;113.<\/td><td>&nbsp; Burkhard<\/td><td>&nbsp;Lauftreff Niedermark<\/td><td>&nbsp;28. M 40<\/td><td>&nbsp;43:31<\/td><\/tr><tr><td>&nbsp;152.<\/td><td>&nbsp; Michael<\/td><td>&nbsp;Team laufen-os.de<\/td><td>&nbsp;26. M 45<\/td><td>&nbsp;46:17<\/td><\/tr><tr><td>&nbsp;<\/td><td>&nbsp;<\/td><td>&nbsp;<\/td><td>&nbsp;<\/td><td>&nbsp;<\/td><\/tr><tr><td>&nbsp;<\/td><td><strong>&nbsp;3,2 km<\/strong><\/td><td>&nbsp;<\/td><td>&nbsp;<\/td><td>&nbsp;<\/td><\/tr><tr><td>&nbsp;69.<\/td><td>&nbsp; Rosemarie<\/td><td>&nbsp;TC K\u00f6ln-Jena<\/td><td>&nbsp;22. W<\/td><td>&nbsp;17:27<\/td><\/tr><tr><td>&nbsp;81.<\/td><td>&nbsp; Richard<\/td><td>&nbsp;TC K\u00f6ln-Jena<\/td><td>&nbsp;55. M<\/td><td>&nbsp;18:02<\/td><\/tr><tr><td>&nbsp;110.<\/td><td>&nbsp; Ulrich<\/td><td>&nbsp;TC K\u00f6ln-Jena<\/td><td>&nbsp;67. M<\/td><td>&nbsp;19:57<\/td><\/tr><\/tbody><\/table><\/figure>\n\n\n\n<p>Und als kleine Fu\u00dfnote<\/p>\n\n\n\n<p>Eine gewisse&nbsp; Gabi Wobbe schaffte die gro\u00dfe Runde in 54:29 &#8211; vielleicht sollten wir die junge Dame st\u00e4rker beobachten.<\/p>\n","protected":false},"excerpt":{"rendered":"<p>Nachts wenn alle Katzen grau sind, gibt es doch tats\u00e4chlich TCKJ-ler die undercover an den Start gehen. Aber auch Sponsoren sollen zu ihrem Recht kommen, schlie\u00dflich pa\u00dft das Laufshirt und die Schuhe dr\u00fccken auch nicht nicht.&nbsp;&nbsp; Bei Licht gesehen waren immerhin 6 TCKJ-ler bei der 27. Nacht dabei.<\/p>\n","protected":false},"author":1,"featured_media":0,"comment_status":"closed","ping_status":"open","sticky":false,"template":"","format":"standard","meta":{"footnotes":""},"categories":[28],"tags":[125,196,193,218,210],"class_list":["post-3077","post","type-post","status-publish","format-standard","hentry","category-berichte-2006","tag-10km","tag-5km","tag-hasbergen","tag-nacht-von-hasbergen","tag-volkslauf"],"_links":{"self":[{"href":"https:\/\/arnwiesen.net\/wpt\/wp-json\/wp\/v2\/posts\/3077","targetHints":{"allow":["GET"]}}],"collection":[{"href":"https:\/\/arnwiesen.net\/wpt\/wp-json\/wp\/v2\/posts"}],"about":[{"href":"https:\/\/arnwiesen.net\/wpt\/wp-json\/wp\/v2\/types\/post"}],"author":[{"embeddable":true,"href":"https:\/\/arnwiesen.net\/wpt\/wp-json\/wp\/v2\/users\/1"}],"replies":[{"embeddable":true,"href":"https:\/\/arnwiesen.net\/wpt\/wp-json\/wp\/v2\/comments?post=3077"}],"version-history":[{"count":4,"href":"https:\/\/arnwiesen.net\/wpt\/wp-json\/wp\/v2\/posts\/3077\/revisions"}],"predecessor-version":[{"id":3978,"href":"https:\/\/arnwiesen.net\/wpt\/wp-json\/wp\/v2\/posts\/3077\/revisions\/3978"}],"wp:attachment":[{"href":"https:\/\/arnwiesen.net\/wpt\/wp-json\/wp\/v2\/media?parent=3077"}],"wp:term":[{"taxonomy":"category","embeddable":true,"href":"https:\/\/arnwiesen.net\/wpt\/wp-json\/wp\/v2\/categories?post=3077"},{"taxonomy":"post_tag","embeddable":true,"href":"https:\/\/arnwiesen.net\/wpt\/wp-json\/wp\/v2\/tags?post=3077"}],"curies":[{"name":"wp","href":"https:\/\/api.w.org\/{rel}","templated":true}]}}