{"id":3073,"date":"2006-05-21T07:41:00","date_gmt":"2006-05-21T05:41:00","guid":{"rendered":"https:\/\/arnwiesen.net\/wpt\/?p=3073"},"modified":"2022-07-18T09:22:11","modified_gmt":"2022-07-18T07:22:11","slug":"10-staffeltriathlon-in-dissen","status":"publish","type":"post","link":"https:\/\/arnwiesen.net\/wpt\/2006\/10-staffeltriathlon-in-dissen\/","title":{"rendered":"10. Staffeltriathlon in Dissen"},"content":{"rendered":"\n<p><strong>Reimann-Reimann-Reimann gegen Reimann<\/strong><\/p>\n\n\n\n<p>Wie schon im letzten Jahr, schaffte Michael auch diesmal die&nbsp;familiere Staffel-Qualifikation nicht. In keiner der drei Diziplinen konnte er entscheidend Punkten. Im Schwimmen unterlag er wie gewohnt Sylke. Radfahren und Laufen gingen klar an die beiden S\u00f6hne Maik und Nikolas. Im direkten Vergleich Reimann-Reimann-Reimann gegen Reimann fehlten ihm mehr als 13 Minuten.<\/p>\n\n\n<div class=\"wp-block-image\">\n<figure class=\"aligncenter size-full\"><img loading=\"lazy\" decoding=\"async\" width=\"502\" height=\"357\" src=\"https:\/\/arnwiesen.net\/wpt\/wp-content\/uploads\/2006\/dteam-dissen-06.jpg\" alt=\"\" class=\"wp-image-1770\" srcset=\"https:\/\/arnwiesen.net\/wpt\/wp-content\/uploads\/2006\/dteam-dissen-06.jpg 502w, https:\/\/arnwiesen.net\/wpt\/wp-content\/uploads\/2006\/dteam-dissen-06-300x213.jpg 300w\" sizes=\"auto, (max-width: 502px) 85vw, 502px\" \/><\/figure>\n<\/div>\n\n\n<!--more-->\n\n\n\n<p>W\u00e4hrend der Sieg der ersten&nbsp;Staffel \u00fcberaus deutlich war, bot sich die zweite Staffel Jaroschek-Eisenacher-Urbach einen spannenden Wettkampf mit unserem Pr\u00e4sidenten Cossi. Im direkten Schwimm-Duell unterlag Ulrich mit 3 Sek nur knapp.&nbsp;Anschlie\u00dfend konnte Heide den kleinen Staffel-Umzieh-Bonus lange halten und schickte Ralf nach beachtenswerten 58:57 Min&nbsp;mit nur 1:21 Min R\u00fcckstand auf die Aufholjagd. Ralf machte das Unm\u00f6gliche m\u00f6glich,&nbsp;zog auf der Laufstrecke an Cossi vorbei und lief mit knapp 2 Minuten Vorsprung \u00fcber die Ziellinie.<\/p>\n\n\n\n<p>Zum Trost gewann Cossi bei der obligatorischen Verlosung 1 Kg Mett- und Leberw\u00fcrste &#8211; ob das der Fitness hilft?<\/p>\n\n\n<div class=\"wp-block-image\">\n<figure class=\"aligncenter\"><img decoding=\"async\" src=\"https:\/\/arnwiesen.net\/wpt\/wp-content\/uploads\/2006\/friedhelm.jpg\" alt=\"Image\" title=\"Image\"\/><\/figure>\n<\/div>\n\n\n<p>Friedhelm (Konni) Konnersmann bei seiner letzten Rede beim Dissen Triathlon ? Er will langsam die Jugend an die Arbeit bringen aber zur n\u00e4chsten Verlosung ist er bestimmt wieder da.<\/p>\n\n\n\n<p>Ludwig und Burkhard absolvierten ihre Einzelstarts gewohnt souver\u00e4n und lagen am Ende nur 7 Sekunden auseinander.<\/p>\n\n\n<div class=\"wp-block-image\">\n<figure class=\"aligncenter\"><img decoding=\"async\" src=\"https:\/\/arnwiesen.net\/wpt\/wp-content\/uploads\/2006\/schwimmstart.jpg\" alt=\"Image\"\/><\/figure>\n<\/div>\n\n<div class=\"wp-block-image\">\n<figure class=\"aligncenter size-full\"><img loading=\"lazy\" decoding=\"async\" width=\"502\" height=\"522\" src=\"https:\/\/arnwiesen.net\/wpt\/wp-content\/uploads\/2006\/dmichael-beim-wechsel.jpg\" alt=\"\" class=\"wp-image-1762\" title=\"Image\" srcset=\"https:\/\/arnwiesen.net\/wpt\/wp-content\/uploads\/2006\/dmichael-beim-wechsel.jpg 502w, https:\/\/arnwiesen.net\/wpt\/wp-content\/uploads\/2006\/dmichael-beim-wechsel-289x300.jpg 289w\" sizes=\"auto, (max-width: 502px) 85vw, 502px\" \/><\/figure>\n<\/div>\n\n<div class=\"wp-block-image\">\n<figure class=\"aligncenter size-full\"><img loading=\"lazy\" decoding=\"async\" width=\"507\" height=\"484\" src=\"https:\/\/arnwiesen.net\/wpt\/wp-content\/uploads\/2006\/dmaik-radelt.jpg\" alt=\"\" class=\"wp-image-1761\" srcset=\"https:\/\/arnwiesen.net\/wpt\/wp-content\/uploads\/2006\/dmaik-radelt.jpg 507w, https:\/\/arnwiesen.net\/wpt\/wp-content\/uploads\/2006\/dmaik-radelt-300x286.jpg 300w\" sizes=\"auto, (max-width: 507px) 85vw, 507px\" \/><\/figure>\n<\/div>\n\n<div class=\"wp-block-image\">\n<figure class=\"aligncenter size-full\"><img loading=\"lazy\" decoding=\"async\" width=\"502\" height=\"832\" src=\"https:\/\/arnwiesen.net\/wpt\/wp-content\/uploads\/2006\/dnicolas-laeuft.jpg\" alt=\"\" class=\"wp-image-1763\" srcset=\"https:\/\/arnwiesen.net\/wpt\/wp-content\/uploads\/2006\/dnicolas-laeuft.jpg 502w, https:\/\/arnwiesen.net\/wpt\/wp-content\/uploads\/2006\/dnicolas-laeuft-181x300.jpg 181w\" sizes=\"auto, (max-width: 502px) 85vw, 502px\" \/><\/figure>\n<\/div>\n\n<div class=\"wp-block-image\">\n<figure class=\"aligncenter size-full\"><img loading=\"lazy\" decoding=\"async\" width=\"502\" height=\"377\" src=\"https:\/\/arnwiesen.net\/wpt\/wp-content\/uploads\/2006\/dstaffel-reimann.jpg\" alt=\"\" class=\"wp-image-1769\" srcset=\"https:\/\/arnwiesen.net\/wpt\/wp-content\/uploads\/2006\/dstaffel-reimann.jpg 502w, https:\/\/arnwiesen.net\/wpt\/wp-content\/uploads\/2006\/dstaffel-reimann-300x225.jpg 300w\" sizes=\"auto, (max-width: 502px) 85vw, 502px\" \/><\/figure>\n<\/div>\n\n\n<p>Die Schnellsten des heutigen Tages: Reimann-Reimann-Reimann<\/p>\n\n\n\n<figure class=\"wp-block-table\"><table><tbody><tr><td><strong>&nbsp;Name<\/strong><\/td><td><strong>&nbsp;Schwimmen<\/strong><\/td><td><strong>&nbsp;+ Rad<\/strong><\/td><td><strong>&nbsp;+ Laufen<\/strong><\/td><td><strong>&nbsp;Gesamt<\/strong><\/td><td><strong>&nbsp;Platz<\/strong><\/td><td><strong>&nbsp;Klasse<\/strong><\/td><\/tr><tr><td>&nbsp; Ludwig<\/td><td>&nbsp;00:10:04<\/td><td>&nbsp;00:54:55<\/td><td>&nbsp;00:25:31<\/td><td>&nbsp;01:30:30<\/td><td>&nbsp;6<\/td><td>&nbsp;TM40<\/td><\/tr><tr><td>&nbsp; Burkhard<\/td><td>&nbsp;00:11:24<\/td><td>&nbsp;00:54:03<\/td><td>&nbsp;00:25:10<\/td><td>&nbsp;01:30:37<\/td><td>&nbsp;7<\/td><td>&nbsp;TM40<\/td><\/tr><tr><td>&nbsp; Michael<\/td><td>&nbsp;00:12:08<\/td><td>&nbsp;00:55:03<\/td><td>&nbsp;00:27:48<\/td><td>&nbsp;01:34:59<\/td><td>&nbsp;5<\/td><td>&nbsp;TM45<\/td><\/tr><tr><td>&nbsp; Cossi<\/td><td>&nbsp;00:13:15<\/td><td>&nbsp;00:57:34<\/td><td>&nbsp;00:29:13<\/td><td>&nbsp;01:40:02<\/td><td>&nbsp;3<\/td><td>&nbsp;TM50<\/td><\/tr><\/tbody><\/table><\/figure>\n\n\n\n<figure class=\"wp-block-table\"><table><tbody><tr><td><strong>&nbsp;Platz<\/strong><\/td><td><strong>&nbsp;Name<\/strong><\/td><td><strong>&nbsp;Schwimmen<\/strong><\/td><td><strong>&nbsp;+ Rad.<\/strong><\/td><td><strong>&nbsp;+ Laufen.<\/strong><\/td><td><strong>&nbsp;Gesamt<\/strong><\/td><\/tr><tr><td>&nbsp;4<\/td><td>&nbsp;Reimann S, Reimann M, Reimann N<\/td><td>&nbsp;00:10:46<\/td><td>&nbsp;00:48:32<\/td><td>&nbsp;00:22:27<\/td><td>&nbsp;01:21:45<\/td><\/tr><tr><td>&nbsp;6<\/td><td>&nbsp;Jaroschek, Eisenacher, Urbach<\/td><td>&nbsp;00:13:18<\/td><td>&nbsp;00:58:57<\/td><td>&nbsp;00:24:55<\/td><td>&nbsp;01:37:58<\/td><\/tr><\/tbody><\/table><\/figure>\n","protected":false},"excerpt":{"rendered":"<p>Reimann-Reimann-Reimann gegen Reimann Wie schon im letzten Jahr, schaffte Michael auch diesmal die&nbsp;familiere Staffel-Qualifikation nicht. In keiner der drei Diziplinen konnte er entscheidend Punkten. Im Schwimmen unterlag er wie gewohnt Sylke. Radfahren und Laufen gingen klar an die beiden S\u00f6hne Maik und Nikolas. Im direkten Vergleich Reimann-Reimann-Reimann gegen Reimann fehlten ihm mehr als 13 Minuten.<\/p>\n","protected":false},"author":1,"featured_media":0,"comment_status":"closed","ping_status":"open","sticky":false,"template":"","format":"standard","meta":{"footnotes":""},"categories":[28],"tags":[288,292,136,141],"class_list":["post-3073","post","type-post","status-publish","format-standard","hentry","category-berichte-2006","tag-dissen","tag-staffeltriathlon","tag-triathlon","tag-volkstriathlon"],"_links":{"self":[{"href":"https:\/\/arnwiesen.net\/wpt\/wp-json\/wp\/v2\/posts\/3073","targetHints":{"allow":["GET"]}}],"collection":[{"href":"https:\/\/arnwiesen.net\/wpt\/wp-json\/wp\/v2\/posts"}],"about":[{"href":"https:\/\/arnwiesen.net\/wpt\/wp-json\/wp\/v2\/types\/post"}],"author":[{"embeddable":true,"href":"https:\/\/arnwiesen.net\/wpt\/wp-json\/wp\/v2\/users\/1"}],"replies":[{"embeddable":true,"href":"https:\/\/arnwiesen.net\/wpt\/wp-json\/wp\/v2\/comments?post=3073"}],"version-history":[{"count":2,"href":"https:\/\/arnwiesen.net\/wpt\/wp-json\/wp\/v2\/posts\/3073\/revisions"}],"predecessor-version":[{"id":3911,"href":"https:\/\/arnwiesen.net\/wpt\/wp-json\/wp\/v2\/posts\/3073\/revisions\/3911"}],"wp:attachment":[{"href":"https:\/\/arnwiesen.net\/wpt\/wp-json\/wp\/v2\/media?parent=3073"}],"wp:term":[{"taxonomy":"category","embeddable":true,"href":"https:\/\/arnwiesen.net\/wpt\/wp-json\/wp\/v2\/categories?post=3073"},{"taxonomy":"post_tag","embeddable":true,"href":"https:\/\/arnwiesen.net\/wpt\/wp-json\/wp\/v2\/tags?post=3073"}],"curies":[{"name":"wp","href":"https:\/\/api.w.org\/{rel}","templated":true}]}}