{"id":3065,"date":"2006-01-28T07:39:00","date_gmt":"2006-01-28T06:39:00","guid":{"rendered":"https:\/\/arnwiesen.net\/wpt\/?p=3065"},"modified":"2022-07-17T16:38:43","modified_gmt":"2022-07-17T14:38:43","slug":"nike-winterlaufserie","status":"publish","type":"post","link":"https:\/\/arnwiesen.net\/wpt\/2006\/nike-winterlaufserie\/","title":{"rendered":"Nike Winterlaufserie"},"content":{"rendered":"\n<p><strong>Serienfinale am 1.4.06: 5\u00a0TCKJ\u00b4ler am Start<\/strong><\/p>\n\n\n\n<p>Nach Schnee und Minustemperaturen waren diesmal ergiebige Regenschauer der w\u00fcrdige Wetterrahmen f\u00fcr eine Winterlaufserie. Nach dem Motto Kinder und Frauen zuerst mussten die Bambinis als Erste dem Regen trotzen. P\u00fcnktlich um 14.00 stand nur David an der Startlinie, die anderen Kinder waren noch irgenwo untergestellt. Um 14.08 Uhr waren dann genug Gegner da, so da\u00df sich David bei mehr als 40 Startern sehr \u00fcber seinen 7. Platz, die Medaille, einen Flummi und ein Schwein freuen konnte.<\/p>\n\n\n<div class=\"wp-block-image\">\n<figure class=\"aligncenter\"><img decoding=\"async\" src=\"https:\/\/arnwiesen.net\/wpt\/wp-content\/uploads\/2006\/bambinilauf.jpg\" alt=\"Image\" title=\"Image\"\/><\/figure>\n<\/div>\n\n\n<!--more-->\n\n\n\n<div class=\"wp-block-group is-nowrap is-layout-flex wp-container-core-group-is-layout-ad2f72ca wp-block-group-is-layout-flex\"><div class=\"wp-block-image\">\n<figure class=\"aligncenter size-full\"><img loading=\"lazy\" decoding=\"async\" width=\"502\" height=\"414\" src=\"https:\/\/arnwiesen.net\/wpt\/wp-content\/uploads\/2006\/wls-regen-06.jpg\" alt=\"\" class=\"wp-image-1822\" srcset=\"https:\/\/arnwiesen.net\/wpt\/wp-content\/uploads\/2006\/wls-regen-06.jpg 502w, https:\/\/arnwiesen.net\/wpt\/wp-content\/uploads\/2006\/wls-regen-06-300x247.jpg 300w\" sizes=\"auto, (max-width: 502px) 85vw, 502px\" \/><\/figure>\n<\/div>\n\n<div class=\"wp-block-image\">\n<figure class=\"aligncenter size-full\"><img loading=\"lazy\" decoding=\"async\" width=\"229\" height=\"507\" src=\"https:\/\/arnwiesen.net\/wpt\/wp-content\/uploads\/2006\/wls-david-06.jpg\" alt=\"\" class=\"wp-image-1820\" srcset=\"https:\/\/arnwiesen.net\/wpt\/wp-content\/uploads\/2006\/wls-david-06.jpg 229w, https:\/\/arnwiesen.net\/wpt\/wp-content\/uploads\/2006\/wls-david-06-136x300.jpg 136w\" sizes=\"auto, (max-width: 229px) 85vw, 229px\" \/><\/figure>\n<\/div><\/div>\n\n\n<div class=\"wp-block-image\">\n<figure class=\"aligncenter size-full\"><img loading=\"lazy\" decoding=\"async\" width=\"502\" height=\"298\" src=\"https:\/\/arnwiesen.net\/wpt\/wp-content\/uploads\/2006\/wls-tanzgruppe-06.jpg\" alt=\"\" class=\"wp-image-1823\" srcset=\"https:\/\/arnwiesen.net\/wpt\/wp-content\/uploads\/2006\/wls-tanzgruppe-06.jpg 502w, https:\/\/arnwiesen.net\/wpt\/wp-content\/uploads\/2006\/wls-tanzgruppe-06-300x178.jpg 300w\" sizes=\"auto, (max-width: 502px) 85vw, 502px\" \/><\/figure>\n<\/div>\n\n\n<p>Vor dem Bambinistart sorgte eine Tanzgruppe aus Rheinhausen mit einem WM &#8211; Tanz f\u00fcr Stimmung.<\/p>\n\n\n\n<div class=\"wp-block-group is-nowrap is-layout-flex wp-container-core-group-is-layout-ad2f72ca wp-block-group-is-layout-flex\"><div class=\"wp-block-image\">\n<figure class=\"aligncenter size-full\"><img loading=\"lazy\" decoding=\"async\" width=\"311\" height=\"503\" src=\"https:\/\/arnwiesen.net\/wpt\/wp-content\/uploads\/2006\/wls-ralf-06.jpg\" alt=\"\" class=\"wp-image-1821\" srcset=\"https:\/\/arnwiesen.net\/wpt\/wp-content\/uploads\/2006\/wls-ralf-06.jpg 311w, https:\/\/arnwiesen.net\/wpt\/wp-content\/uploads\/2006\/wls-ralf-06-185x300.jpg 185w\" sizes=\"auto, (max-width: 311px) 85vw, 311px\" \/><\/figure>\n<\/div>\n\n<div class=\"wp-block-image\">\n<figure class=\"aligncenter size-full\"><img loading=\"lazy\" decoding=\"async\" width=\"506\" height=\"607\" src=\"https:\/\/arnwiesen.net\/wpt\/wp-content\/uploads\/2006\/wls-team-06.jpg\" alt=\"\" class=\"wp-image-1824\" srcset=\"https:\/\/arnwiesen.net\/wpt\/wp-content\/uploads\/2006\/wls-team-06.jpg 506w, https:\/\/arnwiesen.net\/wpt\/wp-content\/uploads\/2006\/wls-team-06-250x300.jpg 250w\" sizes=\"auto, (max-width: 506px) 85vw, 506px\" \/><\/figure>\n<\/div><\/div>\n\n\n\n<p>W\u00e4hrend Kinder und Frauen sich durch den Regen k\u00e4mpften sass Ralf im Auto : &#8222;Bei Regen starte ich nicht&#8220;, und schon kam die Sonne raus und bei herrlichem Fr\u00fchlingswetter lief er leichtf\u00fcssig ins Ziel.<\/p>\n\n\n\n<p>Hier Gruppenbild mit Siegerin : Beim Frauenlauf erk\u00e4mpfte sich Heide den 1. Platz in ihrer Altersklasse mit&nbsp;\u00fcber 8 Minuten Vorsprung vor der Zweiten. Das motivierte sie so, da\u00df sie in dieser Saison ein Triathlon Comeback geben will.<\/p>\n\n\n\n<p>Auch Cossi und Joachim waren mit ihren Leistungen zufrieden. Die Ergebnisse der Mannschaftswertung werden noch bekannt gegeben.<\/p>\n\n\n\n<p><strong>Ergebnisse 3. Lauf und Serienwertung:<\/strong><\/p>\n\n\n\n<figure class=\"wp-block-table\"><table><tbody><tr><td><strong>Platz<\/strong><\/td><td><strong>AK<\/strong><\/td><td><strong>Startnr.<\/strong><\/td><td>&nbsp;<\/td><td><strong>Name<\/strong><\/td><td><strong>AK<\/strong><\/td><td><strong>Verein<\/strong><\/td><td><strong>Netto<\/strong><\/td><\/tr><tr><td>252<\/td><td>(26)<\/td><td>3913<\/td><td>KS<\/td><td>Cossmann, Michael<\/td><td>M50<\/td><td>TC K\u00f6ln-Jena<\/td><td>00:54:11<\/td><\/tr><tr><td>358<\/td><td>(36)<\/td><td>4524<\/td><td>KS<\/td><td>Heese, Joachim<\/td><td>M50<\/td><td>TC K\u00f6ln-Jena<\/td><td>01:01:31<\/td><td>&nbsp;<\/td><\/tr><tr><td>218<\/td><td>(34)<\/td><td>3962<\/td><td>KS<\/td><td>Urbach, Ralf<\/td><td>M40<\/td><td>TC K\u00f6ln-Jena<\/td><td>00:52:15<\/td><\/tr><\/tbody><\/table><\/figure>\n\n\n\n<figure class=\"wp-block-table\"><table><tbody><tr><td><strong>Platz<\/strong><\/td><td><strong>AK<\/strong><\/td><td><strong>Startnr.<\/strong><\/td><td>&nbsp;<\/td><td><strong>Name<\/strong><\/td><td><strong>AK<\/strong><\/td><td><strong>Verein<\/strong><\/td><td><strong>Netto<\/strong><\/td><\/tr><tr><td>233<\/td><td>(27)<\/td><td>3913<\/td><td>KS<\/td><td>Cossmann, Michael<\/td><td>M50<\/td><td>TC K\u00f6ln-Jena<\/td><td>01:48:42<\/td><\/tr><tr><td>283<\/td><td>(31)<\/td><td>4524<\/td><td>KS<\/td><td>Heese, Joachim<\/td><td>M50<\/td><td>TC K\u00f6ln-Jena<\/td><td>01:57:42<\/td><\/tr><tr><td>178<\/td><td>(25)<\/td><td>3962<\/td><td>KS<\/td><td>Urbach, Ralf<\/td><td>M40<\/td><td>TC K\u00f6ln-Jena<\/td><td>01:41:19<\/td><\/tr><\/tbody><\/table><\/figure>\n\n\n\n<p><strong>1. Lauf &#8211; 5 km &#8211; am 28.1.06:<\/strong>\u00a0<\/p>\n\n\n\n<p>Nach einem Jahr Pause sind wieder TCKJ&#8217;ler bei der kompletten Serie dabei.<\/p>\n\n\n\n<p>Diesmal war der Name der Serie Programm und bei Minustemperaturen und Eisesgl\u00e4tte ging es um die Regattabahn.<\/p>\n\n\n\n<p>Aufgrund der \u00e4usseren Umst\u00e4nde waren alle 3 mit ihren Zeiten zufrieden und hoffen auf weitere Verbesserungen in den n\u00e4chsten L\u00e4ufen.<\/p>\n\n\n<div class=\"wp-block-image\">\n<figure class=\"aligncenter\"><img decoding=\"async\" src=\"https:\/\/arnwiesen.net\/wpt\/wp-content\/uploads\/2006\/wls2006_02.jpg\" alt=\"Image\" title=\"Image\"\/><\/figure>\n<\/div>\n\n<div class=\"wp-block-image\">\n<figure class=\"aligncenter\"><img decoding=\"async\" src=\"https:\/\/arnwiesen.net\/wpt\/wp-content\/uploads\/2006\/wls2006_06.jpg\" alt=\"Image\" title=\"Image\"\/><\/figure>\n<\/div>\n\n\n<p>Insgesamt waren \u00fcber 5000 L\u00e4ufer am Start, hier beim 10 km Lauf fast 4000.<\/p>\n\n\n\n<figure class=\"wp-block-table\"><table><tbody><tr><td><strong>Platz<\/strong><\/td><td><strong>AK<\/strong><\/td><td><strong>Startnr.<\/strong><\/td><td>&nbsp;<\/td><td>&nbsp;<\/td><td><strong>Name<\/strong><\/td><td><strong>AK<\/strong><\/td><td><strong>Verein<\/strong><\/td><td><strong>Brutto<\/strong><\/td><td><strong>Netto<\/strong><\/td><\/tr><tr><td>331<\/td><td>(36)<\/td><td>3913<\/td><td>KS<\/td><td>&nbsp;<\/td><td>Cossmann, Michael<\/td><td>M50<\/td><td>TC K\u00f6ln-Jena<\/td><td>00:27:30<\/td><td>00:27:16<\/td><\/tr><tr><td>350<\/td><td>(41)<\/td><td>4524<\/td><td>KS<\/td><td>&nbsp;<\/td><td>Heese, Joachim<\/td><td>M50<\/td><td>TC K\u00f6ln-Jena<\/td><td>00:27:54<\/td><td>00:27:40<\/td><\/tr><tr><td>209<\/td><td>(29)<\/td><td>3962<\/td><td>KS<\/td><td>&nbsp;<\/td><td>Urbach, Ralf<\/td><td>M40<\/td><td>TC K\u00f6ln-Jena<\/td><td>00:24:50<\/td><td>00:24:37<\/td><\/tr><\/tbody><\/table><\/figure>\n\n\n\n<p><strong>2. Lauf &#8211; 5 km &#8211; am 4.3.06<\/strong><\/p>\n\n\n\n<p>Beim\u00a0<strong>2. Lauf am 4.3.06<\/strong>\u00a0waren die Temperaturen wieder in der N\u00e4he des Nullpunktes und auch die Zeiten der TCKJ\u00b4ler waren wie eingefroren, kaum Unterschiede zum 1. Lauf. Mit den erwarteten Fr\u00fchlingstemperaturen steigen auch\u00a0die Hoffnungen auf Leistungsteigerungen beim abschliessenden\u00a010 Kilometerlauf am 1.4.06. Diesmal traute sich auch schon ein Fan an die Strecke, trotz der Temperaturen und wurde\u00a0auch abgelichtet.<\/p>\n\n\n<div class=\"wp-block-image\">\n<figure class=\"aligncenter\"><img decoding=\"async\" src=\"https:\/\/arnwiesen.net\/wpt\/wp-content\/uploads\/2006\/WLS2006_12.jpg\" alt=\"Image\" title=\"Image\"\/><\/figure>\n<\/div>\n\n<div class=\"wp-block-image\">\n<figure class=\"aligncenter\"><img decoding=\"async\" src=\"https:\/\/arnwiesen.net\/wpt\/wp-content\/uploads\/2006\/WLS2006_14.jpg\" alt=\"Image\" title=\"Image\"\/><\/figure>\n<\/div>\n\n\n<figure class=\"wp-block-table\"><table><tbody><tr><td><strong>Platz<\/strong><\/td><td><strong>AK<\/strong><\/td><td><strong>Startnr.<\/strong><\/td><td>&nbsp;<\/td><td>&nbsp;<\/td><td><strong>Name<\/strong><\/td><td><strong>AK<\/strong><\/td><td><strong>Verein<\/strong><\/td><td><strong>Brutto<\/strong><\/td><td><strong>Netto<\/strong><\/td><\/tr><tr><td>328<\/td><td>(36)<\/td><td>3913<\/td><td>KS<\/td><td>&nbsp;<\/td><td>Cossmann, Michael<\/td><td>M50<\/td><td>TC K\u00f6ln-Jena<\/td><td>00:27:34<\/td><td>00:27:14<\/td><\/tr><tr><td>370<\/td><td>(41)<\/td><td>4524<\/td><td>KS<\/td><td>&nbsp;<\/td><td>Heese, Joachim<\/td><td>M50<\/td><td>TC K\u00f6ln-Jena<\/td><td>00:28:51<\/td><td>00:28:29<\/td><\/tr><tr><td>219<\/td><td>(31)<\/td><td>3962<\/td><td>KS<\/td><td>&nbsp;<\/td><td>Urbach, Ralf<\/td><td>M40<\/td><td>TC K\u00f6ln-Jena<\/td><td>00:24:47<\/td><td>00:24:27<\/td><\/tr><\/tbody><\/table><\/figure>\n","protected":false},"excerpt":{"rendered":"<p>Serienfinale am 1.4.06: 5\u00a0TCKJ\u00b4ler am Start Nach Schnee und Minustemperaturen waren diesmal ergiebige Regenschauer der w\u00fcrdige Wetterrahmen f\u00fcr eine Winterlaufserie. Nach dem Motto Kinder und Frauen zuerst mussten die Bambinis als Erste dem Regen trotzen. P\u00fcnktlich um 14.00 stand nur David an der Startlinie, die anderen Kinder waren noch irgenwo untergestellt. Um 14.08 Uhr waren &hellip; <a href=\"https:\/\/arnwiesen.net\/wpt\/2006\/nike-winterlaufserie\/\" class=\"more-link\"><span class=\"screen-reader-text\">\u201eNike Winterlaufserie\u201c<\/span> weiterlesen<\/a><\/p>\n","protected":false},"author":5,"featured_media":0,"comment_status":"closed","ping_status":"open","sticky":false,"template":"","format":"standard","meta":{"footnotes":""},"categories":[28],"tags":[125,196,148,212],"class_list":["post-3065","post","type-post","status-publish","format-standard","hentry","category-berichte-2006","tag-10km","tag-5km","tag-duisburg","tag-winterlaufserie"],"_links":{"self":[{"href":"https:\/\/arnwiesen.net\/wpt\/wp-json\/wp\/v2\/posts\/3065","targetHints":{"allow":["GET"]}}],"collection":[{"href":"https:\/\/arnwiesen.net\/wpt\/wp-json\/wp\/v2\/posts"}],"about":[{"href":"https:\/\/arnwiesen.net\/wpt\/wp-json\/wp\/v2\/types\/post"}],"author":[{"embeddable":true,"href":"https:\/\/arnwiesen.net\/wpt\/wp-json\/wp\/v2\/users\/5"}],"replies":[{"embeddable":true,"href":"https:\/\/arnwiesen.net\/wpt\/wp-json\/wp\/v2\/comments?post=3065"}],"version-history":[{"count":4,"href":"https:\/\/arnwiesen.net\/wpt\/wp-json\/wp\/v2\/posts\/3065\/revisions"}],"predecessor-version":[{"id":3919,"href":"https:\/\/arnwiesen.net\/wpt\/wp-json\/wp\/v2\/posts\/3065\/revisions\/3919"}],"wp:attachment":[{"href":"https:\/\/arnwiesen.net\/wpt\/wp-json\/wp\/v2\/media?parent=3065"}],"wp:term":[{"taxonomy":"category","embeddable":true,"href":"https:\/\/arnwiesen.net\/wpt\/wp-json\/wp\/v2\/categories?post=3065"},{"taxonomy":"post_tag","embeddable":true,"href":"https:\/\/arnwiesen.net\/wpt\/wp-json\/wp\/v2\/tags?post=3065"}],"curies":[{"name":"wp","href":"https:\/\/api.w.org\/{rel}","templated":true}]}}