{"id":3063,"date":"2006-07-15T23:44:00","date_gmt":"2006-07-15T21:44:00","guid":{"rendered":"https:\/\/arnwiesen.net\/wpt\/?p=3063"},"modified":"2022-07-18T09:19:22","modified_gmt":"2022-07-18T07:19:22","slug":"ik-zwom-ik-fietste-ik-liep","status":"publish","type":"post","link":"https:\/\/arnwiesen.net\/wpt\/2006\/ik-zwom-ik-fietste-ik-liep\/","title":{"rendered":"Ik zwom, ik fietste, ik liep &#8230;"},"content":{"rendered":"\n<p><strong>22. Triathlon Holten &#8211; vier plus x f\u00fcr Holten<\/strong><\/p>\n\n\n<div class=\"wp-block-image\">\n<figure class=\"aligncenter size-full\"><img loading=\"lazy\" decoding=\"async\" width=\"200\" height=\"95\" src=\"https:\/\/arnwiesen.net\/wpt\/wp-content\/uploads\/2006\/holten_itu_small.jpg\" alt=\"\" class=\"wp-image-1789\"\/><\/figure>\n<\/div>\n\n\n<p><strong><br><\/strong>Dank der internationalen Beteiligung durch den TC-K\u00f6ln-Jena wurde der diesj\u00e4hrige Triathlon Holten zum European Cup aufgewertet.<\/p>\n\n\n\n<p>Mit fast 1000 Teilnehmern, \u00fcber 700 Helfern und einer Triathlon begeisterten Bev\u00f6lkerung ein echtes Grossereignis. Ziel war die eigens f\u00fcr diesen Wettbewerb aufgebaute Arena auf dem Marktplatz. Die vollbesetzte Arena musste ingesamt dreimal durchlaufen werden. Michael Reimann stellte anschlie\u00dfend fest &#8211; hier sollte man sich mehr Zeit lassen und das tolle Publikum genie\u00dfen.<\/p>\n\n\n\n<!--more-->\n\n\n\n<p>Unterst\u00fctzt wurde die gute Stimmung auf dem Marktplatz durch Livebilder von der Rad und Laufstrecke auf einem Gro\u00dfbildschirm.<\/p>\n\n\n\n<p>Die Ergebnisse mit Videoclips aller Teilnehmer findet sich auf der Seite von Triathlon Holten.<\/p>\n\n\n\n<p><a href=\"http:\/\/www.triathlonholten.nl\/sth\/results.htm\" target=\"_blank\" rel=\"noreferrer noopener\"><u>Results 2006<\/u><\/a>&nbsp;&nbsp;<\/p>\n\n\n\n<p>Die Starter des TCKJ (Rosi, Sylke, Michael, Cossi und Ulrich) finden sich im Wettbewerb &#8222;Achtste&#8220;. Der Achtste ist ein Achtel Triathlon und entspricht dem deutschen Volkstriathlon (500 m, 20 km, 5 km)<\/p>\n\n\n<div class=\"wp-block-image\">\n<figure class=\"aligncenter size-full\"><img loading=\"lazy\" decoding=\"async\" width=\"502\" height=\"395\" src=\"https:\/\/arnwiesen.net\/wpt\/wp-content\/uploads\/2006\/holten-2-haeuser.jpg\" alt=\"\" class=\"wp-image-1777\" srcset=\"https:\/\/arnwiesen.net\/wpt\/wp-content\/uploads\/2006\/holten-2-haeuser.jpg 502w, https:\/\/arnwiesen.net\/wpt\/wp-content\/uploads\/2006\/holten-2-haeuser-300x236.jpg 300w\" sizes=\"auto, (max-width: 502px) 85vw, 502px\" \/><\/figure>\n<\/div>\n\n\n<p>In der B\u00fcrgermeisterstraat fanden Rosi und Ulli Unterkunft bei Marinus und Ria <\/p>\n\n\n<div class=\"wp-block-image\">\n<figure class=\"aligncenter size-full\"><img loading=\"lazy\" decoding=\"async\" width=\"480\" height=\"361\" src=\"https:\/\/arnwiesen.net\/wpt\/wp-content\/uploads\/2006\/holten\/Verzameling-215.jpg\" alt=\"\" class=\"wp-image-1844\" srcset=\"https:\/\/arnwiesen.net\/wpt\/wp-content\/uploads\/2006\/holten\/Verzameling-215.jpg 480w, https:\/\/arnwiesen.net\/wpt\/wp-content\/uploads\/2006\/holten\/Verzameling-215-300x226.jpg 300w\" sizes=\"auto, (max-width: 480px) 85vw, 480px\" \/><figcaption>Pastaparty bei Marinus und Ria Nijland<\/figcaption><\/figure>\n<\/div>\n\n\n<p>Auch der Rest der TCKJ\u00b4ler wurde mit einer&nbsp;Pastaparty gest\u00e4rkt.<\/p>\n\n\n<div class=\"wp-block-image\">\n<figure class=\"aligncenter size-full\"><img loading=\"lazy\" decoding=\"async\" width=\"502\" height=\"271\" src=\"https:\/\/arnwiesen.net\/wpt\/wp-content\/uploads\/2006\/holten-3-namen-.jpg\" alt=\"\" class=\"wp-image-1778\" srcset=\"https:\/\/arnwiesen.net\/wpt\/wp-content\/uploads\/2006\/holten-3-namen-.jpg 502w, https:\/\/arnwiesen.net\/wpt\/wp-content\/uploads\/2006\/holten-3-namen--300x162.jpg 300w\" sizes=\"auto, (max-width: 502px) 85vw, 502px\" \/><\/figure>\n<\/div>\n\n\n<p>Direkt vor der Haust\u00fcr f\u00fchrte die Radstrecke vorbei, unsere Namen waren schon verewigt.<\/p>\n\n\n\n<div class=\"wp-block-group is-nowrap is-layout-flex wp-container-core-group-is-layout-ad2f72ca wp-block-group-is-layout-flex\"><div class=\"wp-block-image\">\n<figure class=\"aligncenter size-full\"><img loading=\"lazy\" decoding=\"async\" width=\"333\" height=\"502\" src=\"https:\/\/arnwiesen.net\/wpt\/wp-content\/uploads\/2006\/holten-4-ria.jpg\" alt=\"\" class=\"wp-image-1779\" srcset=\"https:\/\/arnwiesen.net\/wpt\/wp-content\/uploads\/2006\/holten-4-ria.jpg 333w, https:\/\/arnwiesen.net\/wpt\/wp-content\/uploads\/2006\/holten-4-ria-199x300.jpg 199w\" sizes=\"auto, (max-width: 333px) 85vw, 333px\" \/><\/figure>\n<\/div>\n\n\n<figure class=\"wp-block-image size-full\"><img loading=\"lazy\" decoding=\"async\" width=\"377\" height=\"502\" src=\"https:\/\/arnwiesen.net\/wpt\/wp-content\/uploads\/2006\/holten-5-baerbel-ulli.jpg\" alt=\"\" class=\"wp-image-1780\" srcset=\"https:\/\/arnwiesen.net\/wpt\/wp-content\/uploads\/2006\/holten-5-baerbel-ulli.jpg 377w, https:\/\/arnwiesen.net\/wpt\/wp-content\/uploads\/2006\/holten-5-baerbel-ulli-225x300.jpg 225w\" sizes=\"auto, (max-width: 377px) 85vw, 377px\" \/><\/figure>\n<\/div>\n\n\n\n<p>&#8222;Hausfrau&#8220; Ria war auch selbst aktiv&nbsp;und nahm am Kwart (1\/4 Triathlo : 1 km&nbsp; &#8211; 40 km &#8211; 10 km) teil.<\/p>\n\n\n\n<p>B\u00e4rbel und Ulli warten auf die Profis.<\/p>\n\n\n<div class=\"wp-block-image\">\n<figure class=\"aligncenter size-full\"><img loading=\"lazy\" decoding=\"async\" width=\"502\" height=\"385\" src=\"https:\/\/arnwiesen.net\/wpt\/wp-content\/uploads\/2006\/holten-6-profis.jpg\" alt=\"\" class=\"wp-image-1781\" srcset=\"https:\/\/arnwiesen.net\/wpt\/wp-content\/uploads\/2006\/holten-6-profis.jpg 502w, https:\/\/arnwiesen.net\/wpt\/wp-content\/uploads\/2006\/holten-6-profis-300x230.jpg 300w\" sizes=\"auto, (max-width: 502px) 85vw, 502px\" \/><\/figure>\n<\/div>\n\n\n<p>Hier kommen sie schon. Bei den Profis ist Windschattenfahren erlaubt. Diesmal landete keiner im Garten, wie vor 2 Jahren.<\/p>\n\n\n<div class=\"wp-block-image\">\n<figure class=\"aligncenter size-full\"><img loading=\"lazy\" decoding=\"async\" width=\"502\" height=\"353\" src=\"https:\/\/arnwiesen.net\/wpt\/wp-content\/uploads\/2006\/holten-7-team.jpg\" alt=\"\" class=\"wp-image-1782\" srcset=\"https:\/\/arnwiesen.net\/wpt\/wp-content\/uploads\/2006\/holten-7-team.jpg 502w, https:\/\/arnwiesen.net\/wpt\/wp-content\/uploads\/2006\/holten-7-team-300x211.jpg 300w\" sizes=\"auto, (max-width: 502px) 85vw, 502px\" \/><\/figure>\n<\/div>\n\n\n<p>Das Team vor dem Start. Wie sich sp\u00e4ter&nbsp;herausstellte sind hier die besten Deutschen des &#8222;Achtste &#8211; Triathlon&#8220; unter sich. Michael 1. Mann, Sylke 1. Frau, Cossi 2. Mann, Ulrich 3. Mann, Rosemarie 2. Frau.&nbsp;<\/p>\n\n\n<div class=\"wp-block-image\">\n<figure class=\"aligncenter size-full\"><img loading=\"lazy\" decoding=\"async\" width=\"502\" height=\"399\" src=\"https:\/\/arnwiesen.net\/wpt\/wp-content\/uploads\/2006\/holten-8-sylke.jpg\" alt=\"\" class=\"wp-image-1783\" srcset=\"https:\/\/arnwiesen.net\/wpt\/wp-content\/uploads\/2006\/holten-8-sylke.jpg 502w, https:\/\/arnwiesen.net\/wpt\/wp-content\/uploads\/2006\/holten-8-sylke-300x238.jpg 300w\" sizes=\"auto, (max-width: 502px) 85vw, 502px\" \/><\/figure>\n<\/div>\n\n\n<p>Sylke bereitet sich mental auf den Start vor.<\/p>\n\n\n<div class=\"wp-block-image\">\n<figure class=\"aligncenter size-full\"><img loading=\"lazy\" decoding=\"async\" width=\"502\" height=\"376\" src=\"https:\/\/arnwiesen.net\/wpt\/wp-content\/uploads\/2006\/holten-9-cossi-vertrek.jpg\" alt=\"\" class=\"wp-image-1784\" srcset=\"https:\/\/arnwiesen.net\/wpt\/wp-content\/uploads\/2006\/holten-9-cossi-vertrek.jpg 502w, https:\/\/arnwiesen.net\/wpt\/wp-content\/uploads\/2006\/holten-9-cossi-vertrek-300x225.jpg 300w\" sizes=\"auto, (max-width: 502px) 85vw, 502px\" \/><\/figure>\n<\/div>\n\n\n<p>Cossi kurz vor dem &#8222;vertrek&#8220; zum Schwimmbad. Startgruppenweise wurde man zum ca. 2 Kilometer entfernten Schwimmbad gebracht.<\/p>\n\n\n\n<div class=\"wp-block-group is-nowrap is-layout-flex wp-container-core-group-is-layout-ad2f72ca wp-block-group-is-layout-flex\">\n<figure class=\"wp-block-image size-full\"><img loading=\"lazy\" decoding=\"async\" width=\"478\" height=\"480\" src=\"https:\/\/arnwiesen.net\/wpt\/wp-content\/uploads\/2006\/holten-10-zuschauer.jpg\" alt=\"\" class=\"wp-image-1785\" srcset=\"https:\/\/arnwiesen.net\/wpt\/wp-content\/uploads\/2006\/holten-10-zuschauer.jpg 478w, https:\/\/arnwiesen.net\/wpt\/wp-content\/uploads\/2006\/holten-10-zuschauer-300x300.jpg 300w, https:\/\/arnwiesen.net\/wpt\/wp-content\/uploads\/2006\/holten-10-zuschauer-150x150.jpg 150w\" sizes=\"auto, (max-width: 478px) 85vw, 478px\" \/><\/figure>\n\n\n\n<figure class=\"wp-block-image size-full\"><img loading=\"lazy\" decoding=\"async\" width=\"441\" height=\"502\" src=\"https:\/\/arnwiesen.net\/wpt\/wp-content\/uploads\/2006\/holten-11-zuschauer-.jpg\" alt=\"\" class=\"wp-image-1786\" srcset=\"https:\/\/arnwiesen.net\/wpt\/wp-content\/uploads\/2006\/holten-11-zuschauer-.jpg 441w, https:\/\/arnwiesen.net\/wpt\/wp-content\/uploads\/2006\/holten-11-zuschauer--264x300.jpg 264w\" sizes=\"auto, (max-width: 441px) 85vw, 441px\" \/><\/figure>\n<\/div>\n\n\n\n<p>Viel Stimmung gab es im extra f\u00fcr den Triathlon aufgebauten Stadion.<\/p>\n\n\n\n<p>Abends gab es hier auch die &#8222;after race party&#8220;<\/p>\n\n\n<div class=\"wp-block-image\">\n<figure class=\"aligncenter size-full\"><img loading=\"lazy\" decoding=\"async\" width=\"325\" height=\"502\" src=\"https:\/\/arnwiesen.net\/wpt\/wp-content\/uploads\/2006\/holten-12-cossi.jpg\" alt=\"\" class=\"wp-image-1787\" srcset=\"https:\/\/arnwiesen.net\/wpt\/wp-content\/uploads\/2006\/holten-12-cossi.jpg 325w, https:\/\/arnwiesen.net\/wpt\/wp-content\/uploads\/2006\/holten-12-cossi-194x300.jpg 194w\" sizes=\"auto, (max-width: 325px) 85vw, 325px\" \/><\/figure>\n<\/div>\n\n\n<p>Cossi mit dem Finischer T- shirt &#8222;ich schwamm, ich radelte, ich lief&#8220; freie \u00dcbersetzung des niederl\u00e4ndischen Text, siehe \u00dcberschrift.<\/p>\n\n\n\n<p><strong>Officieuze uitslagen 22e Triathlon Holten 2006<\/strong><\/p>\n\n\n\n<p><strong>Achste &#8211; 500 m &#8211; 20 km &#8211; 5.000 m&nbsp;<\/strong><\/p>\n\n\n\n<figure class=\"wp-block-table\"><table><tbody><tr><td>&nbsp;Starter<\/td><td>Platz<\/td><td>Schwimmen<\/td><td>Rad&nbsp;<\/td><td>Laufen<\/td><td>gesamz<\/td><\/tr><tr><td>&nbsp;Michael<\/td><td>227.<\/td><td>00:12:05<\/td><td>00:40:25<\/td><td>00:27:55<\/td><td>01:22:53<\/td><\/tr><tr><td>&nbsp;Cossi<\/td><td>295.<\/td><td>00:12:55<\/td><td>00:42:35<\/td><td>00:29:03<\/td><td>01:26:16<\/td><\/tr><tr><td>&nbsp;Sylke<\/td><td>382.<\/td><td>00:11:14<\/td><td>00:46:32<\/td><td>00:32:28<\/td><td>01:33:11<\/td><\/tr><tr><td>&nbsp;Rosi<\/td><td>427.<\/td><td>00:14:08<\/td><td>00:53:23<\/td><td>00:35:04<\/td><td>01:44:27<\/td><\/tr><tr><td>&nbsp;Ulli<\/td><td>427.<\/td><td>00:12:39<\/td><td>00:49:46<\/td><td>00:40:00<\/td><td>01:44:27<\/td><\/tr><\/tbody><\/table><\/figure>\n\n\n\n<p><strong>Kwart &#8211; 1000 m &#8211; 38 km &#8211; 10.000 m&nbsp;<\/strong><\/p>\n\n\n\n<figure class=\"wp-block-table\"><table><tbody><tr><td>&nbsp;Starter<\/td><td>Platz<\/td><td>Schwimmen<\/td><td>Rad&nbsp;<\/td><td>Laufen<\/td><td>gesamz<\/td><\/tr><tr><td>&nbsp;Ria<\/td><td>196.<\/td><td>00:24:11<\/td><td>01:14:24<\/td><td>01:01:33<\/td><td>02:42:19<\/td><\/tr><\/tbody><\/table><\/figure>\n\n\n\n<hr class=\"wp-block-separator has-alpha-channel-opacity\"\/>\n\n\n\n<p><strong>Ganz wichtig und jetzt schon vormerken:<\/strong><\/p>\n\n\n\n<p><strong>23e Triathlon Holten 6-7 juli 2007&nbsp;<\/strong><\/p>\n\n\n\n<p>Op basis van de informatie met betrekking tot diverse nationale en internationale kalenders is de werkdatum voor de 23e editie van de Internationale Triathlon Holten vastgesteld op 6-7 juli 2007<\/p>\n\n\n\n<h2 class=\"wp-block-heading\">Nachleese Triathlon Holten<\/h2>\n\n\n\n<p>Kein Scherz:&nbsp;Radstrecke <strong>Holtener Berg<\/strong> &#8211; 8 %<\/p>\n\n\n<div class=\"wp-block-image\">\n<figure class=\"aligncenter size-full\"><img loading=\"lazy\" decoding=\"async\" width=\"480\" height=\"320\" src=\"https:\/\/arnwiesen.net\/wpt\/wp-content\/uploads\/2006\/holten\/IMG_8453009.jpg\" alt=\"\" class=\"wp-image-1842\" srcset=\"https:\/\/arnwiesen.net\/wpt\/wp-content\/uploads\/2006\/holten\/IMG_8453009.jpg 480w, https:\/\/arnwiesen.net\/wpt\/wp-content\/uploads\/2006\/holten\/IMG_8453009-300x200.jpg 300w\" sizes=\"auto, (max-width: 480px) 85vw, 480px\" \/><\/figure>\n<\/div>\n\n<div class=\"wp-block-image\">\n<figure class=\"aligncenter size-full\"><img loading=\"lazy\" decoding=\"async\" width=\"480\" height=\"339\" src=\"https:\/\/arnwiesen.net\/wpt\/wp-content\/uploads\/2006\/holten\/holterberg002_2_001.jpg\" alt=\"\" class=\"wp-image-1829\" srcset=\"https:\/\/arnwiesen.net\/wpt\/wp-content\/uploads\/2006\/holten\/holterberg002_2_001.jpg 480w, https:\/\/arnwiesen.net\/wpt\/wp-content\/uploads\/2006\/holten\/holterberg002_2_001-300x212.jpg 300w\" sizes=\"auto, (max-width: 480px) 85vw, 480px\" \/><\/figure>\n<\/div>\n\n\n<p>Selbstgebastelte Duschen sorgen f\u00fcr Erfrischung auf der Laufstrecke<\/p>\n\n\n<div class=\"wp-block-image\">\n<figure class=\"aligncenter size-full\"><img loading=\"lazy\" decoding=\"async\" width=\"480\" height=\"320\" src=\"https:\/\/arnwiesen.net\/wpt\/wp-content\/uploads\/2006\/holten\/IMG_8294435.jpg\" alt=\"\" class=\"wp-image-1841\" srcset=\"https:\/\/arnwiesen.net\/wpt\/wp-content\/uploads\/2006\/holten\/IMG_8294435.jpg 480w, https:\/\/arnwiesen.net\/wpt\/wp-content\/uploads\/2006\/holten\/IMG_8294435-300x200.jpg 300w\" sizes=\"auto, (max-width: 480px) 85vw, 480px\" \/><\/figure>\n<\/div>\n\n<div class=\"wp-block-image\">\n<figure class=\"aligncenter size-full\"><img loading=\"lazy\" decoding=\"async\" width=\"320\" height=\"480\" src=\"https:\/\/arnwiesen.net\/wpt\/wp-content\/uploads\/2006\/holten\/IMG_8278419.jpg\" alt=\"\" class=\"wp-image-1840\" srcset=\"https:\/\/arnwiesen.net\/wpt\/wp-content\/uploads\/2006\/holten\/IMG_8278419.jpg 320w, https:\/\/arnwiesen.net\/wpt\/wp-content\/uploads\/2006\/holten\/IMG_8278419-200x300.jpg 200w\" sizes=\"auto, (max-width: 320px) 85vw, 320px\" \/><\/figure>\n<\/div>\n\n<div class=\"wp-block-image\">\n<figure class=\"aligncenter size-full\"><img loading=\"lazy\" decoding=\"async\" width=\"480\" height=\"360\" src=\"https:\/\/arnwiesen.net\/wpt\/wp-content\/uploads\/2006\/holten\/Verzameling-239.jpg\" alt=\"\" class=\"wp-image-1847\" srcset=\"https:\/\/arnwiesen.net\/wpt\/wp-content\/uploads\/2006\/holten\/Verzameling-239.jpg 480w, https:\/\/arnwiesen.net\/wpt\/wp-content\/uploads\/2006\/holten\/Verzameling-239-300x225.jpg 300w\" sizes=\"auto, (max-width: 480px) 85vw, 480px\" \/><\/figure>\n<\/div>\n\n\n<p>Zu schnell f\u00fcr Presse Funk und Fernsehen &#8211;&nbsp;<strong>Cossi<\/strong><\/p>\n\n\n<div class=\"wp-block-image\">\n<figure class=\"aligncenter size-full\"><img loading=\"lazy\" decoding=\"async\" width=\"480\" height=\"320\" src=\"https:\/\/arnwiesen.net\/wpt\/wp-content\/uploads\/2006\/holten\/IMG_3489.jpg\" alt=\"\" class=\"wp-image-1830\" srcset=\"https:\/\/arnwiesen.net\/wpt\/wp-content\/uploads\/2006\/holten\/IMG_3489.jpg 480w, https:\/\/arnwiesen.net\/wpt\/wp-content\/uploads\/2006\/holten\/IMG_3489-300x200.jpg 300w\" sizes=\"auto, (max-width: 480px) 85vw, 480px\" \/><\/figure>\n<\/div>\n\n<div class=\"wp-block-image\">\n<figure class=\"aligncenter size-full\"><img loading=\"lazy\" decoding=\"async\" width=\"480\" height=\"320\" src=\"https:\/\/arnwiesen.net\/wpt\/wp-content\/uploads\/2006\/holten\/IMG_3495.jpg\" alt=\"\" class=\"wp-image-1831\" srcset=\"https:\/\/arnwiesen.net\/wpt\/wp-content\/uploads\/2006\/holten\/IMG_3495.jpg 480w, https:\/\/arnwiesen.net\/wpt\/wp-content\/uploads\/2006\/holten\/IMG_3495-300x200.jpg 300w\" sizes=\"auto, (max-width: 480px) 85vw, 480px\" \/><\/figure>\n<\/div>\n\n<div class=\"wp-block-image\">\n<figure class=\"aligncenter size-full\"><img loading=\"lazy\" decoding=\"async\" width=\"480\" height=\"320\" src=\"https:\/\/arnwiesen.net\/wpt\/wp-content\/uploads\/2006\/holten\/IMG_3513.jpg\" alt=\"\" class=\"wp-image-1832\" srcset=\"https:\/\/arnwiesen.net\/wpt\/wp-content\/uploads\/2006\/holten\/IMG_3513.jpg 480w, https:\/\/arnwiesen.net\/wpt\/wp-content\/uploads\/2006\/holten\/IMG_3513-300x200.jpg 300w\" sizes=\"auto, (max-width: 480px) 85vw, 480px\" \/><\/figure>\n<\/div>\n\n<div class=\"wp-block-image\">\n<figure class=\"aligncenter size-full\"><img loading=\"lazy\" decoding=\"async\" width=\"480\" height=\"320\" src=\"https:\/\/arnwiesen.net\/wpt\/wp-content\/uploads\/2006\/holten\/IMG_3537.jpg\" alt=\"\" class=\"wp-image-1833\" srcset=\"https:\/\/arnwiesen.net\/wpt\/wp-content\/uploads\/2006\/holten\/IMG_3537.jpg 480w, https:\/\/arnwiesen.net\/wpt\/wp-content\/uploads\/2006\/holten\/IMG_3537-300x200.jpg 300w\" sizes=\"auto, (max-width: 480px) 85vw, 480px\" \/><\/figure>\n<\/div>\n\n<div class=\"wp-block-image\">\n<figure class=\"aligncenter size-full\"><img loading=\"lazy\" decoding=\"async\" width=\"320\" height=\"480\" src=\"https:\/\/arnwiesen.net\/wpt\/wp-content\/uploads\/2006\/holten\/img_3580.jpg\" alt=\"\" class=\"wp-image-3893\" srcset=\"https:\/\/arnwiesen.net\/wpt\/wp-content\/uploads\/2006\/holten\/img_3580.jpg 320w, https:\/\/arnwiesen.net\/wpt\/wp-content\/uploads\/2006\/holten\/img_3580-200x300.jpg 200w\" sizes=\"auto, (max-width: 320px) 85vw, 320px\" \/><figcaption>Volkssport Nr.1 &#8211; Eisschnelllauf<\/figcaption><\/figure>\n<\/div>\n\n<div class=\"wp-block-image\">\n<figure class=\"aligncenter size-full\"><img loading=\"lazy\" decoding=\"async\" width=\"480\" height=\"320\" src=\"https:\/\/arnwiesen.net\/wpt\/wp-content\/uploads\/2006\/holten\/IMG_3547.jpg\" alt=\"\" class=\"wp-image-1834\" srcset=\"https:\/\/arnwiesen.net\/wpt\/wp-content\/uploads\/2006\/holten\/IMG_3547.jpg 480w, https:\/\/arnwiesen.net\/wpt\/wp-content\/uploads\/2006\/holten\/IMG_3547-300x200.jpg 300w\" sizes=\"auto, (max-width: 480px) 85vw, 480px\" \/><\/figure>\n<\/div>\n\n<div class=\"wp-block-image\">\n<figure class=\"aligncenter size-full\"><img loading=\"lazy\" decoding=\"async\" width=\"480\" height=\"360\" src=\"https:\/\/arnwiesen.net\/wpt\/wp-content\/uploads\/2006\/holten\/verzameling-224a.jpg\" alt=\"\" class=\"wp-image-1809\" srcset=\"https:\/\/arnwiesen.net\/wpt\/wp-content\/uploads\/2006\/holten\/verzameling-224a.jpg 480w, https:\/\/arnwiesen.net\/wpt\/wp-content\/uploads\/2006\/holten\/verzameling-224a-300x225.jpg 300w\" sizes=\"auto, (max-width: 480px) 85vw, 480px\" \/><\/figure>\n<\/div>\n\n<div class=\"wp-block-image\">\n<figure class=\"aligncenter size-full\"><img loading=\"lazy\" decoding=\"async\" width=\"480\" height=\"360\" src=\"https:\/\/arnwiesen.net\/wpt\/wp-content\/uploads\/2006\/holten\/Verzameling-230.jpg\" alt=\"\" class=\"wp-image-1846\" srcset=\"https:\/\/arnwiesen.net\/wpt\/wp-content\/uploads\/2006\/holten\/Verzameling-230.jpg 480w, https:\/\/arnwiesen.net\/wpt\/wp-content\/uploads\/2006\/holten\/Verzameling-230-300x225.jpg 300w\" sizes=\"auto, (max-width: 480px) 85vw, 480px\" \/><\/figure>\n<\/div>\n\n<div class=\"wp-block-image\">\n<figure class=\"aligncenter size-full\"><img loading=\"lazy\" decoding=\"async\" width=\"480\" height=\"360\" src=\"https:\/\/arnwiesen.net\/wpt\/wp-content\/uploads\/2006\/holten\/verzameling-23kl.jpg\" alt=\"\" class=\"wp-image-1808\" srcset=\"https:\/\/arnwiesen.net\/wpt\/wp-content\/uploads\/2006\/holten\/verzameling-23kl.jpg 480w, https:\/\/arnwiesen.net\/wpt\/wp-content\/uploads\/2006\/holten\/verzameling-23kl-300x225.jpg 300w\" sizes=\"auto, (max-width: 480px) 85vw, 480px\" \/><\/figure>\n<\/div>\n\n\n<p>Die Zielarena auf dem Marktplatz<\/p>\n\n\n<div class=\"wp-block-image\">\n<figure class=\"aligncenter size-full\"><img loading=\"lazy\" decoding=\"async\" width=\"480\" height=\"320\" src=\"https:\/\/arnwiesen.net\/wpt\/wp-content\/uploads\/2006\/holten\/IMG_3652.jpg\" alt=\"\" class=\"wp-image-1837\" srcset=\"https:\/\/arnwiesen.net\/wpt\/wp-content\/uploads\/2006\/holten\/IMG_3652.jpg 480w, https:\/\/arnwiesen.net\/wpt\/wp-content\/uploads\/2006\/holten\/IMG_3652-300x200.jpg 300w\" sizes=\"auto, (max-width: 480px) 85vw, 480px\" \/><\/figure>\n<\/div>\n\n<div class=\"wp-block-image\">\n<figure class=\"aligncenter size-full\"><img loading=\"lazy\" decoding=\"async\" width=\"480\" height=\"320\" src=\"https:\/\/arnwiesen.net\/wpt\/wp-content\/uploads\/2006\/holten\/IMG_8926_001.jpg\" alt=\"\" class=\"wp-image-1838\" srcset=\"https:\/\/arnwiesen.net\/wpt\/wp-content\/uploads\/2006\/holten\/IMG_8926_001.jpg 480w, https:\/\/arnwiesen.net\/wpt\/wp-content\/uploads\/2006\/holten\/IMG_8926_001-300x200.jpg 300w\" sizes=\"auto, (max-width: 480px) 85vw, 480px\" \/><\/figure>\n<\/div>\n\n\n<p>Die &#8222;<strong>After-Race-Paty<\/strong>&#8220; mit Showgr\u00f6\u00dfen des niederl\u00e4ndischen Fernsehens<\/p>\n\n\n<div class=\"wp-block-image\">\n<figure class=\"aligncenter size-full\"><img loading=\"lazy\" decoding=\"async\" width=\"480\" height=\"320\" src=\"https:\/\/arnwiesen.net\/wpt\/wp-content\/uploads\/2006\/holten\/IMG_8968_001.jpg\" alt=\"\" class=\"wp-image-1839\" srcset=\"https:\/\/arnwiesen.net\/wpt\/wp-content\/uploads\/2006\/holten\/IMG_8968_001.jpg 480w, https:\/\/arnwiesen.net\/wpt\/wp-content\/uploads\/2006\/holten\/IMG_8968_001-300x200.jpg 300w\" sizes=\"auto, (max-width: 480px) 85vw, 480px\" \/><\/figure>\n<\/div>","protected":false},"excerpt":{"rendered":"<p>22. Triathlon Holten &#8211; vier plus x f\u00fcr Holten Dank der internationalen Beteiligung durch den TC-K\u00f6ln-Jena wurde der diesj\u00e4hrige Triathlon Holten zum European Cup aufgewertet. Mit fast 1000 Teilnehmern, \u00fcber 700 Helfern und einer Triathlon begeisterten Bev\u00f6lkerung ein echtes Grossereignis. Ziel war die eigens f\u00fcr diesen Wettbewerb aufgebaute Arena auf dem Marktplatz. Die vollbesetzte Arena &hellip; <a href=\"https:\/\/arnwiesen.net\/wpt\/2006\/ik-zwom-ik-fietste-ik-liep\/\" class=\"more-link\"><span class=\"screen-reader-text\">\u201eIk zwom, ik fietste, ik liep &#8230;\u201c<\/span> weiterlesen<\/a><\/p>\n","protected":false},"author":1,"featured_media":0,"comment_status":"closed","ping_status":"open","sticky":false,"template":"","format":"standard","meta":{"footnotes":""},"categories":[28],"tags":[138,137,135,136],"class_list":["post-3063","post","type-post","status-publish","format-standard","hentry","category-berichte-2006","tag-1-4-triathlon","tag-1-8-triathlon","tag-holten","tag-triathlon"],"_links":{"self":[{"href":"https:\/\/arnwiesen.net\/wpt\/wp-json\/wp\/v2\/posts\/3063","targetHints":{"allow":["GET"]}}],"collection":[{"href":"https:\/\/arnwiesen.net\/wpt\/wp-json\/wp\/v2\/posts"}],"about":[{"href":"https:\/\/arnwiesen.net\/wpt\/wp-json\/wp\/v2\/types\/post"}],"author":[{"embeddable":true,"href":"https:\/\/arnwiesen.net\/wpt\/wp-json\/wp\/v2\/users\/1"}],"replies":[{"embeddable":true,"href":"https:\/\/arnwiesen.net\/wpt\/wp-json\/wp\/v2\/comments?post=3063"}],"version-history":[{"count":7,"href":"https:\/\/arnwiesen.net\/wpt\/wp-json\/wp\/v2\/posts\/3063\/revisions"}],"predecessor-version":[{"id":3977,"href":"https:\/\/arnwiesen.net\/wpt\/wp-json\/wp\/v2\/posts\/3063\/revisions\/3977"}],"wp:attachment":[{"href":"https:\/\/arnwiesen.net\/wpt\/wp-json\/wp\/v2\/media?parent=3063"}],"wp:term":[{"taxonomy":"category","embeddable":true,"href":"https:\/\/arnwiesen.net\/wpt\/wp-json\/wp\/v2\/categories?post=3063"},{"taxonomy":"post_tag","embeddable":true,"href":"https:\/\/arnwiesen.net\/wpt\/wp-json\/wp\/v2\/tags?post=3063"}],"curies":[{"name":"wp","href":"https:\/\/api.w.org\/{rel}","templated":true}]}}