{"id":3061,"date":"2007-12-31T23:42:00","date_gmt":"2007-12-31T22:42:00","guid":{"rendered":"https:\/\/arnwiesen.net\/wpt\/?p=3061"},"modified":"2022-07-15T14:33:21","modified_gmt":"2022-07-15T12:33:21","slug":"jahresrueckblick-2007","status":"publish","type":"post","link":"https:\/\/arnwiesen.net\/wpt\/2007\/jahresrueckblick-2007\/","title":{"rendered":"Jahresr\u00fcckblick 2007"},"content":{"rendered":"\n<p><strong>Kleiner Jahresr\u00fcckblick<\/strong><\/p>\n\n\n<div class=\"wp-block-image\">\n<figure class=\"aligncenter size-full\"><img loading=\"lazy\" decoding=\"async\" width=\"460\" height=\"345\" src=\"https:\/\/arnwiesen.net\/wpt\/wp-content\/uploads\/2007\/jahrestreffen_3-1.jpg\" alt=\"\" class=\"wp-image-1655\" srcset=\"https:\/\/arnwiesen.net\/wpt\/wp-content\/uploads\/2007\/jahrestreffen_3-1.jpg 460w, https:\/\/arnwiesen.net\/wpt\/wp-content\/uploads\/2007\/jahrestreffen_3-1-300x225.jpg 300w\" sizes=\"auto, (max-width: 460px) 85vw, 460px\" \/><figcaption>Stellvertretend f\u00fcr alle TCKJler paddeln\u00a0<strong>Burkhard<\/strong>\u00a0und\u00a0<strong>Frank<\/strong>\u00a0ruhig ins Jahr 2008<\/figcaption><\/figure>\n<\/div>\n\n\n<p>Dieses Foto entstand beim Jahrestreffen im Oktober 2007 in Jena.&nbsp;Leider habe ich nur dieses eine Foto von der Feier, die auf dem Gel\u00e4nde eines Kanu Clubs statt fand. Die Ostgruppe hatte die Feier toll geplant und durchgef\u00fchrt. Sie liessen ihre guten Beziehungen zum Kanuclub spielen, und so konnte das Clubhaus, das Gel\u00e4nde und sogar die Boote genutzt werden. Einige TCKJ\u00b4ler paddelten auch ein wenig und die meissten kamen auch wieder trocken an Land.<\/p>\n\n\n\n<!--more-->\n\n\n\n<p>Anschlie\u00dfend wurde gegrillt und neben leckeren Salaten gab es diverse Getr\u00e4nke zu verkosten.<\/p>\n\n\n\n<p>Aus Nord und West waren diesmal nur 5 TCKJler angereist, aber Dank gro\u00dfer Teilnahme der Ostgruppe waren fast 30 TeilnehmerInnen bei der Feier. Z.B. war die amtierende Drachenboot &#8211; Weltmeisterin und frischgebackene Deutsche Meisterin&nbsp;<strong>Maxi<\/strong>&nbsp;da.&nbsp;<strong>Holger&nbsp;<\/strong>der 1996 f\u00fcr den TCKJ&nbsp;einen Treppchenplatz beim Jena Duathlon erreichte war nach langer Pause wieder dabei.&nbsp;<strong>Andreas<\/strong>, der&nbsp;bei den beiden letzten Alpentouren dabei war, kam mit Frau&nbsp;<strong>Iris<\/strong>&nbsp;aus Gera. Als neues Miglied konnte&nbsp;<strong>Angelika<\/strong>&nbsp;(im linken Bild rechts) begr\u00fcsst werden.&nbsp;Hier weitere Teilnehmer am Jahrestreffen beim sportlichen und kulturellen Teil des Jahrestreffen.<\/p>\n\n\n<div class=\"wp-block-image\">\n<figure class=\"aligncenter size-full\"><img loading=\"lazy\" decoding=\"async\" width=\"459\" height=\"325\" src=\"https:\/\/arnwiesen.net\/wpt\/wp-content\/uploads\/2007\/kernberg_team.jpg\" alt=\"\" class=\"wp-image-1665\" srcset=\"https:\/\/arnwiesen.net\/wpt\/wp-content\/uploads\/2007\/kernberg_team.jpg 459w, https:\/\/arnwiesen.net\/wpt\/wp-content\/uploads\/2007\/kernberg_team-300x212.jpg 300w\" sizes=\"auto, (max-width: 459px) 85vw, 459px\" \/><figcaption>oben:\u00a0<strong>Burkhard, Ludwig, Jan, Anne, J\u00f6rg, Atze, Angelika<\/strong><br>unten:<strong>\u00a0Cossi, Willi, Gabi<\/strong><\/figcaption><\/figure>\n<\/div>\n\n\n<p>Als der Nachtisch, etliche Sorten selbstgebackener Kuchen gegessen war,&nbsp;hielt ich eine geraffte Rede zu den Erfolgen der Saison. Da die Website gut funktioniert ist das Meiste bereits bekannt, hier einige Erg\u00e4nzungen:<\/p>\n\n\n<div class=\"wp-block-image\">\n<figure class=\"aligncenter size-full\"><img loading=\"lazy\" decoding=\"async\" width=\"460\" height=\"350\" src=\"https:\/\/arnwiesen.net\/wpt\/wp-content\/uploads\/2007\/jahrestreffen_2-1.jpg\" alt=\"\" class=\"wp-image-1654\" srcset=\"https:\/\/arnwiesen.net\/wpt\/wp-content\/uploads\/2007\/jahrestreffen_2-1.jpg 460w, https:\/\/arnwiesen.net\/wpt\/wp-content\/uploads\/2007\/jahrestreffen_2-1-300x228.jpg 300w\" sizes=\"auto, (max-width: 460px) 85vw, 460px\" \/><figcaption>oben:\u00a0<strong>Henry,\u00a0Ludwig, Burkhard, Cossi, Atze, Andrea<br><\/strong>unten:<strong>\u00a0Martina, Heide, J\u00f6rg, Heike, B\u00e4rbel<\/strong><\/figcaption><\/figure>\n<\/div>\n\n\n<p>Schwimmen:&nbsp;<\/p>\n\n\n\n<p>Das erste Mal seit 2001 nahm niemand vom TCKJ an einem 24 &#8211; Stunden &#8211; Schwimmen teil, da die Traditionsveranstaltung vom DJK Poseidon in Duisburg kurzfristig abgesagt wurde. Im n\u00e4chsten Jahr ist als Ausweichm\u00f6glichkeit das 24 &#8211; Stunden &#8211; Schwimmen der DLRG in Bohmte wieder im Programm. Sp\u00e4testens dann k\u00f6nnen wir den neuen Bohmter\u00a0<strong>Linus<\/strong>\u00a0<strong>O.<\/strong>\u00a0kennenlernen.<\/p>\n\n\n\n<p>Er ist der Sohn von\u00a0<strong>Andrea\u00a0<\/strong>und\u00a0<strong>Torsten O.<\/strong>\u00a0und damit die gro\u00dfe Schwimmhoffnung des TCKJ. Da er im Juli geboren wurde legten die beiden in diesem Jahr eine sportliche Babypause ein.<\/p>\n\n\n\n<p><strong>Radfahren:<\/strong><\/p>\n\n\n\n<p>In diversen Berichten sind die Erfolge der RTF &#8211; Gruppe, auch im Zeitfahren,&nbsp;bereits erw\u00e4hnt, nur der Pokalsieg in K\u00f6ln im Juli fehlte noch:<\/p>\n\n\n<div class=\"wp-block-image\">\n<figure class=\"aligncenter size-full\"><img loading=\"lazy\" decoding=\"async\" width=\"417\" height=\"502\" src=\"https:\/\/arnwiesen.net\/wpt\/wp-content\/uploads\/2007\/koeln_pokal_2007.jpg\" alt=\"\" class=\"wp-image-1666\" srcset=\"https:\/\/arnwiesen.net\/wpt\/wp-content\/uploads\/2007\/koeln_pokal_2007.jpg 417w, https:\/\/arnwiesen.net\/wpt\/wp-content\/uploads\/2007\/koeln_pokal_2007-249x300.jpg 249w\" sizes=\"auto, (max-width: 417px) 85vw, 417px\" \/><\/figure>\n<\/div>\n\n<div class=\"wp-block-image\">\n<figure class=\"aligncenter size-full\"><img loading=\"lazy\" decoding=\"async\" width=\"502\" height=\"445\" src=\"https:\/\/arnwiesen.net\/wpt\/wp-content\/uploads\/2007\/koeln_sieger_2007.jpg\" alt=\"\" class=\"wp-image-1667\" srcset=\"https:\/\/arnwiesen.net\/wpt\/wp-content\/uploads\/2007\/koeln_sieger_2007.jpg 502w, https:\/\/arnwiesen.net\/wpt\/wp-content\/uploads\/2007\/koeln_sieger_2007-300x266.jpg 300w\" sizes=\"auto, (max-width: 502px) 85vw, 502px\" \/><\/figure>\n<\/div>\n\n<div class=\"wp-block-image\">\n<figure class=\"aligncenter size-full\"><img loading=\"lazy\" decoding=\"async\" width=\"502\" height=\"416\" src=\"https:\/\/arnwiesen.net\/wpt\/wp-content\/uploads\/2007\/koeln_team_2007.jpg\" alt=\"\" class=\"wp-image-1668\" srcset=\"https:\/\/arnwiesen.net\/wpt\/wp-content\/uploads\/2007\/koeln_team_2007.jpg 502w, https:\/\/arnwiesen.net\/wpt\/wp-content\/uploads\/2007\/koeln_team_2007-300x249.jpg 300w\" sizes=\"auto, (max-width: 502px) 85vw, 502px\" \/><\/figure>\n<\/div>\n\n\n<p>Hier sicherten\u00a0die 6 Erstplatzierenden der RTF-Wertung Platz 2 in der Trimmfahrerwertung.\u00a0<strong>Klaus, Cossi, Bernd, B\u00e4rbel, Ralf, Thomas E.<\/strong>\u00a0(nicht im Bild)\u00a0<\/p>\n\n\n\n<p><strong>Laufen:<\/strong><\/p>\n\n\n<div class=\"wp-block-image\">\n<figure class=\"aligncenter size-full\"><img loading=\"lazy\" decoding=\"async\" width=\"480\" height=\"360\" src=\"https:\/\/arnwiesen.net\/wpt\/wp-content\/uploads\/2007\/Raiba_Abendlauf_2007_3.jpg\" alt=\"\" class=\"wp-image-1682\" srcset=\"https:\/\/arnwiesen.net\/wpt\/wp-content\/uploads\/2007\/Raiba_Abendlauf_2007_3.jpg 480w, https:\/\/arnwiesen.net\/wpt\/wp-content\/uploads\/2007\/Raiba_Abendlauf_2007_3-300x225.jpg 300w\" sizes=\"auto, (max-width: 480px) 85vw, 480px\" \/><\/figure>\n<\/div>\n\n\n<p><strong>Rosi\u00b4s<\/strong>\u00a0gr\u00f6\u00dfter Saisonerfolg war ein Treppchenplatz beim Raiba Abendlauf im Mai. Der\u00a0wurde bis jetzt, seltsamerweise, noch nicht gew\u00fcrdigt.<\/p>\n\n\n<div class=\"wp-block-image\">\n<figure class=\"aligncenter size-full\"><img loading=\"lazy\" decoding=\"async\" width=\"432\" height=\"425\" src=\"https:\/\/arnwiesen.net\/wpt\/wp-content\/uploads\/2007\/wedaucup_raphaelpascal.jpg\" alt=\"\" class=\"wp-image-1704\" srcset=\"https:\/\/arnwiesen.net\/wpt\/wp-content\/uploads\/2007\/wedaucup_raphaelpascal.jpg 432w, https:\/\/arnwiesen.net\/wpt\/wp-content\/uploads\/2007\/wedaucup_raphaelpascal-300x295.jpg 300w\" sizes=\"auto, (max-width: 432px) 85vw, 432px\" \/><\/figure>\n<\/div>\n\n\n<p>Am 1. September starteten\u00a0<strong>Raphael\u00a0<\/strong>und<strong>\u00a0Pascal<\/strong>\u00a0beim Hagener Volkslauf f\u00fcr den TCKJ und wurden in der Gesamtwertung des 5 Kilometerlaufes 6. + 13. Am n\u00e4chsten Tag reisten sie nach Duisburg und waren auch\u00a0beim Wedaupokal dabei.<\/p>\n\n\n\n<p>Beim Berlin Marathon finishten\u00a0<strong>Angelika, J\u00f6rg\u00a0<\/strong>und<strong>\u00a0Reinhardt<\/strong>\u00a0alle mit pers\u00f6nlicher Bestzeit.\u00a0<\/p>\n\n\n\n<p>Beim 7. Haster Volkslauf durchs Nettetal waren Rosi und Richard \u00fcber die 5,5 km am Start.<br>6\/19 (1.)\u00a0<strong>Rosemarie<\/strong>\u00a000:32:47\u00a0\u00a0\u00a0\u00a0\u00a0\u00a0\u00a0\u00a0\u00a0\u00a0\u00a0\u00a0\u00a0\u00a0\u00a0\u00a0\u00a0\u00a0\u00a0\u00a0\u00a0\u00a0\u00a0\u00a0\u00a0\u00a0<br>35\/40 (4.)\u00a0<strong>Richard<\/strong>\u00a000:32:46<\/p>\n\n\n<div class=\"wp-block-image\">\n<figure class=\"aligncenter size-full\"><img loading=\"lazy\" decoding=\"async\" width=\"460\" height=\"345\" src=\"https:\/\/arnwiesen.net\/wpt\/wp-content\/uploads\/2007\/august-blumensaat-4-07.jpg\" alt=\"\" class=\"wp-image-1616\" srcset=\"https:\/\/arnwiesen.net\/wpt\/wp-content\/uploads\/2007\/august-blumensaat-4-07.jpg 460w, https:\/\/arnwiesen.net\/wpt\/wp-content\/uploads\/2007\/august-blumensaat-4-07-300x225.jpg 300w\" sizes=\"auto, (max-width: 460px) 85vw, 460px\" \/><\/figure>\n<\/div>\n\n\n<p>Beim August &#8211; Blumensaat &#8211; Ged\u00e4chtnislauf\u00a0am 24. November in Essen machte\u00a0<strong>Fan Margit<\/strong>\u00a0einige Fotos von den Startern\u00a0<strong>Stefan<\/strong>\u00a0und\u00a0<strong>Cossi<\/strong>. Hier ein Bild\u00a0vor dem Start, als sie noch frisch aussahen.<\/p>\n\n\n\n<p>Den Traditionsl\u00e4ufen des TCKJ : ASV Winterlaufserie in Duisburg, Wedaupokal und Kernberglauf in Jena&nbsp;sind&nbsp;gesonderte Berichte gewidmet.<\/p>\n\n\n<div class=\"wp-block-image\">\n<figure class=\"aligncenter\"><img decoding=\"async\" src=\"https:\/\/arnwiesen.net\/wpt\/wp-content\/uploads\/2007\/p9010052.jpg\" alt=\"Image\" title=\"Image\"\/><\/figure>\n<\/div>\n\n\n<p>Nat\u00fcrlich waren&nbsp;TCKJler bei noch mehr Volksl\u00e4ufen unterwegs. Als aufgeschlossene Athleten verst\u00e4rkten sie&nbsp;auch&nbsp;andere Gruppen und Vereine: z. B. Lauftreff Niedermark (hier&nbsp;<strong>Burkhard<\/strong>&nbsp;beim Hagener Volkslauf), Malteser Osnabr\u00fcck, laufen-in-osnabrueck, LC Duisburg.<strong>Triathlon:<\/strong><\/p>\n\n\n<div class=\"wp-block-image\">\n<figure class=\"aligncenter size-full\"><img loading=\"lazy\" decoding=\"async\" width=\"502\" height=\"243\" src=\"https:\/\/arnwiesen.net\/wpt\/wp-content\/uploads\/2007\/lohne_ludwig.jpg\" alt=\"\" class=\"wp-image-1674\" srcset=\"https:\/\/arnwiesen.net\/wpt\/wp-content\/uploads\/2007\/lohne_ludwig.jpg 502w, https:\/\/arnwiesen.net\/wpt\/wp-content\/uploads\/2007\/lohne_ludwig-300x145.jpg 300w\" sizes=\"auto, (max-width: 502px) 85vw, 502px\" \/><figcaption><strong>Ludwig<\/strong>\u00a0ist der Olympionike des Jahres<\/figcaption><\/figure>\n<\/div>\n\n<div class=\"wp-block-image\">\n<figure class=\"aligncenter size-full\"><img loading=\"lazy\" decoding=\"async\" width=\"325\" height=\"275\" src=\"https:\/\/arnwiesen.net\/wpt\/wp-content\/uploads\/2007\/borken_sylke.jpg\" alt=\"\" class=\"wp-image-1620\" srcset=\"https:\/\/arnwiesen.net\/wpt\/wp-content\/uploads\/2007\/borken_sylke.jpg 325w, https:\/\/arnwiesen.net\/wpt\/wp-content\/uploads\/2007\/borken_sylke-300x254.jpg 300w\" sizes=\"auto, (max-width: 325px) 85vw, 325px\" \/><figcaption><strong>Sylke<\/strong>\u00a0\u00fcberzeugte in Borken<\/figcaption><\/figure>\n<\/div>\n\n<div class=\"wp-block-image\">\n<figure class=\"aligncenter size-full\"><img loading=\"lazy\" decoding=\"async\" width=\"197\" height=\"312\" src=\"https:\/\/arnwiesen.net\/wpt\/wp-content\/uploads\/2007\/p9010044.jpg\" alt=\"\" class=\"wp-image-1678\" srcset=\"https:\/\/arnwiesen.net\/wpt\/wp-content\/uploads\/2007\/p9010044.jpg 197w, https:\/\/arnwiesen.net\/wpt\/wp-content\/uploads\/2007\/p9010044-189x300.jpg 189w\" sizes=\"auto, (max-width: 197px) 85vw, 197px\" \/><\/figure>\n<\/div>\n\n\n<p><strong>Andrea<\/strong>\u00a0war in Riesenbeck die Zweitschnellste ihrer Altersklasse<\/p>\n\n\n<div class=\"wp-block-image\">\n<figure class=\"aligncenter size-full\"><img loading=\"lazy\" decoding=\"async\" width=\"480\" height=\"360\" src=\"https:\/\/arnwiesen.net\/wpt\/wp-content\/uploads\/2007\/Raiba_Abendlauf_2007_2.jpg\" alt=\"\" class=\"wp-image-1681\" srcset=\"https:\/\/arnwiesen.net\/wpt\/wp-content\/uploads\/2007\/Raiba_Abendlauf_2007_2.jpg 480w, https:\/\/arnwiesen.net\/wpt\/wp-content\/uploads\/2007\/Raiba_Abendlauf_2007_2-300x225.jpg 300w\" sizes=\"auto, (max-width: 480px) 85vw, 480px\" \/><\/figure>\n<\/div>\n\n\n<p><strong>Ulli<\/strong>\u00a0nahm an 4 Triathlons teil unter anderem bei seinem ersten\u00a0Kurztriathlon in Borken<\/p>\n\n\n<div class=\"wp-block-image\">\n<figure class=\"aligncenter size-full\"><img loading=\"lazy\" decoding=\"async\" width=\"320\" height=\"480\" src=\"https:\/\/arnwiesen.net\/wpt\/wp-content\/uploads\/2007\/holten-1a.jpg\" alt=\"\" class=\"wp-image-1648\" srcset=\"https:\/\/arnwiesen.net\/wpt\/wp-content\/uploads\/2007\/holten-1a.jpg 320w, https:\/\/arnwiesen.net\/wpt\/wp-content\/uploads\/2007\/holten-1a-200x300.jpg 200w\" sizes=\"auto, (max-width: 320px) 85vw, 320px\" \/><\/figure>\n<\/div>\n\n\n<p><strong>Michael\u00a0<\/strong>war der beste Deutsche im niederl\u00e4ndischen Holten<\/p>\n\n\n\n<p>Hier ein Auszug aus der Siegerliste vom 19. Sch\u00fclertriathlon in Dissen :<\/p>\n\n\n\n<figure class=\"wp-block-table\"><table><tbody><tr><td>4<\/td><td>Diekriede<\/td><td><strong>Raphael<\/strong><\/td><td>TC K\u00f6ln-Jena<\/td><td>M10\/11<\/td><td>33:57<\/td><\/tr><\/tbody><\/table><\/figure>\n\n\n\n<p>Die Leistungen der anderen TCKJ Triathleten,&nbsp;<strong>Ulla, Atze, Burkhard, Cossi, Dietmar&nbsp;<\/strong>und<strong>&nbsp;Ralf<\/strong>, sind in den diversen Berichten&nbsp;zu lesen.&nbsp;<\/p>\n\n\n<div class=\"wp-block-image\">\n<figure class=\"aligncenter size-full\"><img loading=\"lazy\" decoding=\"async\" width=\"409\" height=\"460\" src=\"https:\/\/arnwiesen.net\/wpt\/wp-content\/uploads\/2007\/alpen\/allrounder.jpg\" alt=\"\" class=\"wp-image-1726\" srcset=\"https:\/\/arnwiesen.net\/wpt\/wp-content\/uploads\/2007\/alpen\/allrounder.jpg 409w, https:\/\/arnwiesen.net\/wpt\/wp-content\/uploads\/2007\/alpen\/allrounder-267x300.jpg 267w\" sizes=\"auto, (max-width: 409px) 85vw, 409px\" \/><\/figure>\n<\/div>\n\n\n<p>Ob im Wasser, auf dem Wasser (Drachenbootrennen) oder auf den h\u00f6chsten Bergen diese beiden waren dabei. In allen Disziplinen an denen TCKJler im Jahre 2007 teilnahmen waren&nbsp;<strong>Cossi&nbsp;<\/strong>und&nbsp;<strong>Atze&nbsp;<\/strong>am Start. Wer in welcher Disziplin 2007 aktiv war&nbsp;kann man in der Mitgliederliste nachlesen:<\/p>\n\n\n\n<p><a href=\"https:\/\/www.jaronline.de\/tckj\/index.php\/component\/content\/?task=view&amp;id=30&amp;Itemid=96\">http:\/\/www.jaroschek.de\/tckj\/index.php?option=com_content&amp;task=view&amp;id=30&amp;Itemid=96<\/a><\/p>\n\n\n\n<p><strong>Atze<\/strong>&nbsp;war auch bei einem Zeitfahren dabei und ist damit&nbsp;<strong>Ulli\u00b4s<\/strong>&nbsp;Nachfolger als Allrounder des Jahres.<\/p>\n","protected":false},"excerpt":{"rendered":"<p>Kleiner Jahresr\u00fcckblick Dieses Foto entstand beim Jahrestreffen im Oktober 2007 in Jena.&nbsp;Leider habe ich nur dieses eine Foto von der Feier, die auf dem Gel\u00e4nde eines Kanu Clubs statt fand. Die Ostgruppe hatte die Feier toll geplant und durchgef\u00fchrt. Sie liessen ihre guten Beziehungen zum Kanuclub spielen, und so konnte das Clubhaus, das Gel\u00e4nde und &hellip; <a href=\"https:\/\/arnwiesen.net\/wpt\/2007\/jahresrueckblick-2007\/\" class=\"more-link\"><span class=\"screen-reader-text\">\u201eJahresr\u00fcckblick 2007\u201c<\/span> weiterlesen<\/a><\/p>\n","protected":false},"author":6,"featured_media":0,"comment_status":"closed","ping_status":"open","sticky":false,"template":"","format":"standard","meta":{"footnotes":""},"categories":[12],"tags":[268],"class_list":["post-3061","post","type-post","status-publish","format-standard","hentry","category-berichte-2007","tag-jahresrueckblick"],"_links":{"self":[{"href":"https:\/\/arnwiesen.net\/wpt\/wp-json\/wp\/v2\/posts\/3061","targetHints":{"allow":["GET"]}}],"collection":[{"href":"https:\/\/arnwiesen.net\/wpt\/wp-json\/wp\/v2\/posts"}],"about":[{"href":"https:\/\/arnwiesen.net\/wpt\/wp-json\/wp\/v2\/types\/post"}],"author":[{"embeddable":true,"href":"https:\/\/arnwiesen.net\/wpt\/wp-json\/wp\/v2\/users\/6"}],"replies":[{"embeddable":true,"href":"https:\/\/arnwiesen.net\/wpt\/wp-json\/wp\/v2\/comments?post=3061"}],"version-history":[{"count":2,"href":"https:\/\/arnwiesen.net\/wpt\/wp-json\/wp\/v2\/posts\/3061\/revisions"}],"predecessor-version":[{"id":3806,"href":"https:\/\/arnwiesen.net\/wpt\/wp-json\/wp\/v2\/posts\/3061\/revisions\/3806"}],"wp:attachment":[{"href":"https:\/\/arnwiesen.net\/wpt\/wp-json\/wp\/v2\/media?parent=3061"}],"wp:term":[{"taxonomy":"category","embeddable":true,"href":"https:\/\/arnwiesen.net\/wpt\/wp-json\/wp\/v2\/categories?post=3061"},{"taxonomy":"post_tag","embeddable":true,"href":"https:\/\/arnwiesen.net\/wpt\/wp-json\/wp\/v2\/tags?post=3061"}],"curies":[{"name":"wp","href":"https:\/\/api.w.org\/{rel}","templated":true}]}}