{"id":3057,"date":"2007-10-21T23:39:00","date_gmt":"2007-10-21T21:39:00","guid":{"rendered":"https:\/\/arnwiesen.net\/wpt\/?p=3057"},"modified":"2022-07-15T14:40:47","modified_gmt":"2022-07-15T12:40:47","slug":"die-stadt-weimar","status":"publish","type":"post","link":"https:\/\/arnwiesen.net\/wpt\/2007\/die-stadt-weimar\/","title":{"rendered":"Die Stadt Weimar"},"content":{"rendered":"\n<p><strong>Der kulturelle Teil des Jahrestreffen 2007<\/strong><\/p>\n\n\n<div class=\"wp-block-image\">\n<figure class=\"aligncenter size-full\"><img loading=\"lazy\" decoding=\"async\" width=\"352\" height=\"459\" src=\"https:\/\/arnwiesen.net\/wpt\/wp-content\/uploads\/2007\/jahrestreffen_1-1.jpg\" alt=\"\" class=\"wp-image-1653\" title=\"Image\" srcset=\"https:\/\/arnwiesen.net\/wpt\/wp-content\/uploads\/2007\/jahrestreffen_1-1.jpg 352w, https:\/\/arnwiesen.net\/wpt\/wp-content\/uploads\/2007\/jahrestreffen_1-1-230x300.jpg 230w\" sizes=\"auto, (max-width: 352px) 85vw, 352px\" \/><\/figure>\n<\/div>\n\n\n<p>Nat\u00fcrlich war der Rundgang in Weimar ganz von Goethe und Schiller beherrscht, so kam es zum Gruppenbild mit Dichtern.<\/p>\n\n\n\n<!--more-->\n\n\n<div class=\"wp-block-image\">\n<figure class=\"aligncenter size-full\"><img loading=\"lazy\" decoding=\"async\" width=\"460\" height=\"350\" src=\"https:\/\/arnwiesen.net\/wpt\/wp-content\/uploads\/2007\/jahrestreffen_2-1.jpg\" alt=\"\" class=\"wp-image-1654\" title=\"Image\" srcset=\"https:\/\/arnwiesen.net\/wpt\/wp-content\/uploads\/2007\/jahrestreffen_2-1.jpg 460w, https:\/\/arnwiesen.net\/wpt\/wp-content\/uploads\/2007\/jahrestreffen_2-1-300x228.jpg 300w\" sizes=\"auto, (max-width: 460px) 85vw, 460px\" \/><\/figure>\n<\/div>\n\n\n<p>Atze \u00fcbernahm die F\u00fchrung durch Weimar, anschlie\u00dfend sammelten alle in 3 verschiedenen Museen ihre &#8222;Kulturpunkte&#8220;.<\/p>\n\n\n<div class=\"wp-block-image\">\n<figure class=\"aligncenter\"><img decoding=\"async\" src=\"https:\/\/arnwiesen.net\/wpt\/wp-content\/uploads\/2007\/jahrestreffen-goethehaus.jpg\" alt=\"Image\" title=\"Image\"\/><\/figure>\n<\/div>\n\n\n<p>Heide, Heike, J\u00f6rg, Martina und Henry besichtigten das Goethehaus.<\/p>\n\n\n<div class=\"wp-block-image\">\n<figure class=\"aligncenter\"><img decoding=\"async\" src=\"https:\/\/arnwiesen.net\/wpt\/wp-content\/uploads\/2007\/jahrestreffen_schiller.jpg\" alt=\"Image\" title=\"Image\"\/><\/figure>\n<\/div>\n\n\n<p>Andrea und B\u00e4rbel waren schon mal im Schillerhaus, bevor es dort \u00fcberlaufen ist, denn im Jahr 2009 ist das Schillerjahr, er w\u00fcrde 250 Jahre alt.<\/p>\n\n\n\n<p><a href=\"http:\/\/www.weimarhaus.de\/\">http:\/\/www.weimarhaus.de\/<\/a><\/p>\n\n\n\n<p>Burkhard, Ludwig und Cossi waren im Weimarhaus, eine Zeitreise durch die Vergangenheit und Pr\u00e4gung Th\u00fcringens,&nbsp;ein Geschichtserlebnis der besonderen Art.&nbsp;Technisch aufwendige Welten aus Spezialeffekten, B\u00fchnenkulissen, Wachsfiguren und Multimediapr\u00e4sentationen zeigen&nbsp;eine spannende Zeitreise durch 5&nbsp;Jahrtausende, der Kommentar wird von Goethe gesprochen.<\/p>\n\n\n<div class=\"wp-block-image\">\n<figure class=\"aligncenter\"><img decoding=\"async\" src=\"https:\/\/arnwiesen.net\/wpt\/wp-content\/uploads\/2007\/schaben.jpg\" alt=\"Image\" title=\"Image\"\/><\/figure>\n<\/div>\n\n\n<p>Atze kannte alle 3 Museen schon und so besuchte er&nbsp;Herrn Hermann, eine zahme Kakerlake in einem Souvenirgesch\u00e4ft, die man auf der Hand herumlaufen lassen kann. Bei diesem Anblick denkt man schon wieder an Goethe: &#8222;Ich lieb dich,&nbsp;<strong>mich reizt deine sch\u00f6ne Gestalt<\/strong>,<br>und bist du nicht willig, so brauch ich Gewalt! (Erlk\u00f6nig)<\/p>\n\n\n<div class=\"wp-block-image\">\n<figure class=\"aligncenter\"><img decoding=\"async\" src=\"https:\/\/arnwiesen.net\/wpt\/wp-content\/uploads\/2007\/jahrestreffen_goethe_gartenhaus.jpg\" alt=\"Image\" title=\"Image\"\/><\/figure>\n<\/div>\n\n\n<p>Wieder gemeinsam\u00a0warfen\u00a0alle einen Blick\u00a0auf Goethes Gartenhaus und das gelungene Wochenende war vorbei.<\/p>\n","protected":false},"excerpt":{"rendered":"<p>Der kulturelle Teil des Jahrestreffen 2007 Nat\u00fcrlich war der Rundgang in Weimar ganz von Goethe und Schiller beherrscht, so kam es zum Gruppenbild mit Dichtern.<\/p>\n","protected":false},"author":6,"featured_media":0,"comment_status":"closed","ping_status":"open","sticky":false,"template":"","format":"standard","meta":{"footnotes":""},"categories":[12],"tags":[181,38,224,271],"class_list":["post-3057","post","type-post","status-publish","format-standard","hentry","category-berichte-2007","tag-jahrestreffen","tag-jena","tag-kulturprogramm","tag-weimar"],"_links":{"self":[{"href":"https:\/\/arnwiesen.net\/wpt\/wp-json\/wp\/v2\/posts\/3057","targetHints":{"allow":["GET"]}}],"collection":[{"href":"https:\/\/arnwiesen.net\/wpt\/wp-json\/wp\/v2\/posts"}],"about":[{"href":"https:\/\/arnwiesen.net\/wpt\/wp-json\/wp\/v2\/types\/post"}],"author":[{"embeddable":true,"href":"https:\/\/arnwiesen.net\/wpt\/wp-json\/wp\/v2\/users\/6"}],"replies":[{"embeddable":true,"href":"https:\/\/arnwiesen.net\/wpt\/wp-json\/wp\/v2\/comments?post=3057"}],"version-history":[{"count":2,"href":"https:\/\/arnwiesen.net\/wpt\/wp-json\/wp\/v2\/posts\/3057\/revisions"}],"predecessor-version":[{"id":3813,"href":"https:\/\/arnwiesen.net\/wpt\/wp-json\/wp\/v2\/posts\/3057\/revisions\/3813"}],"wp:attachment":[{"href":"https:\/\/arnwiesen.net\/wpt\/wp-json\/wp\/v2\/media?parent=3057"}],"wp:term":[{"taxonomy":"category","embeddable":true,"href":"https:\/\/arnwiesen.net\/wpt\/wp-json\/wp\/v2\/categories?post=3057"},{"taxonomy":"post_tag","embeddable":true,"href":"https:\/\/arnwiesen.net\/wpt\/wp-json\/wp\/v2\/tags?post=3057"}],"curies":[{"name":"wp","href":"https:\/\/api.w.org\/{rel}","templated":true}]}}