{"id":3055,"date":"2007-10-20T23:38:00","date_gmt":"2007-10-20T21:38:00","guid":{"rendered":"https:\/\/arnwiesen.net\/wpt\/?p=3055"},"modified":"2022-07-15T14:41:25","modified_gmt":"2022-07-15T12:41:25","slug":"31-kernberglauf","status":"publish","type":"post","link":"https:\/\/arnwiesen.net\/wpt\/2007\/31-kernberglauf\/","title":{"rendered":"31. Kernberglauf"},"content":{"rendered":"\n<p><strong>Der sportliche Teil des Jahrestreffen 2007<\/strong><\/p>\n\n\n<div class=\"wp-block-image\">\n<figure class=\"aligncenter\"><img decoding=\"async\" src=\"https:\/\/arnwiesen.net\/wpt\/wp-content\/uploads\/2007\/kernberg_team.jpg\" alt=\"Image\" title=\"Image\"\/><\/figure>\n<\/div>\n\n\n<p>Wie immer beim Kernberglauf begleitete herrliches Herbstwetter die L\u00e4ufer in die Berge. Diesmal war es allerdings recht k\u00fchl, am Start ca. 4 Grad, so war die Kleidungswahl etwas schwierig, da man am Anstieg trotzdem ins Schwitzen kam.<\/p>\n\n\n\n<!--more-->\n\n\n<div class=\"wp-block-image\">\n<figure class=\"aligncenter size-full\"><img loading=\"lazy\" decoding=\"async\" width=\"460\" height=\"345\" src=\"https:\/\/arnwiesen.net\/wpt\/wp-content\/uploads\/2007\/kernberg_henrywilli.jpg\" alt=\"\" class=\"wp-image-1664\" title=\"Image\" srcset=\"https:\/\/arnwiesen.net\/wpt\/wp-content\/uploads\/2007\/kernberg_henrywilli.jpg 460w, https:\/\/arnwiesen.net\/wpt\/wp-content\/uploads\/2007\/kernberg_henrywilli-300x225.jpg 300w\" sizes=\"auto, (max-width: 460px) 85vw, 460px\" \/><\/figure>\n<\/div>\n\n\n<p>Henry ist oben im Mannschaftsfoto nicht zu sehen, er lief sich noch warm, denn er hatte sich einiges vorgenommen. Und wie Willi es hier ausdr\u00fcckt hat Henry es auch geschafft : &#8222;All Time High&#8220; , \u00fcbersetzt : Pers\u00f6nliche Bestleistung bei der 6. Teilnahme, obwohl die Strecke diesmal ca. 500 m l\u00e4nger war.<\/p>\n\n\n<div class=\"wp-block-image\">\n<figure class=\"aligncenter\"><img decoding=\"async\" src=\"https:\/\/arnwiesen.net\/wpt\/wp-content\/uploads\/2007\/kernberg_atze.jpg\" alt=\"Image\" title=\"Image\"\/><\/figure>\n<\/div>\n\n\n<p>Auch Atze erzielte eine bemerkenswerte Leistung : Er sagte seine Zeit auf die Minute voraus.<\/p>\n\n\n\n<p><strong>27 Kilometer<\/strong><\/p>\n\n\n\n<figure class=\"wp-block-table\"><table><tbody><tr><td><strong>Zeit<\/strong><\/td><td><strong>Name<\/strong><\/td><td><strong>Jahrgang<\/strong><\/td><td><strong>Gesamtplatz<\/strong><\/td><td><strong>Altersklasse<\/strong><\/td><td><strong>AK Platz<\/strong><\/td><\/tr><tr><td>02:30:04<\/td><td>Ulrich<\/td><td>59<\/td><td>196<\/td><td>M45<\/td><td>32<\/td><\/tr><tr><td>02:36:45<\/td><td>Angelika<\/td><td>59<\/td><td>253<\/td><td>W45<\/td><td>4<\/td><\/tr><tr><td>02:39:13<\/td><td>J\u00f6rg<\/td><td>59<\/td><td>267<\/td><td>M45<\/td><td>39<\/td><\/tr><tr><td>02:44:18<\/td><td>Gabi<\/td><td>62<\/td><td>299<\/td><td>W45<\/td><td>6<\/td><\/tr><\/tbody><\/table><\/figure>\n\n\n\n<p><strong>15 Kilometer<\/strong><\/p>\n\n\n\n<figure class=\"wp-block-table\"><table><tbody><tr><td><strong>Zeit<\/strong><\/td><td><strong>Name<\/strong><\/td><td><strong>Jahrgang<\/strong><\/td><td><strong>Gesamtplatz<\/strong><\/td><td><strong>Altersklasse<\/strong><\/td><td><strong>AK Platz<\/strong><\/td><\/tr><tr><td>01:25:30<\/td><td>Jan<\/td><td>90<\/td><td>369<\/td><td>MJB<\/td><td>16<\/td><\/tr><tr><td>01:26:23<\/td><td>Henry<\/td><td>61<\/td><td>396<\/td><td>M45<\/td><td>47<\/td><\/tr><tr><td>01:26:39<\/td><td>Burkhard<\/td><td>64<\/td><td>403<\/td><td>M40<\/td><td>48<\/td><\/tr><tr><td>01:33:27<\/td><td>Ludwig<\/td><td>62<\/td><td>565<\/td><td>M45<\/td><td>74<\/td><\/tr><tr><td>01:33:27<\/td><td>Michael<\/td><td>56<\/td><td>565<\/td><td>M50<\/td><td>33<\/td><\/tr><tr><td>01:54:10<\/td><td>Wieland<\/td><td>58<\/td><td>736<\/td><td>M45<\/td><td>84<\/td><\/tr><tr><td>01:55:27<\/td><td>Anne<\/td><td>61<\/td><td>738<\/td><td>W45<\/td><td>18<\/td><\/tr><\/tbody><\/table><\/figure>\n\n\n\n<p><strong>Mannschaftswertung :<\/strong><\/p>\n\n\n\n<figure class=\"wp-block-table\"><table><tbody><tr><td><strong>2007<\/strong><\/td><td>20<\/td><td>von 25<\/td><td><strong>173<\/strong><\/td><\/tr><\/tbody><\/table><\/figure>\n\n\n\n<p>offiziell : Gabi (6), Jan (16), Ulrich (32), Cossi (33), J\u00f6rg (39), Henry (47)<\/p>\n\n\n\n<p>was m\u00f6glich gewesen w\u00e4re, wenn \u2026 der Hund nicht \u2026 usw &#8212; etc &#8212; aso &#8212; i tak dalje:<\/p>\n\n\n\n<figure class=\"wp-block-table\"><table><tbody><tr><td><strong>2007<\/strong><\/td><td>14<\/td><td>von 25<\/td><td><strong>109<\/strong><\/td><\/tr><\/tbody><\/table><\/figure>\n\n\n\n<p>inoffiziell : Angelika (4), Gabi (6), Jan (16), Anne (18), Ulrich (32), Cossi (33)<\/p>\n","protected":false},"excerpt":{"rendered":"<p>Der sportliche Teil des Jahrestreffen 2007 Wie immer beim Kernberglauf begleitete herrliches Herbstwetter die L\u00e4ufer in die Berge. Diesmal war es allerdings recht k\u00fchl, am Start ca. 4 Grad, so war die Kleidungswahl etwas schwierig, da man am Anstieg trotzdem ins Schwitzen kam.<\/p>\n","protected":false},"author":5,"featured_media":0,"comment_status":"closed","ping_status":"open","sticky":false,"template":"","format":"standard","meta":{"footnotes":""},"categories":[12],"tags":[125,150,123,149],"class_list":["post-3055","post","type-post","status-publish","format-standard","hentry","category-berichte-2007","tag-10km","tag-crosslauf","tag-halbmarathon","tag-kernberglauf"],"_links":{"self":[{"href":"https:\/\/arnwiesen.net\/wpt\/wp-json\/wp\/v2\/posts\/3055","targetHints":{"allow":["GET"]}}],"collection":[{"href":"https:\/\/arnwiesen.net\/wpt\/wp-json\/wp\/v2\/posts"}],"about":[{"href":"https:\/\/arnwiesen.net\/wpt\/wp-json\/wp\/v2\/types\/post"}],"author":[{"embeddable":true,"href":"https:\/\/arnwiesen.net\/wpt\/wp-json\/wp\/v2\/users\/5"}],"replies":[{"embeddable":true,"href":"https:\/\/arnwiesen.net\/wpt\/wp-json\/wp\/v2\/comments?post=3055"}],"version-history":[{"count":4,"href":"https:\/\/arnwiesen.net\/wpt\/wp-json\/wp\/v2\/posts\/3055\/revisions"}],"predecessor-version":[{"id":3814,"href":"https:\/\/arnwiesen.net\/wpt\/wp-json\/wp\/v2\/posts\/3055\/revisions\/3814"}],"wp:attachment":[{"href":"https:\/\/arnwiesen.net\/wpt\/wp-json\/wp\/v2\/media?parent=3055"}],"wp:term":[{"taxonomy":"category","embeddable":true,"href":"https:\/\/arnwiesen.net\/wpt\/wp-json\/wp\/v2\/categories?post=3055"},{"taxonomy":"post_tag","embeddable":true,"href":"https:\/\/arnwiesen.net\/wpt\/wp-json\/wp\/v2\/tags?post=3055"}],"curies":[{"name":"wp","href":"https:\/\/api.w.org\/{rel}","templated":true}]}}