{"id":3053,"date":"2007-10-13T23:37:00","date_gmt":"2007-10-13T21:37:00","guid":{"rendered":"https:\/\/arnwiesen.net\/wpt\/?p=3053"},"modified":"2022-07-15T14:47:09","modified_gmt":"2022-07-15T12:47:09","slug":"rtf-saisonabschluss","status":"publish","type":"post","link":"https:\/\/arnwiesen.net\/wpt\/2007\/rtf-saisonabschluss\/","title":{"rendered":"RTF &#8211; Saisonabschluss"},"content":{"rendered":"\n<p><strong>RTF &#8211; B\u00fcttgen und anschl. Saisonabschlussfeier<\/strong><\/p>\n\n\n<div class=\"wp-block-image\">\n<figure class=\"aligncenter\"><img decoding=\"async\" src=\"https:\/\/arnwiesen.net\/wpt\/wp-content\/uploads\/2007\/buettgen_gruppeaufdemrad.jpg\" alt=\"Image\" title=\"Image\"\/><\/figure>\n<\/div>\n\n\n<p>Wie in Buettgen gewohnt endete die RTF &#8211; Saison bei sch\u00f6nstem Herbstwetter. So nutzten noch einmal 10 TCKJ\u00b4ler die Gelegenheit bevor die R\u00e4der ihre Winterpause geniessen d\u00fcrfen.<\/p>\n\n\n\n<!--more-->\n\n\n\n<p>Da der Bericht zu den Ereignissen vom 13.10.07 so ausf\u00fchrlich wurde (s.u.), folgt ein weiterer Bericht zu den Siegen der Saison (z.B. RTF K\u00f6ln) in K\u00fcrze.<\/p>\n\n\n<div class=\"wp-block-image\">\n<figure class=\"aligncenter\"><img decoding=\"async\" src=\"https:\/\/arnwiesen.net\/wpt\/wp-content\/uploads\/2007\/buettgen_heide_baerbel_rosi.jpg\" alt=\"Image\" title=\"Image\"\/><\/figure>\n<\/div>\n\n\n<p>An der ersten Verpflegungsstelle gucken Heide, B\u00e4rbel und Rosi etwas irritiert : Fr\u00fch gestartet, z\u00fcgig gefahren und trotzdem nur noch Brot mit Salz?<\/p>\n\n\n<div class=\"wp-block-image\">\n<figure class=\"aligncenter\"><img decoding=\"async\" src=\"https:\/\/arnwiesen.net\/wpt\/wp-content\/uploads\/2007\/buettgen_ralf_joa_ulli.jpg\" alt=\"Image\" title=\"Image\"\/><figcaption>Ralf, Joachim, Ulrich, B\u00e4rbel<\/figcaption><\/figure>\n<\/div>\n\n\n<p>Am Gipfel der Vollrather H\u00f6he ein Gruppenfoto der 82 Kilometer-FahrerInnen.<\/p>\n\n\n<div class=\"wp-block-image\">\n<figure class=\"aligncenter\"><img decoding=\"async\" src=\"https:\/\/arnwiesen.net\/wpt\/wp-content\/uploads\/2007\/buettgen_cossi_carsten_bernd.jpg\" alt=\"Image\" title=\"Image\"\/><\/figure>\n<\/div>\n\n\n<p>An der f\u00fcr die 110-Kilometer-Fahrer Cossi und Carsten 3. Verpflegung und 82-Kilometer-Fahrer Bernd 2. Verpflegungsstelle gab es wieder genug zu essen. Ausser dem kleinen Fehler am Anfang war die Tour vom RSC B\u00fcttgen bestens organisiert, soviele Einweiser an gef\u00e4hrlichen Kreuzungen gibt es selten.<\/p>\n\n\n<div class=\"wp-block-image\">\n<figure class=\"aligncenter\"><img decoding=\"async\" src=\"https:\/\/arnwiesen.net\/wpt\/wp-content\/uploads\/2007\/buettgen_landschaft.jpg\" alt=\"Image\" title=\"Image\"\/><\/figure>\n<\/div>\n\n\n<p>Hier ein Eindruck von der Landschaft im Braunkohle &#8211; Gebiet.<\/p>\n\n\n<div class=\"wp-block-image\">\n<figure class=\"aligncenter\"><img decoding=\"async\" src=\"https:\/\/arnwiesen.net\/wpt\/wp-content\/uploads\/2007\/buettgen_garten.jpg\" alt=\"Image\" title=\"Image\"\/><\/figure>\n<\/div>\n\n\n<p>In Rommerskirchen im Garten von Heide und J\u00fcrgen schmeckten die beiden letzten gewonnenen F\u00e4sser der Saison gut.&nbsp;<\/p>\n\n\n<div class=\"wp-block-image\">\n<figure class=\"aligncenter\"><img decoding=\"async\" src=\"https:\/\/arnwiesen.net\/wpt\/wp-content\/uploads\/2007\/buettgen_cossi_heide.jpg\" alt=\"Image\" title=\"Image\"\/><\/figure>\n<\/div>\n\n\n<p>Hier grillt die Gastgeberin selbst, Cossi braucht nicht eingreifen.<\/p>\n\n\n<div class=\"wp-block-image\">\n<figure class=\"aligncenter\"><img decoding=\"async\" src=\"https:\/\/arnwiesen.net\/wpt\/wp-content\/uploads\/2007\/buettgen_bufet.jpg\" alt=\"Image\" title=\"Image\"\/><\/figure>\n<\/div>\n\n\n<p>An dem von Heide hergerichteten Bufet konnte der Kalorienhaushalt nach der langen Fahrt spielend wieder ausgeglichen werden.<\/p>\n\n\n<div class=\"wp-block-image\">\n<figure class=\"aligncenter size-full\"><img loading=\"lazy\" decoding=\"async\" width=\"460\" height=\"345\" src=\"https:\/\/arnwiesen.net\/wpt\/wp-content\/uploads\/2007\/buettgen_auswertung-2.jpg\" alt=\"\" class=\"wp-image-1625\" title=\"Image\" srcset=\"https:\/\/arnwiesen.net\/wpt\/wp-content\/uploads\/2007\/buettgen_auswertung-2.jpg 460w, https:\/\/arnwiesen.net\/wpt\/wp-content\/uploads\/2007\/buettgen_auswertung-2-300x225.jpg 300w\" sizes=\"auto, (max-width: 460px) 85vw, 460px\" \/><\/figure>\n<\/div>\n\n\n<p>Auch der offizielle Teil des Saisonabschluss bereitete wieder einigen Spa\u00df, denn die vielen guten Leistungen der Aktiven konnten nur Freude bereiten.<\/p>\n\n\n<div class=\"wp-block-image\">\n<figure class=\"aligncenter\"><img decoding=\"async\" src=\"https:\/\/arnwiesen.net\/wpt\/wp-content\/uploads\/2007\/buettgen_auswertung.jpg\" alt=\"Image\" title=\"Image\"\/><\/figure>\n<\/div>\n\n\n<p>Wie im Vorjahr waren wieder&nbsp;25 Aktive am Start, die aber 38,5 Punkte mehr sammelten. Da&nbsp; 3 Radler punktgleich auf Platz 10 landeten gibt es diesmal eine Besonderheit :<\/p>\n\n\n\n<p><strong>12 in den Top 10<\/strong><\/p>\n\n\n\n<figure class=\"wp-block-table\"><table><tbody><tr><td>1.<\/td><td>2.<\/td><td>3.<\/td><td>4.<\/td><td>5.<\/td><td>6.<\/td><td>7.<\/td><td>8.<\/td><td>8.<\/td><td>10.<\/td><td>10<\/td><td>10<\/td><td>&nbsp;<\/td><\/tr><tr><td>Cossi<\/td><td>B\u00e4rbel<\/td><td>Klaus<\/td><td>Bernd<\/td><td>Thomas E.<\/td><td>Ralf<\/td><td>Carola<\/td><td>Ulla<\/td><td>Joachim<\/td><td>Rolf<\/td><td>Thomas W.<\/td><td>Carsten<\/td><td>&nbsp;<\/td><\/tr><tr><td>2<\/td><td>1<\/td><td>2<\/td><td>1<\/td><td>2<\/td><td>&nbsp;<\/td><td>1<\/td><td>2<\/td><td>1<\/td><td>1<\/td><td>1<\/td><td>&nbsp;<\/td><td>Issum I<\/td><\/tr><tr><td>2<\/td><td>2<\/td><td>2<\/td><td>1<\/td><td>2<\/td><td>1<\/td><td>&nbsp;<\/td><td>&nbsp;<\/td><td>&nbsp;<\/td><td>&nbsp;<\/td><td>2<\/td><td>2<\/td><td>D\u00b4dorf Oberk.<\/td><\/tr><tr><td>2<\/td><td>2<\/td><td>2<\/td><td>&nbsp;<\/td><td>&nbsp;<\/td><td>&nbsp;<\/td><td>&nbsp;<\/td><td>&nbsp;<\/td><td>&nbsp;<\/td><td>&nbsp;<\/td><td>&nbsp;<\/td><td>&nbsp;<\/td><td>T\u00f6nisvorst<\/td><\/tr><tr><td>2<\/td><td>2<\/td><td>&nbsp;<\/td><td>2<\/td><td>2<\/td><td>&nbsp;<\/td><td>1<\/td><td>&nbsp;<\/td><td>1<\/td><td>&nbsp;<\/td><td>1<\/td><td>&nbsp;<\/td><td>Dorsten<\/td><\/tr><tr><td>2<\/td><td>2<\/td><td>2<\/td><td>2<\/td><td>2<\/td><td>&nbsp;<\/td><td>2<\/td><td>&nbsp;<\/td><td>&nbsp;<\/td><td>&nbsp;<\/td><td>&nbsp;<\/td><td>&nbsp;<\/td><td>M\u00f6nchenglad.<\/td><\/tr><tr><td>2<\/td><td>2<\/td><td>&nbsp;<\/td><td>&nbsp;<\/td><td>&nbsp;<\/td><td>2<\/td><td>1<\/td><td>&nbsp;<\/td><td>1<\/td><td>&nbsp;<\/td><td>&nbsp;<\/td><td>&nbsp;<\/td><td>Issum II<\/td><\/tr><tr><td>1<\/td><td>1<\/td><td>&nbsp;<\/td><td>&nbsp;<\/td><td>&nbsp;<\/td><td>&nbsp;<\/td><td>1<\/td><td>&nbsp;<\/td><td>&nbsp;<\/td><td>&nbsp;<\/td><td>&nbsp;<\/td><td>&nbsp;<\/td><td>Rhede<\/td><\/tr><tr><td>2<\/td><td>2<\/td><td>&nbsp;<\/td><td>&nbsp;<\/td><td>&nbsp;<\/td><td>&nbsp;<\/td><td>&nbsp;<\/td><td>&nbsp;<\/td><td>&nbsp;<\/td><td>&nbsp;<\/td><td>&nbsp;<\/td><td>&nbsp;<\/td><td>Uedem<\/td><\/tr><tr><td>2<\/td><td>2<\/td><td>&nbsp;<\/td><td>&nbsp;<\/td><td>2<\/td><td>2<\/td><td>2<\/td><td>2<\/td><td>&nbsp;<\/td><td>&nbsp;<\/td><td>&nbsp;<\/td><td>&nbsp;<\/td><td>Moers I<\/td><\/tr><tr><td>1<\/td><td>1<\/td><td>&nbsp;<\/td><td>&nbsp;<\/td><td>&nbsp;<\/td><td>&nbsp;<\/td><td>&nbsp;<\/td><td>&nbsp;<\/td><td>&nbsp;<\/td><td>&nbsp;<\/td><td>&nbsp;<\/td><td>&nbsp;<\/td><td>Wuppertal<\/td><\/tr><tr><td>3<\/td><td>2<\/td><td>3<\/td><td>1<\/td><td>3<\/td><td>&nbsp;<\/td><td>&nbsp;<\/td><td>&nbsp;<\/td><td>2<\/td><td>&nbsp;<\/td><td>1<\/td><td>3<\/td><td>Duisburg<\/td><\/tr><tr><td>2<\/td><td>2<\/td><td>2<\/td><td>&nbsp;<\/td><td>3<\/td><td>&nbsp;<\/td><td>2<\/td><td>&nbsp;<\/td><td>2<\/td><td>&nbsp;<\/td><td>&nbsp;<\/td><td>&nbsp;<\/td><td>Willich<\/td><\/tr><tr><td>&nbsp;<\/td><td>&nbsp;<\/td><td>&nbsp;<\/td><td>&nbsp;<\/td><td>&nbsp;<\/td><td>1<\/td><td>&nbsp;<\/td><td>&nbsp;<\/td><td>&nbsp;<\/td><td>&nbsp;<\/td><td>&nbsp;<\/td><td>&nbsp;<\/td><td>Bottrop<\/td><\/tr><tr><td>2<\/td><td>1<\/td><td>2<\/td><td>1<\/td><td>2<\/td><td>1<\/td><td>&nbsp;<\/td><td>&nbsp;<\/td><td>&nbsp;<\/td><td>&nbsp;<\/td><td>&nbsp;<\/td><td>&nbsp;<\/td><td>K\u00f6ln-Chorweiler<\/td><\/tr><tr><td>&nbsp;<\/td><td>1<\/td><td>2<\/td><td>1<\/td><td>2<\/td><td>2<\/td><td>&nbsp;<\/td><td>&nbsp;<\/td><td>&nbsp;<\/td><td>&nbsp;<\/td><td>&nbsp;<\/td><td>&nbsp;<\/td><td>Leverkusen<\/td><\/tr><tr><td>3<\/td><td>1<\/td><td>3<\/td><td>&nbsp;<\/td><td>&nbsp;<\/td><td>2<\/td><td>&nbsp;<\/td><td>2<\/td><td>&nbsp;<\/td><td>2<\/td><td>&nbsp;<\/td><td>&nbsp;<\/td><td>Kervenheim<\/td><\/tr><tr><td>&nbsp;<\/td><td>&nbsp;<\/td><td>&nbsp;<\/td><td>2<\/td><td>&nbsp;<\/td><td>&nbsp;<\/td><td>&nbsp;<\/td><td>&nbsp;<\/td><td>&nbsp;<\/td><td>&nbsp;<\/td><td>&nbsp;<\/td><td>&nbsp;<\/td><td>Herten<\/td><\/tr><tr><td>2<\/td><td>2<\/td><td>&nbsp;<\/td><td>2<\/td><td>&nbsp;<\/td><td>2<\/td><td>1<\/td><td>2<\/td><td>2<\/td><td>2<\/td><td>1<\/td><td>&nbsp;<\/td><td>Krefeld-H\u00fcls<\/td><\/tr><tr><td>2<\/td><td>2<\/td><td>2<\/td><td>1<\/td><td>&nbsp;<\/td><td>&nbsp;<\/td><td>&nbsp;<\/td><td>&nbsp;<\/td><td>&nbsp;<\/td><td>&nbsp;<\/td><td>&nbsp;<\/td><td>&nbsp;<\/td><td>Bezirk D\u00b4dorf<\/td><\/tr><tr><td>&nbsp;<\/td><td>1<\/td><td>2<\/td><td>1<\/td><td>&nbsp;<\/td><td>&nbsp;<\/td><td>&nbsp;<\/td><td>&nbsp;<\/td><td>&nbsp;<\/td><td>&nbsp;<\/td><td>&nbsp;<\/td><td>&nbsp;<\/td><td>Oberhausen<\/td><\/tr><tr><td>2<\/td><td>1<\/td><td>&nbsp;<\/td><td>&nbsp;<\/td><td>&nbsp;<\/td><td>&nbsp;<\/td><td>&nbsp;<\/td><td>&nbsp;<\/td><td>&nbsp;<\/td><td>&nbsp;<\/td><td>&nbsp;<\/td><td>&nbsp;<\/td><td>Hasbergen<\/td><\/tr><tr><td>&nbsp;<\/td><td>&nbsp;<\/td><td>&nbsp;<\/td><td>2<\/td><td>&nbsp;<\/td><td>2<\/td><td>&nbsp;<\/td><td>&nbsp;<\/td><td>&nbsp;<\/td><td>&nbsp;<\/td><td>&nbsp;<\/td><td>&nbsp;<\/td><td>GEW K\u00f6ln<\/td><\/tr><tr><td>&nbsp;<\/td><td>&nbsp;<\/td><td>2<\/td><td>&nbsp;<\/td><td>&nbsp;<\/td><td>&nbsp;<\/td><td>&nbsp;<\/td><td>&nbsp;<\/td><td>&nbsp;<\/td><td>&nbsp;<\/td><td>&nbsp;<\/td><td>&nbsp;<\/td><td>Essen-Werden<\/td><\/tr><tr><td>&nbsp;<\/td><td>&nbsp;<\/td><td>2<\/td><td>&nbsp;<\/td><td>&nbsp;<\/td><td>&nbsp;<\/td><td>&nbsp;<\/td><td>&nbsp;<\/td><td>&nbsp;<\/td><td>&nbsp;<\/td><td>&nbsp;<\/td><td>&nbsp;<\/td><td>Neukirchen-Vluyn<\/td><\/tr><tr><td>1<\/td><td>1<\/td><td>&nbsp;<\/td><td>&nbsp;<\/td><td>&nbsp;<\/td><td>&nbsp;<\/td><td>&nbsp;<\/td><td>&nbsp;<\/td><td>&nbsp;<\/td><td>&nbsp;<\/td><td>&nbsp;<\/td><td>&nbsp;<\/td><td>Ratingen<\/td><\/tr><tr><td>3<\/td><td>1<\/td><td>&nbsp;<\/td><td>&nbsp;<\/td><td>&nbsp;<\/td><td>&nbsp;<\/td><td>1<\/td><td>3<\/td><td>&nbsp;<\/td><td>3<\/td><td>1<\/td><td>&nbsp;<\/td><td>Moers II<\/td><\/tr><tr><td>&nbsp;<\/td><td>&nbsp;<\/td><td>&nbsp;<\/td><td>2<\/td><td>&nbsp;<\/td><td>&nbsp;<\/td><td>&nbsp;<\/td><td>&nbsp;<\/td><td>&nbsp;<\/td><td>&nbsp;<\/td><td>&nbsp;<\/td><td>&nbsp;<\/td><td>Permanente OB<\/td><\/tr><tr><td>2<\/td><td>1<\/td><td>2<\/td><td>&nbsp;<\/td><td>&nbsp;<\/td><td>&nbsp;<\/td><td>&nbsp;<\/td><td>&nbsp;<\/td><td>&nbsp;<\/td><td>&nbsp;<\/td><td>&nbsp;<\/td><td>&nbsp;<\/td><td>Remscheid<\/td><\/tr><tr><td>3<\/td><td>3<\/td><td>&nbsp;<\/td><td>1<\/td><td>&nbsp;<\/td><td>1<\/td><td>&nbsp;<\/td><td>&nbsp;<\/td><td>&nbsp;<\/td><td>&nbsp;<\/td><td>&nbsp;<\/td><td>&nbsp;<\/td><td>Gelsenk-Erle<\/td><\/tr><tr><td>3<\/td><td>2<\/td><td>&nbsp;<\/td><td>2<\/td><td>&nbsp;<\/td><td>2<\/td><td>&nbsp;<\/td><td>&nbsp;<\/td><td>2<\/td><td>&nbsp;<\/td><td>1<\/td><td>3<\/td><td>B\u00fcttgen<\/td><\/tr><tr><td>46<\/td><td>38<\/td><td>30<\/td><td>22<\/td><td>20<\/td><td>18<\/td><td>12<\/td><td>11<\/td><td>11<\/td><td>8<\/td><td>8<\/td><td>8<\/td><td>&nbsp;<\/td><\/tr><\/tbody><\/table><\/figure>\n","protected":false},"excerpt":{"rendered":"<p>RTF &#8211; B\u00fcttgen und anschl. Saisonabschlussfeier Wie in Buettgen gewohnt endete die RTF &#8211; Saison bei sch\u00f6nstem Herbstwetter. So nutzten noch einmal 10 TCKJ\u00b4ler die Gelegenheit bevor die R\u00e4der ihre Winterpause geniessen d\u00fcrfen.<\/p>\n","protected":false},"author":5,"featured_media":0,"comment_status":"closed","ping_status":"open","sticky":false,"template":"","format":"standard","meta":{"footnotes":""},"categories":[12],"tags":[128,221,127,270],"class_list":["post-3053","post","type-post","status-publish","format-standard","hentry","category-berichte-2007","tag-buettgen","tag-rommerskirchen","tag-rtf","tag-saisonabschluss"],"_links":{"self":[{"href":"https:\/\/arnwiesen.net\/wpt\/wp-json\/wp\/v2\/posts\/3053","targetHints":{"allow":["GET"]}}],"collection":[{"href":"https:\/\/arnwiesen.net\/wpt\/wp-json\/wp\/v2\/posts"}],"about":[{"href":"https:\/\/arnwiesen.net\/wpt\/wp-json\/wp\/v2\/types\/post"}],"author":[{"embeddable":true,"href":"https:\/\/arnwiesen.net\/wpt\/wp-json\/wp\/v2\/users\/5"}],"replies":[{"embeddable":true,"href":"https:\/\/arnwiesen.net\/wpt\/wp-json\/wp\/v2\/comments?post=3053"}],"version-history":[{"count":2,"href":"https:\/\/arnwiesen.net\/wpt\/wp-json\/wp\/v2\/posts\/3053\/revisions"}],"predecessor-version":[{"id":3816,"href":"https:\/\/arnwiesen.net\/wpt\/wp-json\/wp\/v2\/posts\/3053\/revisions\/3816"}],"wp:attachment":[{"href":"https:\/\/arnwiesen.net\/wpt\/wp-json\/wp\/v2\/media?parent=3053"}],"wp:term":[{"taxonomy":"category","embeddable":true,"href":"https:\/\/arnwiesen.net\/wpt\/wp-json\/wp\/v2\/categories?post=3053"},{"taxonomy":"post_tag","embeddable":true,"href":"https:\/\/arnwiesen.net\/wpt\/wp-json\/wp\/v2\/tags?post=3053"}],"curies":[{"name":"wp","href":"https:\/\/api.w.org\/{rel}","templated":true}]}}