{"id":3051,"date":"2007-08-04T23:36:00","date_gmt":"2007-08-04T21:36:00","guid":{"rendered":"https:\/\/arnwiesen.net\/wpt\/?p=3051"},"modified":"2022-07-17T14:46:45","modified_gmt":"2022-07-17T12:46:45","slug":"25-riesenbeck-triathlon","status":"publish","type":"post","link":"https:\/\/arnwiesen.net\/wpt\/2007\/25-riesenbeck-triathlon\/","title":{"rendered":"25. Riesenbeck Triathlon"},"content":{"rendered":"<div class=\"wp-block-image\">\n<figure class=\"aligncenter\"><img decoding=\"async\" src=\"https:\/\/arnwiesen.net\/wpt\/wp-content\/uploads\/2007\/riesenbeck_feuerwerk.jpg\" alt=\"Image\" title=\"Image\"\/><\/figure>\n<\/div>\n\n\n<p>Mit einem riesigem Tagesfeuerwerk feierte der SV Teuto Riesenbeck den 25. Triathlon in Riesenbeck. Nat\u00fcrlich war auch der TCKJ vertreten, da dieser Triathlon schon&nbsp; seit einigen Jahren als Triathlonsaisonabschluss genutzt wird.<\/p>\n\n\n\n<!--more-->\n\n\n<div class=\"wp-block-image\">\n<figure class=\"aligncenter\"><img decoding=\"async\" src=\"https:\/\/arnwiesen.net\/wpt\/wp-content\/uploads\/2007\/riesenbeck_cossi.jpg\" alt=\"Image\" title=\"Image\"\/><\/figure>\n<\/div>\n\n\n<p>Hier ist Cossi vor dem Start noch im Finisher &#8211; Shirt vom 24. Riesenbecker Triathlon zu sehen.<\/p>\n\n\n<div class=\"wp-block-image\">\n<figure class=\"aligncenter\"><img decoding=\"async\" src=\"https:\/\/arnwiesen.net\/wpt\/wp-content\/uploads\/2007\/riesenbeck_start.jpg\" alt=\"Image\" title=\"Image\"\/><\/figure>\n<\/div>\n\n\n<p>Der weite Blick \u00fcber den Torfmoorsee bis hin zum Ziel, Atze und Cossi rechts mit den roten Hosen.<\/p>\n\n\n<div class=\"wp-block-image\">\n<figure class=\"aligncenter\"><img decoding=\"async\" src=\"https:\/\/arnwiesen.net\/wpt\/wp-content\/uploads\/2007\/riesenbeck_cossi2.jpg\" alt=\"Image\" title=\"Image\"\/><\/figure>\n<\/div>\n\n\n<p>W\u00e4hrend die Nummer 892 noch frisch in die Kamera l\u00e4cheln kann, merkt Cossi das seine Erk\u00e4ltung noch in den Knochen steckt und beginnt den Kampf mit den letzten 5 Kilometern.<\/p>\n\n\n<div class=\"wp-block-image\">\n<figure class=\"aligncenter\"><img decoding=\"async\" src=\"https:\/\/arnwiesen.net\/wpt\/wp-content\/uploads\/2007\/riesenbeck_atze2.jpg\" alt=\"Image\" title=\"Image\"\/><\/figure>\n<\/div>\n\n\n<p>Nach 3 Jahren nimmt Atze wieder an einem Triathlon teil, gleich mit einer Topleistung.<\/p>\n\n\n<div class=\"wp-block-image\">\n<figure class=\"aligncenter size-full\"><img loading=\"lazy\" decoding=\"async\" width=\"460\" height=\"345\" src=\"https:\/\/arnwiesen.net\/wpt\/wp-content\/uploads\/2007\/risenbeck_ludand.jpg\" alt=\"\" class=\"wp-image-1690\" title=\"Image\" srcset=\"https:\/\/arnwiesen.net\/wpt\/wp-content\/uploads\/2007\/risenbeck_ludand.jpg 460w, https:\/\/arnwiesen.net\/wpt\/wp-content\/uploads\/2007\/risenbeck_ludand-300x225.jpg 300w\" sizes=\"auto, (max-width: 460px) 85vw, 460px\" \/><\/figure>\n<\/div>\n\n\n<p>Ludwig wollte sein pers\u00f6nliches Riesenbeck &#8211; Jubil\u00e4um feiern, der 10. Start. Eine Knieverletzung machte ihm einen Strich durch die Rechnung und er war zum zuschauen verurteilt. So \u00fcbernahm Andrea seine Startnummer und war zweitschnellste in der AK W 40. Leider kam bei der Ummeldung ein &#8222;s&#8220; zuviel in den Computer und so startete sie als Andreas in der M 40.<\/p>\n\n\n<div class=\"wp-block-image\">\n<figure class=\"aligncenter\"><img decoding=\"async\" src=\"https:\/\/arnwiesen.net\/wpt\/wp-content\/uploads\/2007\/riesenbeck_siegerehrung.jpg\" alt=\"Image\" title=\"Image\"\/><\/figure>\n<\/div>\n\n\n<p>Wie man an den gelangweilten Gesichtern der Chearleader sieht zieht sich die Siegerehrung in Riesenbeck immer etwas hin, da alle AK &#8211; Sieger des Kurz- und Volkstriathlon geehrt werden. Andrea hatte vor 2 Jahren den 3. Platz ihrer AK belegt und musste lange warten. Um diesmal der Warterei zu entgehen lie\u00df sie die Gesamtwertung nicht korrigieren. Wer dann noch da war konnte am Ende der Veranstaltung das oben im Bild zu sehende besondere Feuerwerk erleben.<\/p>\n\n\n\n<figure class=\"wp-block-table\"><table><thead><tr><th>Starter<\/th><th>Schwimmen<\/th><th>Rad<\/th><th>Laufen<\/th><th>Zeit<\/th><th>Platz gesamt<\/th><th>Platz AK<\/th><\/tr><\/thead><tbody><tr><td>Atze<\/td><td>00:14:06<\/td><td>01:02:24<\/td><td>00:48:26<\/td><td>02:04:56<\/td><td>162<\/td><td>22<\/td><\/tr><tr><td>Andrea<\/td><td>00:15:02<\/td><td>01:26:37<\/td><td>00:28:50<\/td><td>02:10:29<\/td><td>222<\/td><td>53<\/td><\/tr><tr><td>Cossi<\/td><td>00:14:54<\/td><td>01:08:16<\/td><td>01:00:47<\/td><td>02:23:57<\/td><td>306<\/td><td>25<\/td><\/tr><\/tbody><\/table><\/figure>\n","protected":false},"excerpt":{"rendered":"<p>Mit einem riesigem Tagesfeuerwerk feierte der SV Teuto Riesenbeck den 25. Triathlon in Riesenbeck. Nat\u00fcrlich war auch der TCKJ vertreten, da dieser Triathlon schon&nbsp; seit einigen Jahren als Triathlonsaisonabschluss genutzt wird.<\/p>\n","protected":false},"author":5,"featured_media":0,"comment_status":"closed","ping_status":"open","sticky":false,"template":"","format":"standard","meta":{"footnotes":""},"categories":[12],"tags":[240,273,136,141],"class_list":["post-3051","post","type-post","status-publish","format-standard","hentry","category-berichte-2007","tag-riesenbeck","tag-torfmoorsee","tag-triathlon","tag-volkstriathlon"],"_links":{"self":[{"href":"https:\/\/arnwiesen.net\/wpt\/wp-json\/wp\/v2\/posts\/3051","targetHints":{"allow":["GET"]}}],"collection":[{"href":"https:\/\/arnwiesen.net\/wpt\/wp-json\/wp\/v2\/posts"}],"about":[{"href":"https:\/\/arnwiesen.net\/wpt\/wp-json\/wp\/v2\/types\/post"}],"author":[{"embeddable":true,"href":"https:\/\/arnwiesen.net\/wpt\/wp-json\/wp\/v2\/users\/5"}],"replies":[{"embeddable":true,"href":"https:\/\/arnwiesen.net\/wpt\/wp-json\/wp\/v2\/comments?post=3051"}],"version-history":[{"count":4,"href":"https:\/\/arnwiesen.net\/wpt\/wp-json\/wp\/v2\/posts\/3051\/revisions"}],"predecessor-version":[{"id":3880,"href":"https:\/\/arnwiesen.net\/wpt\/wp-json\/wp\/v2\/posts\/3051\/revisions\/3880"}],"wp:attachment":[{"href":"https:\/\/arnwiesen.net\/wpt\/wp-json\/wp\/v2\/media?parent=3051"}],"wp:term":[{"taxonomy":"category","embeddable":true,"href":"https:\/\/arnwiesen.net\/wpt\/wp-json\/wp\/v2\/categories?post=3051"},{"taxonomy":"post_tag","embeddable":true,"href":"https:\/\/arnwiesen.net\/wpt\/wp-json\/wp\/v2\/tags?post=3051"}],"curies":[{"name":"wp","href":"https:\/\/api.w.org\/{rel}","templated":true}]}}