{"id":3047,"date":"2007-09-02T23:34:00","date_gmt":"2007-09-02T21:34:00","guid":{"rendered":"https:\/\/arnwiesen.net\/wpt\/?p=3047"},"modified":"2022-07-22T22:47:03","modified_gmt":"2022-07-22T20:47:03","slug":"21-wedaupokal","status":"publish","type":"post","link":"https:\/\/arnwiesen.net\/wpt\/2007\/21-wedaupokal\/","title":{"rendered":"21. Wedaupokal"},"content":{"rendered":"\n<div class=\"wp-block-group is-content-justification-center is-nowrap is-layout-flex wp-container-core-group-is-layout-94bc23d7 wp-block-group-is-layout-flex\">\n<figure class=\"wp-block-image size-large\"><img decoding=\"async\" src=\"https:\/\/arnwiesen.net\/wpt\/wp-content\/uploads\/2000\/ASTERIX.gif\" alt=\"Image\" title=\"Image\"\/><\/figure>\n\n\n\n<figure class=\"wp-block-image size-full\"><img loading=\"lazy\" decoding=\"async\" width=\"417\" height=\"243\" src=\"https:\/\/arnwiesen.net\/wpt\/wp-content\/uploads\/2007\/wedaucup_kinderstart-1.jpg\" alt=\"\" class=\"wp-image-1703\" title=\"Image\" srcset=\"https:\/\/arnwiesen.net\/wpt\/wp-content\/uploads\/2007\/wedaucup_kinderstart-1.jpg 417w, https:\/\/arnwiesen.net\/wpt\/wp-content\/uploads\/2007\/wedaucup_kinderstart-1-300x175.jpg 300w\" sizes=\"auto, (max-width: 417px) 85vw, 417px\" \/><\/figure>\n<\/div>\n\n\n\n<p>F\u00fcr die Kanu&nbsp;&#8211; WM wurden einige Umbauarbeiten an der Regattabahn durchgef\u00fchrt. Dadurch war die 1,7 km lange Strecke um den Bertasee, die&nbsp;seit 1994 f\u00fcr den Wedaupokal der Kinder genutzt wurde, gesperrt. So wurde diesmal auf einer ca. 1 Kilometer langen Wendepunktstrecke gelaufen. Da die Kinder zwischen&nbsp;3 und 7 Jahren alt waren wurde die Strecke gek\u00fcrzt, war aber immer noch mehr als doppelt so lang wie Bambinil\u00e4ufe.&nbsp;<strong>Franziska<\/strong>, hier vorne im Bild, war mit 3 Jahren j\u00fcngste Teilnehmerin und gewann einen&nbsp;Teddyb\u00e4ren, der vor einigen Jahren von einer Familie aus K\u00f6ln gestiftet wurde. Unterst\u00fctzt wurde sie von ihrer gro\u00dfen Schwester&nbsp;<strong>Viktoria,<\/strong>&nbsp;die auch erstmalig am Start war&nbsp;und Franziska Windschatten gab.<\/p>\n\n\n\n<!--more-->\n\n\n<div class=\"wp-block-image\">\n<figure class=\"aligncenter size-full\"><img loading=\"lazy\" decoding=\"async\" width=\"480\" height=\"360\" src=\"https:\/\/arnwiesen.net\/wpt\/wp-content\/uploads\/2007\/wedaucup_start-1.jpg\" alt=\"\" class=\"wp-image-1705\" title=\"Image\" srcset=\"https:\/\/arnwiesen.net\/wpt\/wp-content\/uploads\/2007\/wedaucup_start-1.jpg 480w, https:\/\/arnwiesen.net\/wpt\/wp-content\/uploads\/2007\/wedaucup_start-1-300x225.jpg 300w\" sizes=\"auto, (max-width: 480px) 85vw, 480px\" \/><\/figure>\n<\/div>\n\n\n<p>Die Streckenl\u00e4nge der anderen Wettbewerbe blieb bestehen. Allerdings ist die Startseite der Regattabahn jetzt komplett asphaltiert, was einigen Teilnehmern nicht gefiel.<\/p>\n\n\n<div class=\"wp-block-image\">\n<figure class=\"aligncenter\"><img decoding=\"async\" src=\"https:\/\/arnwiesen.net\/wpt\/wp-content\/uploads\/2007\/wedaucup_kinderlauf.jpg\" alt=\"Image\" title=\"Image\"\/><\/figure>\n<\/div>\n\n\n<p>Von Anfang an wurde bei den Kindern hohes Tempo gelaufen. Hier hat Newcomer&nbsp;<strong>Karl&nbsp;<\/strong>den erfahrenen&nbsp;<strong>David&nbsp;<\/strong>noch im Blick am Ende setzte sich David durch. Bei den M\u00e4dchen setzte sich&nbsp;<strong>Louisa<\/strong>, hier zwischen den Jungs, durch.<\/p>\n\n\n\n<div class=\"wp-block-group is-nowrap is-layout-flex wp-container-core-group-is-layout-ad2f72ca wp-block-group-is-layout-flex\"><div class=\"wp-block-image\">\n<figure class=\"aligncenter size-full\"><img loading=\"lazy\" decoding=\"async\" width=\"300\" height=\"493\" src=\"https:\/\/arnwiesen.net\/wpt\/wp-content\/uploads\/2007\/wedaucup_anna-1.jpg\" alt=\"\" class=\"wp-image-1694\" title=\"Image\" srcset=\"https:\/\/arnwiesen.net\/wpt\/wp-content\/uploads\/2007\/wedaucup_anna-1.jpg 300w, https:\/\/arnwiesen.net\/wpt\/wp-content\/uploads\/2007\/wedaucup_anna-1-183x300.jpg 183w\" sizes=\"auto, (max-width: 300px) 85vw, 300px\" \/><\/figure>\n<\/div>\n\n<div class=\"wp-block-image\">\n<figure class=\"aligncenter\"><img decoding=\"async\" src=\"https:\/\/arnwiesen.net\/wpt\/wp-content\/uploads\/2007\/wedaucup_birgit.jpg\" alt=\"Image\" title=\"Image\"\/><\/figure>\n<\/div><\/div>\n\n\n\n<p><strong>Anna<\/strong>&nbsp;zeigt das man auch nach 900 Metern noch Spa\u00df am Laufen haben kann.<\/p>\n\n\n\n<p>Nach einigen Jahren Pause siegte&nbsp;<strong>Birgit<\/strong>&nbsp;auf der 4,7 Kilometer &#8211; Strecke. Ihre Mitl\u00e4uferin&nbsp;<strong>Lea<\/strong>&nbsp;erhielt keinen Pokal, da der 10. Pokal f\u00fcr die Hundewertung noch nicht eingef\u00fchrt ist.<\/p>\n\n\n\n<div class=\"wp-block-group is-content-justification-center is-nowrap is-layout-flex wp-container-core-group-is-layout-94bc23d7 wp-block-group-is-layout-flex\">\n<figure class=\"wp-block-image size-full\"><img loading=\"lazy\" decoding=\"async\" width=\"200\" height=\"400\" src=\"https:\/\/arnwiesen.net\/wpt\/wp-content\/uploads\/2007\/wedaucup_baerbel-1.jpg\" alt=\"\" class=\"wp-image-1696\" srcset=\"https:\/\/arnwiesen.net\/wpt\/wp-content\/uploads\/2007\/wedaucup_baerbel-1.jpg 200w, https:\/\/arnwiesen.net\/wpt\/wp-content\/uploads\/2007\/wedaucup_baerbel-1-150x300.jpg 150w\" sizes=\"auto, (max-width: 200px) 85vw, 200px\" \/><\/figure>\n<\/div>\n\n\n\n<p>Bei den WalkerInnen gewann&nbsp;<strong>B\u00e4rbel<\/strong>. Nachdem sie im letzten Jahr den Pokal zum 3. Mal gewonnen hatte, gewann sie diesmal einen Neuen, der von der RTF-Abteilung des TCKJ gestiftet wurde.<\/p>\n\n\n<div class=\"wp-block-image\">\n<figure class=\"aligncenter size-full\"><img loading=\"lazy\" decoding=\"async\" width=\"555\" height=\"532\" src=\"https:\/\/arnwiesen.net\/wpt\/wp-content\/uploads\/2007\/wedaucup_evachristine.jpg\" alt=\"\" class=\"wp-image-1701\" title=\"Image\" srcset=\"https:\/\/arnwiesen.net\/wpt\/wp-content\/uploads\/2007\/wedaucup_evachristine.jpg 555w, https:\/\/arnwiesen.net\/wpt\/wp-content\/uploads\/2007\/wedaucup_evachristine-300x288.jpg 300w\" sizes=\"auto, (max-width: 555px) 85vw, 555px\" \/><\/figure>\n<\/div>\n\n\n<p>Auch viel Spa\u00df auf der Strecke hatten die anderen WalkerInnen :&nbsp;<strong>Eva<\/strong>,&nbsp;<strong>Christine<\/strong><\/p>\n\n\n<div class=\"wp-block-image\">\n<figure class=\"aligncenter size-full\"><img loading=\"lazy\" decoding=\"async\" width=\"380\" height=\"320\" src=\"https:\/\/arnwiesen.net\/wpt\/wp-content\/uploads\/2007\/wedaucup_berndannette.jpg\" alt=\"\" class=\"wp-image-1697\" title=\"Image\" srcset=\"https:\/\/arnwiesen.net\/wpt\/wp-content\/uploads\/2007\/wedaucup_berndannette.jpg 380w, https:\/\/arnwiesen.net\/wpt\/wp-content\/uploads\/2007\/wedaucup_berndannette-300x253.jpg 300w\" sizes=\"auto, (max-width: 380px) 85vw, 380px\" \/><\/figure>\n<\/div>\n\n\n<p><strong>Bernd und Annette.<\/strong><\/p>\n\n\n<div class=\"wp-block-image\">\n<figure class=\"aligncenter size-full\"><img loading=\"lazy\" decoding=\"async\" width=\"432\" height=\"425\" src=\"https:\/\/arnwiesen.net\/wpt\/wp-content\/uploads\/2007\/wedaucup_raphaelpascal.jpg\" alt=\"\" class=\"wp-image-1704\" title=\"Image\" srcset=\"https:\/\/arnwiesen.net\/wpt\/wp-content\/uploads\/2007\/wedaucup_raphaelpascal.jpg 432w, https:\/\/arnwiesen.net\/wpt\/wp-content\/uploads\/2007\/wedaucup_raphaelpascal-300x295.jpg 300w\" sizes=\"auto, (max-width: 432px) 85vw, 432px\" \/><\/figure>\n<\/div>\n\n\n<p>Einen Tag vorher starteten&nbsp;<strong>Raphael und Pascal<\/strong>&nbsp;in Hagen a. TW f\u00fcr den TCKJ. Daher waren sie schon etwas ausgepowert und verpassten ihre Zeit aus dem Vorjahr um 2 Sekunden.<\/p>\n\n\n<div class=\"wp-block-image\">\n<figure class=\"aligncenter\"><img decoding=\"async\" src=\"https:\/\/arnwiesen.net\/wpt\/wp-content\/uploads\/2007\/wedaucup_atze.jpg\" alt=\"Image\" title=\"Image\"\/><\/figure>\n<\/div>\n\n\n<p>Der 2. September 2007 war der Tag der Ungers. W\u00e4hrend sich Daniel Unger&nbsp;<a href=\"http:\/\/www.stern.de\/sport-motor\/fussball\/:Triathlon-WM-Unger-Triathlon-Krone-\/596698.html\">http:\/\/www.stern.de\/sport-motor\/fussball\/:Triathlon-WM-Unger-Triathlon-Krone-\/596698.html<\/a>&nbsp;bei der Triathlon WM die Krone aufsetzte, gelang das gleiche Ulrich (<strong>Atze<\/strong>) Unger beim Wedaupokal und gewann die 9,2 km Strecke.<\/p>\n\n\n<div class=\"wp-block-image\">\n<figure class=\"aligncenter size-full\"><img loading=\"lazy\" decoding=\"async\" width=\"410\" height=\"360\" src=\"https:\/\/arnwiesen.net\/wpt\/wp-content\/uploads\/2007\/wedaucup_ulla-1.jpg\" alt=\"\" class=\"wp-image-1706\" title=\"Image\" srcset=\"https:\/\/arnwiesen.net\/wpt\/wp-content\/uploads\/2007\/wedaucup_ulla-1.jpg 410w, https:\/\/arnwiesen.net\/wpt\/wp-content\/uploads\/2007\/wedaucup_ulla-1-300x263.jpg 300w\" sizes=\"auto, (max-width: 410px) 85vw, 410px\" \/><\/figure>\n<\/div>\n\n\n<p>Obwohl sich die Teilnehmerzahl bei den Frauen auf der 9,2 km&nbsp; Strecke zum letzten Mal verdoppelt hatte, konnte&nbsp;<strong>Ulla<\/strong>&nbsp;den Pokal verteidigen und stellte einen neuen Weltrekord auf.<\/p>\n\n\n<div class=\"wp-block-image\">\n<figure class=\"aligncenter size-full\"><img loading=\"lazy\" decoding=\"async\" width=\"480\" height=\"640\" src=\"https:\/\/arnwiesen.net\/wpt\/wp-content\/uploads\/2007\/wedaucup_clairetess.jpg\" alt=\"\" class=\"wp-image-1700\" title=\"Image\" srcset=\"https:\/\/arnwiesen.net\/wpt\/wp-content\/uploads\/2007\/wedaucup_clairetess.jpg 480w, https:\/\/arnwiesen.net\/wpt\/wp-content\/uploads\/2007\/wedaucup_clairetess-225x300.jpg 225w\" sizes=\"auto, (max-width: 480px) 85vw, 480px\" \/><\/figure>\n<\/div>\n\n\n<p>Hier sind&nbsp;<strong>Claire und Tess<\/strong>&nbsp;im Bild. Tess ist den Freunden des Wedaupokals noch als Sandra&nbsp;und mehrfache Teilnehmerin des Kinderlaufs bekannt. Am Ende ihrer Karriere dort hatte sie ,dank des Vorbildes ihrer Mutter Eva, das &#8222;Kinderwalken&#8220; eingef\u00fchrt. So war die \u00dcberraschung gro\u00df, da\u00df sie mit der \u00c4nderung ihres Namens auch ihre sportlichen Ambitionen \u00e4nderte und die 9,2 km Strecke laufend absolvierte.<\/p>\n\n\n<div class=\"wp-block-image\">\n<figure class=\"aligncenter size-full\"><img loading=\"lazy\" decoding=\"async\" width=\"273\" height=\"480\" src=\"https:\/\/arnwiesen.net\/wpt\/wp-content\/uploads\/2007\/wedaucup_carsten.jpg\" alt=\"\" class=\"wp-image-1699\" title=\"Image\" srcset=\"https:\/\/arnwiesen.net\/wpt\/wp-content\/uploads\/2007\/wedaucup_carsten.jpg 273w, https:\/\/arnwiesen.net\/wpt\/wp-content\/uploads\/2007\/wedaucup_carsten-171x300.jpg 171w\" sizes=\"auto, (max-width: 273px) 85vw, 273px\" \/><\/figure>\n<\/div>\n\n\n<p>In seiner ersten Saison beim TCKJ war&nbsp;<strong>Carsten&nbsp;<\/strong>nat\u00fcrlich auch das erste Mal beim Wedaupokal dabei. Er war fast 5 Minuten schneller als von sich eingesch\u00e4tzt, und sofort auf einem Treppchenplatz.<\/p>\n\n\n\n<p><strong>Jan-Philipp<\/strong>&nbsp;gewann den Pokal \u00fcber die 4,7 km Strecke zum 3. Mal und kann den Pokal behalten.&nbsp;<strong>Im Bild vom Start ist er ganz links im wei\u00dfen Trikot zu sehen<\/strong>.<\/p>\n\n\n\n<p>Bei seiner 19. Teilnahme am Wedaupokal vollbrachte&nbsp;<strong>Joachim<\/strong>&nbsp;eine besondere Leistung.&nbsp;<strong>(Im<\/strong>&nbsp;<strong>Startbild direkt hinter Tess).<\/strong>&nbsp;Er war so schnell wie seit 7 Jahren nicht mehr und hat den B &#8211; Pokal mehr als verdient.&nbsp;&nbsp;<\/p>\n\n\n\n<figure class=\"wp-block-table\"><table><tbody><tr><td>&nbsp;<\/td><td><strong>Ergebnisliste 02.09.2007<\/strong><\/td><td>&nbsp;<\/td><td>&nbsp;<\/td><td>&nbsp;<\/td><td>&nbsp;<\/td><\/tr><tr><td>&nbsp;<\/td><td>&nbsp;<\/td><td>&nbsp;<\/td><td>&nbsp;<\/td><td>&nbsp;<\/td><td>&nbsp;<\/td><\/tr><tr><td>&nbsp;<\/td><td><strong>Jungen<\/strong><\/td><td>&nbsp;<strong>1 km<\/strong><\/td><td>&nbsp;<\/td><td>&nbsp;<\/td><td>&nbsp;<\/td><\/tr><tr><td>1.<\/td><td>David<\/td><td>6,22<\/td><td>&nbsp;<\/td><td>&nbsp;<\/td><td>&nbsp;<\/td><\/tr><tr><td>2.<\/td><td>Karl<\/td><td>6,32<\/td><td>&nbsp;<\/td><td>&nbsp;<\/td><td>&nbsp;<\/td><\/tr><tr><td>&nbsp;<\/td><td>&nbsp;<\/td><td>&nbsp;<\/td><td>&nbsp;<\/td><td>&nbsp;<\/td><td>&nbsp;<\/td><\/tr><tr><td>&nbsp;<\/td><td><strong>M\u00e4dchen<\/strong><\/td><td>&nbsp;<strong>1 km<\/strong><\/td><td>&nbsp;<\/td><td>&nbsp;<\/td><td>&nbsp;<\/td><\/tr><tr><td>1.<\/td><td>Louisa<\/td><td>6,40<\/td><td>&nbsp;<\/td><td>&nbsp;<\/td><td>&nbsp;<\/td><\/tr><tr><td>2.<\/td><td>Anna<\/td><td>8,46<\/td><td>&nbsp;<\/td><td>&nbsp;<\/td><td>&nbsp;<\/td><\/tr><tr><td>3.<\/td><td>Viktoria<\/td><td>9,03<\/td><td>&nbsp;<\/td><td>&nbsp;<\/td><td>&nbsp;<\/td><\/tr><tr><td>4.<\/td><td>Franziska<\/td><td>9,07<\/td><td>&nbsp;<\/td><td>&nbsp;<\/td><td>&nbsp;<\/td><\/tr><tr><td>&nbsp;<\/td><td>&nbsp;<\/td><td>&nbsp;<\/td><td>&nbsp;<\/td><td>&nbsp;<\/td><td>&nbsp;<\/td><\/tr><tr><td>&nbsp;<\/td><td><strong>Frauen<\/strong><\/td><td>&nbsp;<strong>4,7 km<\/strong><\/td><td>&nbsp;<\/td><td><strong>Frauen<\/strong><\/td><td><strong>B &#8211; Wertung<br>Differenz<\/strong><\/td><\/tr><tr><td>1.<\/td><td>Birgit<\/td><td>26,32<\/td><td>1.<\/td><td>Birgit<\/td><td>3,23<\/td><\/tr><tr><td>2.<\/td><td>Claire<\/td><td>29,20<\/td><td>&nbsp;<\/td><td>&nbsp;<\/td><td>&nbsp;<\/td><\/tr><tr><td>&nbsp;<\/td><td>&nbsp;<\/td><td>&nbsp;<\/td><td>&nbsp;<\/td><td>&nbsp;<\/td><td>&nbsp;<\/td><\/tr><tr><td>&nbsp;<\/td><td><strong>M\u00e4nner<\/strong><\/td><td>&nbsp;<strong>4,7 km<\/strong><\/td><td>&nbsp;<\/td><td><strong>M\u00e4nner<\/strong><\/td><td><strong>B &#8211; Wertung<br>Differenz<\/strong><\/td><\/tr><tr><td>1.<\/td><td>Jan-Philipp<\/td><td>18,55<\/td><td>1.<\/td><td>Joachim<\/td><td>-1,57<\/td><\/tr><tr><td>2.<\/td><td>Frank<\/td><td>21,19<\/td><td>2.<\/td><td>Rolf<\/td><td>-0,33<\/td><\/tr><tr><td>3.<\/td><td>Stefan<\/td><td>21,23<\/td><td>3.<\/td><td>Bernhard<\/td><td>-0,21<\/td><\/tr><tr><td>4.<\/td><td>Michael<\/td><td>23,20<\/td><td>4.<\/td><td>Frank<\/td><td>-0,17<\/td><\/tr><tr><td>5.<\/td><td>Bernhard<\/td><td>23,46<\/td><td>5.<\/td><td>Raphael<\/td><td>0,02<\/td><\/tr><tr><td>6.<\/td><td>Joachim<\/td><td>23,47<\/td><td>6.<\/td><td>Pascal<\/td><td>0,02<\/td><\/tr><tr><td>7.<\/td><td>Raphael<\/td><td>23,54<\/td><td>7.<\/td><td>Michael<\/td><td>0,05<\/td><\/tr><tr><td>7.<\/td><td>Pascal<\/td><td>23,54<\/td><td>8.<\/td><td>Jan-Phillipp<\/td><td>0,24<\/td><\/tr><tr><td>9.<\/td><td>Christoph<\/td><td>27,18<\/td><td>9.<\/td><td>Stefan<\/td><td>1,05<\/td><\/tr><tr><td>10.<\/td><td>Rolf<\/td><td>29,31<\/td><td>&nbsp;<\/td><td>&nbsp;<\/td><td>&nbsp;<\/td><\/tr><tr><td>&nbsp;<\/td><td>&nbsp;<\/td><td>&nbsp;<\/td><td>&nbsp;<\/td><td>&nbsp;<\/td><td>&nbsp;<\/td><\/tr><tr><td>&nbsp;<\/td><td><strong>Frauen<\/strong><\/td><td>&nbsp;<strong>9,2 km<\/strong><\/td><td>&nbsp;<\/td><td>&nbsp;<\/td><td>&nbsp;<\/td><\/tr><tr><td>1.<\/td><td>Ulla<\/td><td>49,42<\/td><td>&nbsp;<\/td><td>&nbsp;<\/td><td>&nbsp;<\/td><\/tr><tr><td>2.<\/td><td>Tess<\/td><td>57,08<\/td><td>&nbsp;<\/td><td>&nbsp;<\/td><td>&nbsp;<\/td><\/tr><tr><td>&nbsp;<\/td><td>&nbsp;<\/td><td>&nbsp;<\/td><td>&nbsp;<\/td><td>&nbsp;<\/td><td>&nbsp;<\/td><\/tr><tr><td>&nbsp;<\/td><td><strong>M\u00e4nner<\/strong><\/td><td>&nbsp;<strong>9,2 km<\/strong><\/td><td>&nbsp;<\/td><td>&nbsp;<\/td><td>&nbsp;<\/td><\/tr><tr><td>1.<\/td><td>Ulrich<\/td><td>42,00<\/td><td>&nbsp;<\/td><td>&nbsp;<\/td><td>&nbsp;<\/td><\/tr><tr><td>2.<\/td><td>Burkhard<\/td><td>44,02<\/td><td>&nbsp;<\/td><td>&nbsp;<\/td><td>&nbsp;<\/td><\/tr><tr><td>3.<\/td><td>Carsten<\/td><td>45,40<\/td><td>&nbsp;<\/td><td>&nbsp;<\/td><td>&nbsp;<\/td><\/tr><tr><td>4.<\/td><td>Ralf<\/td><td>48,00<\/td><td>&nbsp;<\/td><td>&nbsp;<\/td><td>&nbsp;<\/td><\/tr><tr><td>5.<\/td><td>Michael<\/td><td>48,52<\/td><td>&nbsp;<\/td><td>&nbsp;<\/td><td>&nbsp;<\/td><\/tr><tr><td>&nbsp;<\/td><td>&nbsp;<\/td><td>&nbsp;<\/td><td>&nbsp;<\/td><td>&nbsp;<\/td><td>&nbsp;<\/td><\/tr><tr><td>&nbsp;<\/td><td><strong>Walking<\/strong><\/td><td>&nbsp;<\/td><td>&nbsp;<\/td><td>&nbsp;<\/td><td>&nbsp;<\/td><\/tr><tr><td>1.<\/td><td>B\u00e4rbel<\/td><td>37,45<\/td><td>&nbsp;<\/td><td>&nbsp;<\/td><td>&nbsp;<\/td><\/tr><tr><td>2.<\/td><td>Christine<\/td><td>41,07<\/td><td>&nbsp;<\/td><td>&nbsp;<\/td><td>&nbsp;<\/td><\/tr><tr><td>2.<\/td><td>Eva<\/td><td>41,07<\/td><td>&nbsp;<\/td><td>&nbsp;<\/td><td>&nbsp;<\/td><\/tr><tr><td>4.<\/td><td>Annette<\/td><td>43,03<\/td><td>&nbsp;<\/td><td>&nbsp;<\/td><td>&nbsp;<\/td><\/tr><tr><td>4.<\/td><td>Bernd<\/td><td>43,03<\/td><td>&nbsp;<\/td><td>&nbsp;<\/td><td>&nbsp;<\/td><\/tr><\/tbody><\/table><\/figure>\n","protected":false},"excerpt":{"rendered":"<p>F\u00fcr die Kanu&nbsp;&#8211; WM wurden einige Umbauarbeiten an der Regattabahn durchgef\u00fchrt. Dadurch war die 1,7 km lange Strecke um den Bertasee, die&nbsp;seit 1994 f\u00fcr den Wedaupokal der Kinder genutzt wurde, gesperrt. So wurde diesmal auf einer ca. 1 Kilometer langen Wendepunktstrecke gelaufen. Da die Kinder zwischen&nbsp;3 und 7 Jahren alt waren wurde die Strecke gek\u00fcrzt, &hellip; <a href=\"https:\/\/arnwiesen.net\/wpt\/2007\/21-wedaupokal\/\" class=\"more-link\"><span class=\"screen-reader-text\">\u201e21. Wedaupokal\u201c<\/span> weiterlesen<\/a><\/p>\n","protected":false},"author":5,"featured_media":0,"comment_status":"closed","ping_status":"open","sticky":false,"template":"","format":"standard","meta":{"footnotes":""},"categories":[12],"tags":[125,196,148,307,261,130],"class_list":["post-3047","post","type-post","status-publish","format-standard","hentry","category-berichte-2007","tag-10km","tag-5km","tag-duisburg","tag-duisburg-wedau","tag-walking","tag-wedaupokal"],"_links":{"self":[{"href":"https:\/\/arnwiesen.net\/wpt\/wp-json\/wp\/v2\/posts\/3047","targetHints":{"allow":["GET"]}}],"collection":[{"href":"https:\/\/arnwiesen.net\/wpt\/wp-json\/wp\/v2\/posts"}],"about":[{"href":"https:\/\/arnwiesen.net\/wpt\/wp-json\/wp\/v2\/types\/post"}],"author":[{"embeddable":true,"href":"https:\/\/arnwiesen.net\/wpt\/wp-json\/wp\/v2\/users\/5"}],"replies":[{"embeddable":true,"href":"https:\/\/arnwiesen.net\/wpt\/wp-json\/wp\/v2\/comments?post=3047"}],"version-history":[{"count":2,"href":"https:\/\/arnwiesen.net\/wpt\/wp-json\/wp\/v2\/posts\/3047\/revisions"}],"predecessor-version":[{"id":3818,"href":"https:\/\/arnwiesen.net\/wpt\/wp-json\/wp\/v2\/posts\/3047\/revisions\/3818"}],"wp:attachment":[{"href":"https:\/\/arnwiesen.net\/wpt\/wp-json\/wp\/v2\/media?parent=3047"}],"wp:term":[{"taxonomy":"category","embeddable":true,"href":"https:\/\/arnwiesen.net\/wpt\/wp-json\/wp\/v2\/categories?post=3047"},{"taxonomy":"post_tag","embeddable":true,"href":"https:\/\/arnwiesen.net\/wpt\/wp-json\/wp\/v2\/tags?post=3047"}],"curies":[{"name":"wp","href":"https:\/\/api.w.org\/{rel}","templated":true}]}}