{"id":3045,"date":"2007-07-09T23:33:00","date_gmt":"2007-07-09T21:33:00","guid":{"rendered":"https:\/\/arnwiesen.net\/wpt\/?p=3045"},"modified":"2022-07-15T15:54:02","modified_gmt":"2022-07-15T13:54:02","slug":"doppelpass-grimselpass-und-simplonpass-2007","status":"publish","type":"post","link":"https:\/\/arnwiesen.net\/wpt\/2007\/doppelpass-grimselpass-und-simplonpass-2007\/","title":{"rendered":"Doppelpa\u00df (Grimselpa\u00df und Simplonpa\u00df) 2007"},"content":{"rendered":"\n<p><strong>Radtour Schweiz \/ Italien\u00a0\u00a0\u00a0 09. &#8211; 15. Juli 2007\u00a0<\/strong><\/p>\n\n\n\n<p><strong>Basel &#8211; Biel &#8211; Thun &#8211; Guttannen (Grimselpa\u00df)&nbsp;&#8211; Brig&nbsp; (Simplonpa\u00df) &#8211;<br>Domodossola &#8211; Bellinzona<\/strong><\/p>\n\n\n\n<p>Nach den sch\u00f6nen Touren der vergangenen Jahre fanden sich auch&nbsp;in diesem Jahr wieder einige Fahrrad-Enthusiasten zusammen, die&nbsp;eine Woche&nbsp;Urlaub auf dem Fahrrad verbrachten und aufs Neue beweisen wollten, da\u00df man f\u00fcr eine \u00dcberquerung der Alpen nicht unbedingt ein Auto ben\u00f6tigt.<br>In diesem Jahr waren wir 10 Mitfahrer: Bernhard, Ludwig, Ludger, Burkhard, Cossi, Werner, Atze, Henry, Andreas und Frank.&nbsp;<\/p>\n\n\n<div class=\"wp-block-image\">\n<figure class=\"aligncenter\"><img decoding=\"async\" src=\"https:\/\/arnwiesen.net\/wpt\/wp-content\/uploads\/2007\/alpen\/00hoehenprofil.jpg\" alt=\"Image\" title=\"Image\"\/><figcaption>H\u00f6henprofil<\/figcaption><\/figure>\n<\/div>\n\n\n<!--more-->\n\n\n\n<p>Auf dem H\u00f6henprofil sieht man deutlich, da\u00df wir in diesem Jahr 2 P\u00e4sse an 2 aufeinanderfolgenden Tagen zu bew\u00e4ltigen hatten. Somit wurde der Name &#8222;Doppelpa\u00df&#8220; f\u00fcr diese Tour gew\u00e4hlt.<\/p>\n\n\n<div class=\"wp-block-image\">\n<figure class=\"aligncenter\"><img decoding=\"async\" src=\"https:\/\/arnwiesen.net\/wpt\/wp-content\/uploads\/2007\/alpen\/01start.jpg\" alt=\"Image\" title=\"Image\"\/><\/figure>\n<\/div>\n\n\n<p>Am Montag morgen trafen sich die Mitfahrer aus West und Ost in Basel auf dem Bahnhof. Leider h\u00f6rte es nicht auf mit Regnen und so mu\u00dften wir notgedrungen dann irgendwann mal losfahren. Es nieselte und regnete den ganzen Vormittag.<\/p>\n\n\n<div class=\"wp-block-image\">\n<figure class=\"aligncenter\"><img decoding=\"async\" src=\"https:\/\/arnwiesen.net\/wpt\/wp-content\/uploads\/2007\/alpen\/02kaffee.jpg\" alt=\"Image\" title=\"Image\"\/><\/figure>\n<\/div>\n\n\n<p>Am Vormittag erklommen wir&nbsp;den &#8222;Oberen Hauenstein&#8220;&nbsp;mit 734m, ein kleiner Vorgeschmack auf das, was uns noch bevorstand. Nachmittags kam dann endlich die Sonne heraus und so konnten wir in B\u00fcren an der Aare gem\u00fctlich Kaffee trinken.<\/p>\n\n\n<div class=\"wp-block-image\">\n<figure class=\"aligncenter\"><img decoding=\"async\" src=\"https:\/\/arnwiesen.net\/wpt\/wp-content\/uploads\/2007\/alpen\/03kirschen.jpg\" alt=\"Image\" title=\"Image\"\/><\/figure>\n<\/div>\n\n\n<p>Diese S\u00fc\u00dfkirschen waren einfach fabelhaft: Reif, aber nicht \u00fcberreif, genau richtig zum naschen. Leider bemerkten wir den Bauern auf der Leiter erst viel zu sp\u00e4t.<\/p>\n\n\n<div class=\"wp-block-image\">\n<figure class=\"aligncenter\"><img decoding=\"async\" src=\"https:\/\/arnwiesen.net\/wpt\/wp-content\/uploads\/2007\/alpen\/04massenlager.jpg\" alt=\"Image\" title=\"Image\"\/><\/figure>\n<\/div>\n\n\n<p>Dank Ludwigs&#8216; Organisationstalent&nbsp;haben wir&nbsp;tats\u00e4chlich jede Nacht ein Quartier f\u00fcr alle 10 Mann gefunden, auch wenn es manchmal recht&nbsp;primitiv war, wie dieses &#8222;Massenlager&#8220; in Thun: 12 Matrazen + Schwarzdecken in einem Raum. Man f\u00fchlte sich an Armee-Zeiten erinnert.<\/p>\n\n\n<div class=\"wp-block-image\">\n<figure class=\"aligncenter\"><img decoding=\"async\" src=\"https:\/\/arnwiesen.net\/wpt\/wp-content\/uploads\/2007\/alpen\/05thun.jpg\" alt=\"Image\" title=\"Image\"\/><\/figure>\n<\/div>\n\n\n<p>In Thun haben wir Thunfisch zum Abendbrot gegessen. Auch hier war die Aare voll bis kurz vor dem \u00dcberlaufen.<\/p>\n\n\n<div class=\"wp-block-image\">\n<figure class=\"aligncenter\"><img decoding=\"async\" src=\"https:\/\/arnwiesen.net\/wpt\/wp-content\/uploads\/2007\/alpen\/06interlaken.jpg\" alt=\"Image\" title=\"Image\"\/><\/figure>\n<\/div>\n\n\n<p>In Interlaken nieselte es wieder. Und auch hier war die Aare randvoll.<br>Der Eiger, der M\u00f6nch und die Jungfrau waren im Nebel verschwunden.<\/p>\n\n\n<div class=\"wp-block-image\">\n<figure class=\"aligncenter\"><img decoding=\"async\" src=\"https:\/\/arnwiesen.net\/wpt\/wp-content\/uploads\/2007\/alpen\/07brienzersee.jpg\" alt=\"Image\" title=\"Image\"\/><\/figure>\n<\/div>\n\n\n<p>So wie hier, gab es viele sch\u00f6ne Ausblicke auf den Brienzersee.<\/p>\n\n\n<div class=\"wp-block-image\">\n<figure class=\"aligncenter\"><img decoding=\"async\" src=\"https:\/\/arnwiesen.net\/wpt\/wp-content\/uploads\/2007\/alpen\/08traenke.jpg\" alt=\"Image\" title=\"Image\"\/><\/figure>\n<\/div>\n\n\n<p>Diese Tr\u00e4nken mit frischem Quellwasser waren uns immer sehr willkommen zum Auff\u00fcllen unserer Wasserflaschen.<\/p>\n\n\n<div class=\"wp-block-image\">\n<figure class=\"aligncenter\"><img decoding=\"async\" src=\"https:\/\/arnwiesen.net\/wpt\/wp-content\/uploads\/2007\/alpen\/09gigathlon.jpg\" alt=\"Image\" title=\"Image\"\/><\/figure>\n<\/div>\n\n\n<p>Den Grimselpa\u00df haben wir zusammen mit mehreren&nbsp;hundert Gigathlon-Athleten erklommen. So wurde die Auffahrt zum Pa\u00df nicht langweilig und wir hatten w\u00e4hrend der Fahrt gen\u00fcgend Gespr\u00e4chspartner. Nat\u00fcrlich waren wir mit unseren Trekkingr\u00e4dern und dem vielen Gep\u00e4ck die Exoten unter den vielen Rennfahrern und wurden von den Zuschauern immer mit besonderem Applaus begr\u00fc\u00dft.<br>siehe&nbsp;<a href=\"http:\/\/www.gigathlon.ch\/\" target=\"_blank\" rel=\"noreferrer noopener\">http:\/\/www.gigathlon.ch\/<\/a><\/p>\n\n\n<div class=\"wp-block-image\">\n<figure class=\"aligncenter\"><img decoding=\"async\" src=\"https:\/\/arnwiesen.net\/wpt\/wp-content\/uploads\/2007\/alpen\/10grimselpass.jpg\" alt=\"Image\" title=\"Image\"\/><\/figure>\n<\/div>\n\n\n<p>Unser Gipfelfoto auf dem Grimselpa\u00df:<br>hinten: Burkhard, Henry, Bernhard, Frank, Ludger, Cossi, Ludwig, Werner<br>vorn: Atze, Andreas<\/p>\n\n\n<div class=\"wp-block-image\">\n<figure class=\"aligncenter\"><img decoding=\"async\" src=\"https:\/\/arnwiesen.net\/wpt\/wp-content\/uploads\/2007\/alpen\/11serpentinen.jpg\" alt=\"Image\" title=\"Image\"\/><\/figure>\n<\/div>\n\n\n<p>Vorn sieht man die Serpentinen der Abfahrt vom Grimselpa\u00df. Im Hintergrund sind der Rhonegletscher und die Auffahrt zum&nbsp;Furkapa\u00df zu sehen. Aber die Abfahrt vom Grimselpa\u00df war nicht so steil wie voriges Jahr die vom Spl\u00fcgenpa\u00df.<\/p>\n\n\n<div class=\"wp-block-image\">\n<figure class=\"aligncenter\"><img decoding=\"async\" src=\"https:\/\/arnwiesen.net\/wpt\/wp-content\/uploads\/2007\/alpen\/12rhonetal.jpg\" alt=\"Image\" title=\"Image\"\/><\/figure>\n<\/div>\n\n\n<p>Im Rhonetal ging es dann gem\u00fctlich stetig bergab bis nach Brig. Ab hier hatten wir st\u00e4ndig Sonnenschein und blauen Himmel bis zum Ende der Tour.<\/p>\n\n\n<div class=\"wp-block-image\">\n<figure class=\"aligncenter\"><img decoding=\"async\" src=\"https:\/\/arnwiesen.net\/wpt\/wp-content\/uploads\/2007\/alpen\/13simplonpass.jpg\" alt=\"Image\" title=\"Image\"\/><\/figure>\n<\/div>\n\n\n<p>Die Auffahrt zum Simplonpa\u00df war am Anfang recht steil und die Sonne brannte die ganze Zeit. Wir sind in Brig bei&nbsp;reichlich 600m H\u00f6he gestartet, also haben wir hier knapp 1400m H\u00f6he am St\u00fcck erklommen. Und das mit Trekkingr\u00e4dern und Gep\u00e4ck !<\/p>\n\n\n<div class=\"wp-block-image\">\n<figure class=\"aligncenter\"><img decoding=\"async\" src=\"https:\/\/arnwiesen.net\/wpt\/wp-content\/uploads\/2007\/alpen\/14milano.jpg\" alt=\"Image\" title=\"Image\"\/><\/figure>\n<\/div>\n\n\n<p>An dieser Verzweigung mu\u00dften wir erst mal auf der Karte nachsehen, wo es weitergeht. Wir wollten mit unseren Fahrr\u00e4dern nicht unbedingt die Autobahn nach Mailand nehmen.&nbsp; &nbsp;<img loading=\"lazy\" decoding=\"async\" src=\"https:\/\/www.jaronline.de\/tckj\/mambots\/editors\/tinymce\/jscripts\/tiny_mce\/plugins\/emotions\/images\/smiley-smile.gif\" alt=\"Smile\" width=\"18\" height=\"18\"><\/p>\n\n\n<div class=\"wp-block-image\">\n<figure class=\"aligncenter\"><img decoding=\"async\" src=\"https:\/\/arnwiesen.net\/wpt\/wp-content\/uploads\/2007\/alpen\/15lago.jpg\" alt=\"Image\" title=\"Image\"\/><\/figure>\n<\/div>\n\n\n<p>Am Lago Maggiore konnten wir der Versuchung nicht widerstehen und mu\u00dften erst mal baden gehen.<br>Unsere Radtour endete dann wieder, wie im vorigem Jahr, &nbsp;in Bellinzona mit einem z\u00fcnftigen Picknik auf der mit Weintrauben \u00fcberdachten Terrasse des &#8222;Instituto Santa Maria&#8220;.<br>Am Heimfahrtstag hatten die Th\u00fcringer noch reichlich 10h Aufenthalt in Basel, der u.a. von Atze und Frank zu einem Bad im str\u00f6menden Rhein genutzt wurde.<\/p>\n\n\n\n<p>Ein paar mehr Fotos, daf\u00fcr weniger Text sind unter<br><a href=\"http:\/\/franklehmann.dyndns.eu\/index.php?folder=\/2007\/07_Doppelpass\/\" target=\"_blank\" rel=\"noreferrer noopener\">http:\/\/franklehmann.dyndns.eu\/index.php?folder=\/2007\/07_Doppelpass\/<br><\/a>zu finden.<\/p>\n","protected":false},"excerpt":{"rendered":"<p>Radtour Schweiz \/ Italien\u00a0\u00a0\u00a0 09. &#8211; 15. Juli 2007\u00a0 Basel &#8211; Biel &#8211; Thun &#8211; Guttannen (Grimselpa\u00df)&nbsp;&#8211; Brig&nbsp; (Simplonpa\u00df) &#8211;Domodossola &#8211; Bellinzona Nach den sch\u00f6nen Touren der vergangenen Jahre fanden sich auch&nbsp;in diesem Jahr wieder einige Fahrrad-Enthusiasten zusammen, die&nbsp;eine Woche&nbsp;Urlaub auf dem Fahrrad verbrachten und aufs Neue beweisen wollten, da\u00df man f\u00fcr eine \u00dcberquerung der &hellip; <a href=\"https:\/\/arnwiesen.net\/wpt\/2007\/doppelpass-grimselpass-und-simplonpass-2007\/\" class=\"more-link\"><span class=\"screen-reader-text\">\u201eDoppelpa\u00df (Grimselpa\u00df und Simplonpa\u00df) 2007\u201c<\/span> weiterlesen<\/a><\/p>\n","protected":false},"author":6,"featured_media":0,"comment_status":"closed","ping_status":"open","sticky":false,"template":"","format":"standard","meta":{"footnotes":""},"categories":[12],"tags":[32,52,105,36,31,266,106],"class_list":["post-3045","post","type-post","status-publish","format-standard","hentry","category-berichte-2007","tag-alpen","tag-basel","tag-grimselpass","tag-lago-maggiore","tag-radtour","tag-radwanderfahrt","tag-simplonpass"],"_links":{"self":[{"href":"https:\/\/arnwiesen.net\/wpt\/wp-json\/wp\/v2\/posts\/3045","targetHints":{"allow":["GET"]}}],"collection":[{"href":"https:\/\/arnwiesen.net\/wpt\/wp-json\/wp\/v2\/posts"}],"about":[{"href":"https:\/\/arnwiesen.net\/wpt\/wp-json\/wp\/v2\/types\/post"}],"author":[{"embeddable":true,"href":"https:\/\/arnwiesen.net\/wpt\/wp-json\/wp\/v2\/users\/6"}],"replies":[{"embeddable":true,"href":"https:\/\/arnwiesen.net\/wpt\/wp-json\/wp\/v2\/comments?post=3045"}],"version-history":[{"count":3,"href":"https:\/\/arnwiesen.net\/wpt\/wp-json\/wp\/v2\/posts\/3045\/revisions"}],"predecessor-version":[{"id":3835,"href":"https:\/\/arnwiesen.net\/wpt\/wp-json\/wp\/v2\/posts\/3045\/revisions\/3835"}],"wp:attachment":[{"href":"https:\/\/arnwiesen.net\/wpt\/wp-json\/wp\/v2\/media?parent=3045"}],"wp:term":[{"taxonomy":"category","embeddable":true,"href":"https:\/\/arnwiesen.net\/wpt\/wp-json\/wp\/v2\/categories?post=3045"},{"taxonomy":"post_tag","embeddable":true,"href":"https:\/\/arnwiesen.net\/wpt\/wp-json\/wp\/v2\/tags?post=3045"}],"curies":[{"name":"wp","href":"https:\/\/api.w.org\/{rel}","templated":true}]}}