{"id":3043,"date":"2007-08-19T23:32:00","date_gmt":"2007-08-19T21:32:00","guid":{"rendered":"https:\/\/arnwiesen.net\/wpt\/?p=3043"},"modified":"2022-07-15T15:40:13","modified_gmt":"2022-07-15T13:40:13","slug":"olbernhauer-erzgebirgs-rtf-2007","status":"publish","type":"post","link":"https:\/\/arnwiesen.net\/wpt\/2007\/olbernhauer-erzgebirgs-rtf-2007\/","title":{"rendered":"Olbernhauer Erzgebirgs-RTF 2007"},"content":{"rendered":"<div class=\"wp-block-image\">\n<figure class=\"aligncenter size-full\"><img loading=\"lazy\" decoding=\"async\" width=\"253\" height=\"365\" src=\"https:\/\/arnwiesen.net\/wpt\/wp-content\/uploads\/2007\/olbernhau_joergatze.jpg\" alt=\"\" class=\"wp-image-1677\" title=\"Image\" srcset=\"https:\/\/arnwiesen.net\/wpt\/wp-content\/uploads\/2007\/olbernhau_joergatze.jpg 253w, https:\/\/arnwiesen.net\/wpt\/wp-content\/uploads\/2007\/olbernhau_joergatze-208x300.jpg 208w\" sizes=\"auto, (max-width: 253px) 85vw, 253px\" \/><\/figure>\n<\/div>\n\n\n<p>J\u00f6rg und Atze (Archivbild) nahmen in OLbernhau an einer besonderen RTF teil. Nicht nur aufgrund der H\u00f6henmeter, sondern vor allem wegen einer Bergwertung. Bei anderen RTFs gibt es keine Zeitnahme, hier wird zwischendurch\u00a0f\u00fcr ein kleines St\u00fcck die Zeit gestoppt und eine Ergebnisliste ausgegeben. (Siehe unten) (Anmerkung eines RTF-Kenners)<\/p>\n\n\n\n<!--more-->\n\n\n\n<p>Jetzt folgt der Bericht von Teilnehmer Ulrich Atze Unger:<\/p>\n\n\n\n<p>Hi RTF-Gemeinde !<\/p>\n\n\n\n<p>etwas versp\u00e4tet &#8211; aber noch in Sichtweite des Ereignisses am 19.8.2007 &#8211; hier ein Kurzbericht von der diesj\u00e4hrigen Olbernhauer Erzgebirgs-RTF &#8230; Am Start \u00fcber die Ausdauerdistanz war&nbsp;die gleiche Crew wie im vorigen Jahr (zusammen mit ca. 2380 Teilnehmern):<br>2x Schubert (J\u00f6rg + Hardy), J\u00f6rg Br\u00fcstel und Ulrich Unger (Atze)<\/p>\n\n\n<div class=\"wp-block-image\">\n<figure class=\"aligncenter\"><img decoding=\"async\" src=\"https:\/\/arnwiesen.net\/wpt\/wp-content\/uploads\/2007\/olb_rtf\/2007_olbernhau_profil_kompr.jpg\" alt=\"Image\" title=\"Image\"\/><\/figure>\n<\/div>\n\n\n<p>Es&nbsp;gab wieder jede Menge H\u00f6henmeter zum &#8222;genie\u00dfen&#8220; aber auch genug Ein- und Ausblicke&nbsp;w\u00e4hrend der Fahrt auf unsere sch\u00f6ne Heimat &#8230;<\/p>\n\n\n\n<p>die offizielle&nbsp;Streckenl\u00e4nge war diesmal ca. 120 km&nbsp;&#8211; wobei wir wegen kleiner Umwege und entspr. Messung mit Tacho und GPS auf 124 km&nbsp;kamen &#8230;&nbsp;<\/p>\n\n\n\n<p>einige Fotos (aufgenommen von Freunden und noch nicht verf\u00fcgbar) werden noch nachgereicht &#8230;<\/p>\n\n\n\n<p>Ansonsten wie immer zus. Infos unter:<br><a href=\"http:\/\/www.olbernhauer-radtour.de\/\">http:\/\/www.olbernhauer-radtour.de\/<\/a><\/p>\n\n\n\n<p>Ergebnisliste Bergzeitfahren &#8211; 14. Olbernhauer Radtour 2007<\/p>\n\n\n\n<figure class=\"wp-block-table\"><table><thead><tr><th>Strecke<\/th><th>Altersgruppe<\/th><\/tr><\/thead><tbody><tr><td>Start Schellenberg, Gasthaus &#8222;H\u00f6llm\u00fchle&#8220;<\/td><td>I &#8211; bis 24 Jahre (3 \u00d7 W \/ 31 \u00d7 M)<\/td><\/tr><tr><td>Ziel Augustusburg, Eppendorfer Stra\u00dfe<\/td><td>II &#8211; 25 bis 49 Jahre (20 \u00d7 W \/ 171 \u00d7M)<\/td><\/tr><tr><td>L\u00e4nge 2,8 km\u00a0<\/td><td>III &#8211; ab 50 Jahre (0 \u00d7 W \/ 61 \u00d7 M)<\/td><\/tr><tr><td>Steigung auf 155 m<br>ab 10 m Reihenfolge<br>Steigung Durchschnitt 5,2% <br>maximal 14 %<\/td><td>Liste nach Altersgruppen sortiert<\/td><\/tr><\/tbody><\/table><\/figure>\n\n\n\n<p><\/p>\n\n\n\n<figure class=\"wp-block-table\"><table><tbody><tr><td>Startnr.&nbsp;<\/td><td>&nbsp;Vorname<\/td><td>AK&nbsp;<\/td><td>Platz&nbsp;<\/td><td>Zeit&nbsp;<\/td><td>R\u00fcckstand&nbsp;<\/td><td>Schnitt&nbsp;<\/td><\/tr><tr><td>&nbsp;165<\/td><td>Ulrich<\/td><td>MII<\/td><td>&nbsp; 75<\/td><td>&nbsp; 9:34:40<\/td><td>&nbsp;2:37,22<\/td><td>&nbsp;17,55<\/td><\/tr><tr><td>&nbsp;166<\/td><td>J\u00f6rg<\/td><td>MII<\/td><td>&nbsp; 95<\/td><td>&nbsp; 9:58,26<\/td><td>&nbsp;3:01,08<\/td><td>&nbsp;16,85<\/td><\/tr><tr><td>&nbsp;167<\/td><td>Hardy<\/td><td>MII<\/td><td>&nbsp;115<\/td><td>&nbsp;10:27,52<\/td><td>&nbsp;3:30,34<\/td><td>&nbsp;16,06<\/td><\/tr><\/tbody><\/table><\/figure>\n","protected":false},"excerpt":{"rendered":"<p>J\u00f6rg und Atze (Archivbild) nahmen in OLbernhau an einer besonderen RTF teil. Nicht nur aufgrund der H\u00f6henmeter, sondern vor allem wegen einer Bergwertung. Bei anderen RTFs gibt es keine Zeitnahme, hier wird zwischendurch\u00a0f\u00fcr ein kleines St\u00fcck die Zeit gestoppt und eine Ergebnisliste ausgegeben. (Siehe unten) (Anmerkung eines RTF-Kenners)<\/p>\n","protected":false},"author":4,"featured_media":0,"comment_status":"closed","ping_status":"open","sticky":false,"template":"","format":"standard","meta":{"footnotes":""},"categories":[12],"tags":[194,195,127],"class_list":["post-3043","post","type-post","status-publish","format-standard","hentry","category-berichte-2007","tag-olbernhau","tag-olbernhauer-radtour","tag-rtf"],"_links":{"self":[{"href":"https:\/\/arnwiesen.net\/wpt\/wp-json\/wp\/v2\/posts\/3043","targetHints":{"allow":["GET"]}}],"collection":[{"href":"https:\/\/arnwiesen.net\/wpt\/wp-json\/wp\/v2\/posts"}],"about":[{"href":"https:\/\/arnwiesen.net\/wpt\/wp-json\/wp\/v2\/types\/post"}],"author":[{"embeddable":true,"href":"https:\/\/arnwiesen.net\/wpt\/wp-json\/wp\/v2\/users\/4"}],"replies":[{"embeddable":true,"href":"https:\/\/arnwiesen.net\/wpt\/wp-json\/wp\/v2\/comments?post=3043"}],"version-history":[{"count":2,"href":"https:\/\/arnwiesen.net\/wpt\/wp-json\/wp\/v2\/posts\/3043\/revisions"}],"predecessor-version":[{"id":3824,"href":"https:\/\/arnwiesen.net\/wpt\/wp-json\/wp\/v2\/posts\/3043\/revisions\/3824"}],"wp:attachment":[{"href":"https:\/\/arnwiesen.net\/wpt\/wp-json\/wp\/v2\/media?parent=3043"}],"wp:term":[{"taxonomy":"category","embeddable":true,"href":"https:\/\/arnwiesen.net\/wpt\/wp-json\/wp\/v2\/categories?post=3043"},{"taxonomy":"post_tag","embeddable":true,"href":"https:\/\/arnwiesen.net\/wpt\/wp-json\/wp\/v2\/tags?post=3043"}],"curies":[{"name":"wp","href":"https:\/\/api.w.org\/{rel}","templated":true}]}}