{"id":3035,"date":"2007-07-28T23:28:00","date_gmt":"2007-07-28T21:28:00","guid":{"rendered":"https:\/\/arnwiesen.net\/wpt\/?p=3035"},"modified":"2022-07-15T15:47:21","modified_gmt":"2022-07-15T13:47:21","slug":"der-wadenkneifer-kneift-noch","status":"publish","type":"post","link":"https:\/\/arnwiesen.net\/wpt\/2007\/der-wadenkneifer-kneift-noch\/","title":{"rendered":"Der &#8222;Wadenkneifer&#8220; kneift noch"},"content":{"rendered":"\n<p><strong>Der 29. Engteraner Wadenkneifer hatte es mal wieder in sich<\/strong><\/p>\n\n\n\n<p>Durchs Wiehengebirge&nbsp; rauf und runter ging es \u00fcber Bramsche, Westerkappeln, Wallenhorst nach Ostercappeln. Kurz vorm Ziel&nbsp; in Engter galt es die Engteraner &#8222;Alpe de Huez&#8220; (den Vorwalder &#8222;Aussichts&#8220;-Berg) zu erklimmen.<\/p>\n\n\n<div class=\"wp-block-image\">\n<figure class=\"aligncenter size-full\"><img loading=\"lazy\" decoding=\"async\" width=\"480\" height=\"360\" src=\"https:\/\/arnwiesen.net\/wpt\/wp-content\/uploads\/2007\/engter.jpg\" alt=\"\" class=\"wp-image-1646\" srcset=\"https:\/\/arnwiesen.net\/wpt\/wp-content\/uploads\/2007\/engter.jpg 480w, https:\/\/arnwiesen.net\/wpt\/wp-content\/uploads\/2007\/engter-300x225.jpg 300w\" sizes=\"auto, (max-width: 480px) 85vw, 480px\" \/><\/figure>\n<\/div>\n\n\n<p>Da die Streckenf\u00fchrung der RTF \u00fcber Westerkappeln verlief, war f\u00fcr Ulrich Start und Ziel\u00a0 der eigene Garten und insgesamt 81 km<\/p>\n","protected":false},"excerpt":{"rendered":"<p>Der 29. Engteraner Wadenkneifer hatte es mal wieder in sich Durchs Wiehengebirge&nbsp; rauf und runter ging es \u00fcber Bramsche, Westerkappeln, Wallenhorst nach Ostercappeln. Kurz vorm Ziel&nbsp; in Engter galt es die Engteraner &#8222;Alpe de Huez&#8220; (den Vorwalder &#8222;Aussichts&#8220;-Berg) zu erklimmen. Da die Streckenf\u00fchrung der RTF \u00fcber Westerkappeln verlief, war f\u00fcr Ulrich Start und Ziel\u00a0 der &hellip; <a href=\"https:\/\/arnwiesen.net\/wpt\/2007\/der-wadenkneifer-kneift-noch\/\" class=\"more-link\"><span class=\"screen-reader-text\">\u201eDer &#8222;Wadenkneifer&#8220; kneift noch\u201c<\/span> weiterlesen<\/a><\/p>\n","protected":false},"author":1,"featured_media":0,"comment_status":"closed","ping_status":"open","sticky":false,"template":"","format":"standard","meta":{"footnotes":""},"categories":[12],"tags":[274,127,275],"class_list":["post-3035","post","type-post","status-publish","format-standard","hentry","category-berichte-2007","tag-engter","tag-rtf","tag-wadenkneifer"],"_links":{"self":[{"href":"https:\/\/arnwiesen.net\/wpt\/wp-json\/wp\/v2\/posts\/3035","targetHints":{"allow":["GET"]}}],"collection":[{"href":"https:\/\/arnwiesen.net\/wpt\/wp-json\/wp\/v2\/posts"}],"about":[{"href":"https:\/\/arnwiesen.net\/wpt\/wp-json\/wp\/v2\/types\/post"}],"author":[{"embeddable":true,"href":"https:\/\/arnwiesen.net\/wpt\/wp-json\/wp\/v2\/users\/1"}],"replies":[{"embeddable":true,"href":"https:\/\/arnwiesen.net\/wpt\/wp-json\/wp\/v2\/comments?post=3035"}],"version-history":[{"count":2,"href":"https:\/\/arnwiesen.net\/wpt\/wp-json\/wp\/v2\/posts\/3035\/revisions"}],"predecessor-version":[{"id":3830,"href":"https:\/\/arnwiesen.net\/wpt\/wp-json\/wp\/v2\/posts\/3035\/revisions\/3830"}],"wp:attachment":[{"href":"https:\/\/arnwiesen.net\/wpt\/wp-json\/wp\/v2\/media?parent=3035"}],"wp:term":[{"taxonomy":"category","embeddable":true,"href":"https:\/\/arnwiesen.net\/wpt\/wp-json\/wp\/v2\/categories?post=3035"},{"taxonomy":"post_tag","embeddable":true,"href":"https:\/\/arnwiesen.net\/wpt\/wp-json\/wp\/v2\/tags?post=3035"}],"curies":[{"name":"wp","href":"https:\/\/api.w.org\/{rel}","templated":true}]}}