{"id":3004,"date":"2008-12-13T23:04:00","date_gmt":"2008-12-13T22:04:00","guid":{"rendered":"https:\/\/arnwiesen.net\/wpt\/?p=3004"},"modified":"2022-07-18T09:43:05","modified_gmt":"2022-07-18T07:43:05","slug":"wir-unterstuetzen-die-malteser","status":"publish","type":"post","link":"https:\/\/arnwiesen.net\/wpt\/2008\/wir-unterstuetzen-die-malteser\/","title":{"rendered":"Wir unterst\u00fctzen die Malteser"},"content":{"rendered":"\n<p><strong>Gute Tradition in der Vorweihnachtszeit&nbsp;<\/strong><\/p>\n\n\n<div class=\"wp-block-image\">\n<figure class=\"aligncenter\"><img decoding=\"async\" src=\"https:\/\/arnwiesen.net\/wpt\/wp-content\/uploads\/2008\/tckj-kl2.png\" alt=\"\"\/><\/figure>\n<\/div>\n\n\n<p>Wie in den Vorjahren traten auch diesmal 2 Staffeln des TCKJ beim Gl\u00fchwein-Verkauf f\u00fcr die Malteser an. DIe 1. Staffel um Bernhard und Burkhard bew\u00e4ltigten den 1. Ansturm der Gl\u00fchweinseeligen. Die 2. Staffel um Cossi und Ludwig bew\u00e4ltigte die Schlu\u00dfetappe gekonnt&nbsp;souver\u00e4n und hinterlie\u00df das Gew\u00f6lbe weit nach Mitternacht besenrein. <\/p>\n\n\n\n<!--more-->\n\n\n\n<p>Die Vorr\u00e4te waren weitest gehend unter die Leute gebracht, so da\u00df der Malteser f\u00fcr die n\u00e4chsten Tage noch einmal nachbunkern muss. Einen letzten Absacker im &#8222;gr\u00fcnen J\u00e4ger&#8220; und ab ins Bett.<\/p>\n\n\n\n<p>Ludwig kann uns schon jetzt f\u00fcr den 3. Advent 2009 eintragen &#8211; wir helfen gerne.<\/p>\n\n\n<div class=\"wp-block-image\">\n<figure class=\"aligncenter\"><img decoding=\"async\" src=\"https:\/\/arnwiesen.net\/wpt\/wp-content\/uploads\/2005\/gewoelbe\/100_3880.jpg\" alt=\"\"\/><\/figure>\n<\/div>\n\n\n<p>&nbsp;Der Gew\u00f6lbekeller der Malteser &#8211; die 1. Adresse f\u00fcr<br>guten Gl\u00fchwein&nbsp;&#8211; Hasestrasse, \u00d3snabr\u00fcck<\/p>\n\n\n\n<p><strong>Staffel I<\/strong><\/p>\n\n\n<div class=\"wp-block-image\">\n<figure class=\"aligncenter size-full\"><img loading=\"lazy\" decoding=\"async\" width=\"480\" height=\"360\" src=\"https:\/\/arnwiesen.net\/wpt\/wp-content\/uploads\/2008\/gluehwein\/100_2324.jpg\" alt=\"\" class=\"wp-image-1591\" srcset=\"https:\/\/arnwiesen.net\/wpt\/wp-content\/uploads\/2008\/gluehwein\/100_2324.jpg 480w, https:\/\/arnwiesen.net\/wpt\/wp-content\/uploads\/2008\/gluehwein\/100_2324-300x225.jpg 300w\" sizes=\"auto, (max-width: 480px) 85vw, 480px\" \/><figcaption>Raphael, Bernhard, Marion &#8211; (nie im Bild Burkard)<\/figcaption><\/figure>\n<\/div>\n\n<div class=\"wp-block-image\">\n<figure class=\"aligncenter size-full\"><img loading=\"lazy\" decoding=\"async\" width=\"480\" height=\"360\" src=\"https:\/\/arnwiesen.net\/wpt\/wp-content\/uploads\/2008\/gluehwein\/100_2325.jpg\" alt=\"\" class=\"wp-image-1592\" srcset=\"https:\/\/arnwiesen.net\/wpt\/wp-content\/uploads\/2008\/gluehwein\/100_2325.jpg 480w, https:\/\/arnwiesen.net\/wpt\/wp-content\/uploads\/2008\/gluehwein\/100_2325-300x225.jpg 300w\" sizes=\"auto, (max-width: 480px) 85vw, 480px\" \/><figcaption>Julia, Pascal, Bernhard<\/figcaption><\/figure>\n<\/div>\n\n\n<p><strong>Staffel II<\/strong><\/p>\n\n\n<div class=\"wp-block-image\">\n<figure class=\"aligncenter size-full\"><img loading=\"lazy\" decoding=\"async\" width=\"480\" height=\"360\" src=\"https:\/\/arnwiesen.net\/wpt\/wp-content\/uploads\/2008\/gluehwein\/100_2326.jpg\" alt=\"\" class=\"wp-image-1593\" srcset=\"https:\/\/arnwiesen.net\/wpt\/wp-content\/uploads\/2008\/gluehwein\/100_2326.jpg 480w, https:\/\/arnwiesen.net\/wpt\/wp-content\/uploads\/2008\/gluehwein\/100_2326-300x225.jpg 300w\" sizes=\"auto, (max-width: 480px) 85vw, 480px\" \/><figcaption> Tim, Carsten,&nbsp;Stephan und <br>Drachenboot-Teamcaptain Carola &#8211; (nie im Bild Ulli)<\/figcaption><\/figure>\n<\/div>\n\n<div class=\"wp-block-image\">\n<figure class=\"aligncenter size-full\"><img loading=\"lazy\" decoding=\"async\" width=\"480\" height=\"360\" src=\"https:\/\/arnwiesen.net\/wpt\/wp-content\/uploads\/2008\/gluehwein\/100_2327.jpg\" alt=\"\" class=\"wp-image-1594\" srcset=\"https:\/\/arnwiesen.net\/wpt\/wp-content\/uploads\/2008\/gluehwein\/100_2327.jpg 480w, https:\/\/arnwiesen.net\/wpt\/wp-content\/uploads\/2008\/gluehwein\/100_2327-300x225.jpg 300w\" sizes=\"auto, (max-width: 480px) 85vw, 480px\" \/><figcaption>Gewohnt l\u00e4ssig am Alkohohl &#8211; Tim &#8211; Carsten, Stephan, Ludwig<\/figcaption><\/figure>\n<\/div>\n\n<div class=\"wp-block-image\">\n<figure class=\"aligncenter size-full\"><img loading=\"lazy\" decoding=\"async\" width=\"480\" height=\"360\" src=\"https:\/\/arnwiesen.net\/wpt\/wp-content\/uploads\/2008\/gluehwein\/100_2328.jpg\" alt=\"\" class=\"wp-image-1595\" srcset=\"https:\/\/arnwiesen.net\/wpt\/wp-content\/uploads\/2008\/gluehwein\/100_2328.jpg 480w, https:\/\/arnwiesen.net\/wpt\/wp-content\/uploads\/2008\/gluehwein\/100_2328-300x225.jpg 300w\" sizes=\"auto, (max-width: 480px) 85vw, 480px\" \/><figcaption>Im sportlichen Radrenn-Outfit &#8211; Carsten<\/figcaption><\/figure>\n<\/div>\n\n<div class=\"wp-block-image\">\n<figure class=\"aligncenter size-full\"><img loading=\"lazy\" decoding=\"async\" width=\"480\" height=\"360\" src=\"https:\/\/arnwiesen.net\/wpt\/wp-content\/uploads\/2008\/gluehwein\/100_2329.jpg\" alt=\"\" class=\"wp-image-1596\" srcset=\"https:\/\/arnwiesen.net\/wpt\/wp-content\/uploads\/2008\/gluehwein\/100_2329.jpg 480w, https:\/\/arnwiesen.net\/wpt\/wp-content\/uploads\/2008\/gluehwein\/100_2329-300x225.jpg 300w\" sizes=\"auto, (max-width: 480px) 85vw, 480px\" \/><figcaption>Bude und G\u00e4ste voll &#8211; Heide und Pr\u00e4sident&nbsp;Cossi<\/figcaption><\/figure>\n<\/div>\n\n\n<p>Geschafft &#8211; besenrein und aufger\u00e4umt \u00fcber die Ziellinie &#8211; Stephan, Anna, Carola, B\u00e4rbel und Heide<\/p>\n\n\n\n<hr class=\"wp-block-separator has-alpha-channel-opacity\"\/>\n\n\n\n<p>Frohes Weihnachten und einen guten Rutsch&nbsp;<\/p>\n\n\n\n<p><strong>Erg\u00e4nzung von Cossi:<\/strong><\/p>\n\n\n\n<p>Am Ende des Jahres stellten TCKJ\u00b4ler noch einen Rekord auf: Beim Gl\u00fchweinzapfen am 13.12.08 auf dem Weihnachtsmarkt wurde der gr\u00f6\u00dfte Umsatz in 10 Jahren Malteser Litauen Projekt erzielt. Am 9. Januar bedanken sich die Malteser in Osnabr\u00fcck mit einem Abendessen. Die Helfer der Westgruppe nehmen leider nicht teil. Viel Spa\u00df an die Nordgruppe.<\/p>\n","protected":false},"excerpt":{"rendered":"<p>Gute Tradition in der Vorweihnachtszeit&nbsp; Wie in den Vorjahren traten auch diesmal 2 Staffeln des TCKJ beim Gl\u00fchwein-Verkauf f\u00fcr die Malteser an. DIe 1. Staffel um Bernhard und Burkhard bew\u00e4ltigten den 1. Ansturm der Gl\u00fchweinseeligen. Die 2. Staffel um Cossi und Ludwig bew\u00e4ltigte die Schlu\u00dfetappe gekonnt&nbsp;souver\u00e4n und hinterlie\u00df das Gew\u00f6lbe weit nach Mitternacht besenrein.<\/p>\n","protected":false},"author":1,"featured_media":0,"comment_status":"closed","ping_status":"open","sticky":false,"template":"","format":"standard","meta":{"footnotes":""},"categories":[13],"tags":[242,241,224],"class_list":["post-3004","post","type-post","status-publish","format-standard","hentry","category-berichte-2008","tag-gewoelbe","tag-gluehwein","tag-kulturprogramm"],"_links":{"self":[{"href":"https:\/\/arnwiesen.net\/wpt\/wp-json\/wp\/v2\/posts\/3004","targetHints":{"allow":["GET"]}}],"collection":[{"href":"https:\/\/arnwiesen.net\/wpt\/wp-json\/wp\/v2\/posts"}],"about":[{"href":"https:\/\/arnwiesen.net\/wpt\/wp-json\/wp\/v2\/types\/post"}],"author":[{"embeddable":true,"href":"https:\/\/arnwiesen.net\/wpt\/wp-json\/wp\/v2\/users\/1"}],"replies":[{"embeddable":true,"href":"https:\/\/arnwiesen.net\/wpt\/wp-json\/wp\/v2\/comments?post=3004"}],"version-history":[{"count":3,"href":"https:\/\/arnwiesen.net\/wpt\/wp-json\/wp\/v2\/posts\/3004\/revisions"}],"predecessor-version":[{"id":3979,"href":"https:\/\/arnwiesen.net\/wpt\/wp-json\/wp\/v2\/posts\/3004\/revisions\/3979"}],"wp:attachment":[{"href":"https:\/\/arnwiesen.net\/wpt\/wp-json\/wp\/v2\/media?parent=3004"}],"wp:term":[{"taxonomy":"category","embeddable":true,"href":"https:\/\/arnwiesen.net\/wpt\/wp-json\/wp\/v2\/categories?post=3004"},{"taxonomy":"post_tag","embeddable":true,"href":"https:\/\/arnwiesen.net\/wpt\/wp-json\/wp\/v2\/tags?post=3004"}],"curies":[{"name":"wp","href":"https:\/\/api.w.org\/{rel}","templated":true}]}}