{"id":2998,"date":"2008-10-18T23:00:00","date_gmt":"2008-10-18T21:00:00","guid":{"rendered":"https:\/\/arnwiesen.net\/wpt\/?p=2998"},"modified":"2022-07-12T09:33:38","modified_gmt":"2022-07-12T07:33:38","slug":"herausforderung-32-kernberglauf","status":"publish","type":"post","link":"https:\/\/arnwiesen.net\/wpt\/2008\/herausforderung-32-kernberglauf\/","title":{"rendered":"Herausforderung &#8211; 32. Kernberglauf"},"content":{"rendered":"\n<p>traditionell stellten sich am 3. Oktober-WE die Aktiven der TCKJ-Ost-Gruppe der Herausforderung &#8222;Kernberglauf&#8220;\u00a0&#8230; dank unerwarteter Verst\u00e4rkung durch den L\u00e4ufer-Nachwuchs\u00a0konnte auch wieder ein 6-Mann-Team als Mannschaft gemeldet werden ! &#8230;<\/p>\n\n\n<div class=\"wp-block-image\">\n<figure class=\"aligncenter\"><img decoding=\"async\" src=\"https:\/\/arnwiesen.net\/wpt\/wp-content\/uploads\/2008\/kbl\/2008_kbl_aufw.jpg\" alt=\"2008_kbl_aufw\" title=\"Image\"\/><\/figure>\n<\/div>\n\n\n<!--more-->\n\n\n\n<p>&#8230;&nbsp;nach dem&nbsp;lustigen Aufw\u00e4rm-Programm&nbsp;ging es auf die anspruchsvolle Strecke &#8230;<\/p>\n\n\n<div class=\"wp-block-image\">\n<figure class=\"aligncenter\"><img decoding=\"async\" src=\"https:\/\/arnwiesen.net\/wpt\/wp-content\/uploads\/2008\/kbl\/2008_kbl_weg.jpg\" alt=\"2008_kbl_weg\" title=\"Image\"\/><\/figure>\n<\/div>\n\n\n<p>&#8230; welche wieder durch herbstlich bunte W\u00e4lder f\u00fchrte &#8230;<\/p>\n\n\n\n<p>der anstrengende Lauf rief wiedermal zwiesp\u00e4ltige Gef\u00fchle hervor &#8211; zwischen Euphorie (\u00fcber die sch\u00f6nen \u00e4u\u00dferen Bedingungen) und Ern\u00fcchterung (\u00fcber die schmerzenden Knochen, die wieder ein Jahr \u00e4lter und anf\u00e4lliger geworden waren) &#8230;<\/p>\n\n\n\n<p>alle Mannschafts-Mitglieder kamen trotzdem gesund und (mehr oder weniger) munter ins Ziel &#8211; auch wenn wir wegen einer unsinnigen Zeitlimit-Regel nicht in der Mannschafts-Wertungsliste erschienen &#8230; hier ein paar Schnapsch\u00fcsse vom Zieleinlauf:<\/p>\n\n\n<div class=\"wp-block-image\">\n<figure class=\"aligncenter\"><img decoding=\"async\" src=\"https:\/\/arnwiesen.net\/wpt\/wp-content\/uploads\/2008\/kbl\/2008_kbl_gaby.jpg\" alt=\"2008_kbl_gaby\" title=\"Image\"\/><\/figure>\n<\/div>\n\n\n<p>Gabi, 15 km &#8211; im lockeren Trab zur&nbsp;guten Endzeit &#8211; wieder&nbsp;besser in Form und mit&nbsp;BRONZE f\u00fcr Platz 3. in der Altersklasse belohnt !&nbsp;&#8230;<\/p>\n\n\n<div class=\"wp-block-image\">\n<figure class=\"aligncenter\"><img decoding=\"async\" src=\"https:\/\/arnwiesen.net\/wpt\/wp-content\/uploads\/2008\/kbl\/2008_kbl_henry_1.jpg\" alt=\"2008_kbl_henry_1\" title=\"Image\"\/><\/figure>\n<\/div>\n\n\n<p>Henry, 15 km &#8211;&nbsp;noch 300 m&nbsp;durchhalten !&nbsp;&#8230;<\/p>\n\n\n<div class=\"wp-block-image\">\n<figure class=\"aligncenter\"><img decoding=\"async\" src=\"https:\/\/arnwiesen.net\/wpt\/wp-content\/uploads\/2008\/kbl\/2008_kbl_uli.jpg\" alt=\"2008_kbl_uli\" title=\"Image\"\/><\/figure>\n<\/div>\n\n\n<p>Uli, 15 km &#8211; sieht etwas angestrengt aus &#8211; aber trotzdem im angepeilten Zeitbereich &#8230;<\/p>\n\n\n<div class=\"wp-block-image\">\n<figure class=\"aligncenter\"><img decoding=\"async\" src=\"https:\/\/arnwiesen.net\/wpt\/wp-content\/uploads\/2008\/kbl\/2008_kbl_henry_2.jpg\" alt=\"2008_kbl_henry_2\" title=\"Image\"\/><\/figure>\n<\/div>\n\n\n<p>Henry, 15 km&nbsp;&#8211; im Zieleinlauf &#8211; hatte sich eine schnellere Endzeit versprochen &#8230;<\/p>\n\n\n<div class=\"wp-block-image\">\n<figure class=\"aligncenter\"><img decoding=\"async\" src=\"https:\/\/arnwiesen.net\/wpt\/wp-content\/uploads\/2008\/kbl\/2008_kbl_willi.jpg\" alt=\"2008_kbl_willi\" title=\"Image\"\/><\/figure>\n<\/div>\n\n\n<p>Willi, 15 km &#8211; schneller als im Vorjahr &#8211; was will man mehr ? &#8230;<\/p>\n\n\n<div class=\"wp-block-image\">\n<figure class=\"aligncenter\"><img decoding=\"async\" src=\"https:\/\/arnwiesen.net\/wpt\/wp-content\/uploads\/2008\/kbl\/2008_kbl_joerg.jpg\" alt=\"2008_kbl_joerg\" title=\"Image\"\/><\/figure>\n<\/div>\n\n\n<p>J\u00f6rg,&nbsp;27 km &#8211; geschafft ! &#8211; da kommt Freude auf &#8230;<\/p>\n\n\n\n<p>leider fehlt von Jan St\u00f6ckel ein Foto, welcher als Nachwuchs-Mann eine tolle Zeit auf der langen 27-km-Strecke schaffte !<\/p>\n\n\n\n<p>alle weitere Infos (und Bilder !)&nbsp;\u00fcber&nbsp;<a href=\"http:\/\/www.kernberglauf.de\/\" target=\"_blank\" rel=\"noreferrer noopener\"><strong>www.kernberglauf.de<\/strong><\/a><\/p>\n\n\n\n<p>hier noch Willi&#8217;s aktuelle&nbsp;<a href=\"https:\/\/arnwiesen.net\/wpt\/wp-content\/uploads\/2008\/kbl\/kernberglauf_statistik_2008.xls\" target=\"_blank\" rel=\"noreferrer noopener\"><strong>Statistik<\/strong><\/a>&nbsp;&#8230;&nbsp;wie immer zeitnah erstellt !<\/p>\n","protected":false},"excerpt":{"rendered":"<p>traditionell stellten sich am 3. Oktober-WE die Aktiven der TCKJ-Ost-Gruppe der Herausforderung &#8222;Kernberglauf&#8220;\u00a0&#8230; dank unerwarteter Verst\u00e4rkung durch den L\u00e4ufer-Nachwuchs\u00a0konnte auch wieder ein 6-Mann-Team als Mannschaft gemeldet werden ! &#8230;<\/p>\n","protected":false},"author":4,"featured_media":0,"comment_status":"closed","ping_status":"open","sticky":false,"template":"","format":"standard","meta":{"footnotes":""},"categories":[13],"tags":[125,150,123,38,149],"class_list":["post-2998","post","type-post","status-publish","format-standard","hentry","category-berichte-2008","tag-10km","tag-crosslauf","tag-halbmarathon","tag-jena","tag-kernberglauf"],"_links":{"self":[{"href":"https:\/\/arnwiesen.net\/wpt\/wp-json\/wp\/v2\/posts\/2998","targetHints":{"allow":["GET"]}}],"collection":[{"href":"https:\/\/arnwiesen.net\/wpt\/wp-json\/wp\/v2\/posts"}],"about":[{"href":"https:\/\/arnwiesen.net\/wpt\/wp-json\/wp\/v2\/types\/post"}],"author":[{"embeddable":true,"href":"https:\/\/arnwiesen.net\/wpt\/wp-json\/wp\/v2\/users\/4"}],"replies":[{"embeddable":true,"href":"https:\/\/arnwiesen.net\/wpt\/wp-json\/wp\/v2\/comments?post=2998"}],"version-history":[{"count":2,"href":"https:\/\/arnwiesen.net\/wpt\/wp-json\/wp\/v2\/posts\/2998\/revisions"}],"predecessor-version":[{"id":3705,"href":"https:\/\/arnwiesen.net\/wpt\/wp-json\/wp\/v2\/posts\/2998\/revisions\/3705"}],"wp:attachment":[{"href":"https:\/\/arnwiesen.net\/wpt\/wp-json\/wp\/v2\/media?parent=2998"}],"wp:term":[{"taxonomy":"category","embeddable":true,"href":"https:\/\/arnwiesen.net\/wpt\/wp-json\/wp\/v2\/categories?post=2998"},{"taxonomy":"post_tag","embeddable":true,"href":"https:\/\/arnwiesen.net\/wpt\/wp-json\/wp\/v2\/tags?post=2998"}],"curies":[{"name":"wp","href":"https:\/\/api.w.org\/{rel}","templated":true}]}}