{"id":2994,"date":"2008-09-05T22:58:00","date_gmt":"2008-09-05T20:58:00","guid":{"rendered":"https:\/\/arnwiesen.net\/wpt\/?p=2994"},"modified":"2022-07-12T12:32:09","modified_gmt":"2022-07-12T10:32:09","slug":"jahrestreffen-2008","status":"publish","type":"post","link":"https:\/\/arnwiesen.net\/wpt\/2008\/jahrestreffen-2008\/","title":{"rendered":"Hagen aTW &#8211; Jahrestreffen 2008"},"content":{"rendered":"\n<p><strong>Nachtw\u00e4chterf\u00fchrung Osnabr\u00fcck, BarfussparK Lienen, 33. Hagener Volkslauf, Feiern in Hagen a.TW. Kletterwald in Osnabr\u00fcck<\/strong><\/p>\n\n\n<div class=\"wp-block-image\">\n<figure class=\"aligncenter\"><img decoding=\"async\" src=\"https:\/\/arnwiesen.net\/wpt\/wp-content\/uploads\/2008\/jahrestreffen_01.jpg\" alt=\"Image\" title=\"Image\"\/><\/figure>\n<\/div>\n\n\n<p>Der sportliche Teil des&nbsp;Jahrestreffen bei der Nordgruppe,&nbsp; vom 5. &#8211; 7. September 08, war der 33. Hagener Volkslauf.<\/p>\n\n\n\n<!--more-->\n\n\n<div class=\"wp-block-image\">\n<figure class=\"aligncenter\"><img decoding=\"async\" src=\"https:\/\/arnwiesen.net\/wpt\/wp-content\/uploads\/2008\/jahrestreffen_02.jpg\" alt=\"Image\" title=\"Image\"\/><\/figure>\n<\/div>\n\n<div class=\"wp-block-image\">\n<figure class=\"aligncenter\"><img decoding=\"async\" src=\"https:\/\/arnwiesen.net\/wpt\/wp-content\/uploads\/2008\/jahrestreffen_03.jpg\" alt=\"Image\" title=\"Image\"\/><\/figure>\n<\/div>\n\n\n<p>Ulrich und Rosemarie beim Zieleinlauf nach 5 Kilometern, beide gewinnen ihre Altersklasse.<\/p>\n\n\n<div class=\"wp-block-image\">\n<figure class=\"aligncenter\"><img decoding=\"async\" src=\"https:\/\/arnwiesen.net\/wpt\/wp-content\/uploads\/2008\/jahrestreffen_05.jpg\" alt=\"Image\" title=\"Image\"\/><\/figure>\n<\/div>\n\n\n<p>Anna war die Gl\u00fccksfee bei der Tombola und brachte den TCKJ\u00b4lern Gl\u00fcck : 2 Fitnessstudio Gutscheine, eine Torte und f\u00fcr sich selbst ein von Bernhard\u00b4s Bienen gesponsertes Glas Honig.<\/p>\n\n\n<div class=\"wp-block-image\">\n<figure class=\"aligncenter size-full\"><img loading=\"lazy\" decoding=\"async\" width=\"405\" height=\"270\" src=\"https:\/\/arnwiesen.net\/wpt\/wp-content\/uploads\/2008\/jahrestreffen_11-1.jpg\" alt=\"\" class=\"wp-image-1420\" title=\"Image\" srcset=\"https:\/\/arnwiesen.net\/wpt\/wp-content\/uploads\/2008\/jahrestreffen_11-1.jpg 405w, https:\/\/arnwiesen.net\/wpt\/wp-content\/uploads\/2008\/jahrestreffen_11-1-300x200.jpg 300w\" sizes=\"auto, (max-width: 405px) 85vw, 405px\" \/><\/figure>\n<\/div>\n\n\n<p>Das Jahrestreffen begann am Freitag mit dem Kulturteil, ein zweieinhalb Stunden langer Rundgang durch die Osnabr\u00fccker Altstadt inkl. T\u00fcrmen und Br\u00fccken. Der leitende Nachtw\u00e4chter kannte einige D\u00f6nnekes von Gefangenen aus dem Mittelalter und vergass auch nicht mit seiner Leuchte auf Spinnen und Ratten hinzuweisen<\/p>\n\n\n<div class=\"wp-block-image\">\n<figure class=\"aligncenter\"><img decoding=\"async\" src=\"https:\/\/arnwiesen.net\/wpt\/wp-content\/uploads\/2008\/jahrestreffen_06.jpg\" alt=\"Image\" title=\"Image\"\/><\/figure>\n<\/div>\n\n\n<p>Am Samstag ging es mit einem Spaziergang durch den Barfusspark in Lienen weiter.<\/p>\n\n\n<div class=\"wp-block-image\">\n<figure class=\"aligncenter\"><img decoding=\"async\" src=\"https:\/\/arnwiesen.net\/wpt\/wp-content\/uploads\/2008\/jahrestreffen_04.jpg\" alt=\"Image\" title=\"Image\"\/><\/figure>\n<\/div>\n\n\n<p>Beim Bambinilauf hatten sich Anna und Sarah noch nicht ganz verausgabt, so konnten sie noch eine spektakul\u00e4re K\u00fcr auf dem Trampolin zeigen.<\/p>\n\n\n<div class=\"wp-block-image\">\n<figure class=\"aligncenter\"><img decoding=\"async\" src=\"https:\/\/arnwiesen.net\/wpt\/wp-content\/uploads\/2008\/jahrestreffen_07.jpg\" alt=\"Image\" title=\"Image\"\/><\/figure>\n<\/div>\n\n\n<p>Die Gastgeber Ludwig, Bernhard und Burkhard beim verdienten Essen bei der Grillfeier.<\/p>\n\n\n<div class=\"wp-block-image\">\n<figure class=\"aligncenter\"><img decoding=\"async\" src=\"https:\/\/arnwiesen.net\/wpt\/wp-content\/uploads\/2008\/jahrestreffen_08.jpg\" alt=\"Image\" title=\"Image\"\/><\/figure>\n<\/div>\n\n\n<p>Langsam wird es zur Tradition beim Jahrestreffen auch eine Fremdsportart auszuprobieren. Diesmal war es Klettern.<\/p>\n\n\n<div class=\"wp-block-image\">\n<figure class=\"aligncenter\"><img decoding=\"async\" src=\"https:\/\/arnwiesen.net\/wpt\/wp-content\/uploads\/2008\/jahrestreffen_09.jpg\" alt=\"Image\" title=\"Image\"\/><\/figure>\n<\/div>\n\n\n<p>Am \u00dcbungsparcours sieht alles&nbsp;kinderleicht aus.<\/p>\n\n\n<div class=\"wp-block-image\">\n<figure class=\"aligncenter size-full\"><img loading=\"lazy\" decoding=\"async\" width=\"413\" height=\"460\" src=\"https:\/\/arnwiesen.net\/wpt\/wp-content\/uploads\/2008\/jahrestreffen_10-1.jpg\" alt=\"\" class=\"wp-image-1419\" title=\"Image\" srcset=\"https:\/\/arnwiesen.net\/wpt\/wp-content\/uploads\/2008\/jahrestreffen_10-1.jpg 413w, https:\/\/arnwiesen.net\/wpt\/wp-content\/uploads\/2008\/jahrestreffen_10-1-269x300.jpg 269w\" sizes=\"auto, (max-width: 413px) 85vw, 413px\" \/><\/figure>\n<\/div>\n\n\n<p>Ein Rutsch in die Tiefe und schon ist ein wundersch\u00f6nes&nbsp;Jahrestreffen zu Ende.<\/p>\n","protected":false},"excerpt":{"rendered":"<p>Nachtw\u00e4chterf\u00fchrung Osnabr\u00fcck, BarfussparK Lienen, 33. Hagener Volkslauf, Feiern in Hagen a.TW. Kletterwald in Osnabr\u00fcck Der sportliche Teil des&nbsp;Jahrestreffen bei der Nordgruppe,&nbsp; vom 5. &#8211; 7. September 08, war der 33. Hagener Volkslauf.<\/p>\n","protected":false},"author":5,"featured_media":0,"comment_status":"closed","ping_status":"open","sticky":false,"template":"","format":"standard","meta":{"footnotes":""},"categories":[13],"tags":[125,196,245,243,181,244,246,247,210],"class_list":["post-2994","post","type-post","status-publish","format-standard","hentry","category-berichte-2008","tag-10km","tag-5km","tag-barfusspark","tag-hagen-atw","tag-jahrestreffen","tag-kletterwald","tag-lienen","tag-nachtwaechtertour","tag-volkslauf"],"_links":{"self":[{"href":"https:\/\/arnwiesen.net\/wpt\/wp-json\/wp\/v2\/posts\/2994","targetHints":{"allow":["GET"]}}],"collection":[{"href":"https:\/\/arnwiesen.net\/wpt\/wp-json\/wp\/v2\/posts"}],"about":[{"href":"https:\/\/arnwiesen.net\/wpt\/wp-json\/wp\/v2\/types\/post"}],"author":[{"embeddable":true,"href":"https:\/\/arnwiesen.net\/wpt\/wp-json\/wp\/v2\/users\/5"}],"replies":[{"embeddable":true,"href":"https:\/\/arnwiesen.net\/wpt\/wp-json\/wp\/v2\/comments?post=2994"}],"version-history":[{"count":3,"href":"https:\/\/arnwiesen.net\/wpt\/wp-json\/wp\/v2\/posts\/2994\/revisions"}],"predecessor-version":[{"id":3711,"href":"https:\/\/arnwiesen.net\/wpt\/wp-json\/wp\/v2\/posts\/2994\/revisions\/3711"}],"wp:attachment":[{"href":"https:\/\/arnwiesen.net\/wpt\/wp-json\/wp\/v2\/media?parent=2994"}],"wp:term":[{"taxonomy":"category","embeddable":true,"href":"https:\/\/arnwiesen.net\/wpt\/wp-json\/wp\/v2\/categories?post=2994"},{"taxonomy":"post_tag","embeddable":true,"href":"https:\/\/arnwiesen.net\/wpt\/wp-json\/wp\/v2\/tags?post=2994"}],"curies":[{"name":"wp","href":"https:\/\/api.w.org\/{rel}","templated":true}]}}