{"id":2992,"date":"2008-08-16T22:57:00","date_gmt":"2008-08-16T20:57:00","guid":{"rendered":"https:\/\/arnwiesen.net\/wpt\/?p=2992"},"modified":"2022-07-12T12:06:35","modified_gmt":"2022-07-12T10:06:35","slug":"alpen-radtour-julierpass-inntal-16-23-august-2008","status":"publish","type":"post","link":"https:\/\/arnwiesen.net\/wpt\/2008\/alpen-radtour-julierpass-inntal-16-23-august-2008\/","title":{"rendered":"R(h)ein In(n)&#8217;s Vergn\u00fcgen &#8211; 2008"},"content":{"rendered":"\n<p><strong>Alpen-Radtour Julierpa\u00df \/ Inntal 16. &#8211; 23. August 2008<\/strong><\/p>\n\n\n\n<p><strong>Lindau &#8211; Chur &#8211; Bivio (Julierpa\u00df) &#8211; Scuol &#8211; Telfs &#8211; Angath &#8211; Wasserburg &#8211; Burghausen<\/strong><\/p>\n\n\n\n<p>Selbstverst\u00e4ndlich gab es auch im Jahr 2008 wieder eine Alpen-Radtour einschlie\u00dflich Pa\u00df\u00fcberquerung. Diesmal wurde der&nbsp;<strong>Julierpa\u00df (2284m H\u00f6he)<\/strong>&nbsp;von Cossi, Ludwig, Ludger, Andreas, Atze und Frank bezwungen. Anschlie\u00dfend sind wir den Inntal-Radweg entlang gefahren, wobei es aber keineswegs nur bergab ging. (siehe H\u00f6henprofil)<\/p>\n\n\n<div class=\"wp-block-image\">\n<figure class=\"aligncenter\"><img decoding=\"async\" src=\"https:\/\/arnwiesen.net\/wpt\/wp-content\/uploads\/2008\/r00_profil_2008.jpg\" alt=\"Image\" title=\"Image\"\/><figcaption>H\u00f6henprofil<\/figcaption><\/figure>\n<\/div>\n\n\n<!--more-->\n\n\n\n<p>Atze und Frank haben nach dem Julierpa\u00df noch am gleichen Tag 2 kleinere Anstiege (je reichlich 200 H\u00f6henmeter) im Unterengadin erklommen, um die sch\u00f6nen Aussichten von den Bergd\u00f6rfern zu genie\u00dfen.<\/p>\n\n\n<div class=\"wp-block-image\">\n<figure class=\"aligncenter\"><img decoding=\"async\" src=\"https:\/\/arnwiesen.net\/wpt\/wp-content\/uploads\/2008\/r01.jpg\" alt=\"Image\" title=\"Image\"\/><\/figure>\n<\/div>\n\n\n<p>Wir sind wieder in Lindau am Bodensee gestartet, haben uns die Seeb\u00fchne in Bregenz angesehen und fahren nun immer am Rhein entlang. Nach nur wenigen Kilometern hat Ludwig seine erste Panne. Es ist noch nicht&nbsp;Ludwig&#8217;s letzte Panne auf dieser Tour.<\/p>\n\n\n<div class=\"wp-block-image\">\n<figure class=\"aligncenter\"><img decoding=\"async\" src=\"https:\/\/arnwiesen.net\/wpt\/wp-content\/uploads\/2008\/r02.jpg\" alt=\"Image\" title=\"Image\"\/><\/figure>\n<\/div>\n\n\n<p>Heute fahren wir mit dem Fahrrad&nbsp;an 1 Tag durch 4 L\u00e4nder:<br>Deutschland, \u00d6sterreich, Liechtenstein und Schweiz. In Vaduz gibt es Mittagessen.<\/p>\n\n\n<div class=\"wp-block-image\">\n<figure class=\"aligncenter\"><img decoding=\"async\" src=\"https:\/\/arnwiesen.net\/wpt\/wp-content\/uploads\/2008\/r03.jpg\" alt=\"Image\" title=\"Image\"\/><\/figure>\n<\/div>\n\n\n<p>Und weiter geht es immer am Rhein entlang bis nach Chur. Das sind ca. 110 km in der Ebene ohne Anstiege.<\/p>\n\n\n<div class=\"wp-block-image\">\n<figure class=\"aligncenter\"><img decoding=\"async\" src=\"https:\/\/arnwiesen.net\/wpt\/wp-content\/uploads\/2008\/r04.jpg\" alt=\"Image\" title=\"Image\"\/><\/figure>\n<\/div>\n\n\n<p>Der 2.Tag war der mit den meisten H\u00f6henmetern. An dieser Eisenbahnbr\u00fccke haben wir fast 900m H\u00f6he erklommen, danach geht es wieder bergab bis Tiefencastel, ehe der eigentliche Anstieg zum Julierpa\u00df beginnt.<\/p>\n\n\n<div class=\"wp-block-image\">\n<figure class=\"aligncenter\"><img decoding=\"async\" src=\"https:\/\/arnwiesen.net\/wpt\/wp-content\/uploads\/2008\/r05.jpg\" alt=\"Image\" title=\"Image\"\/><\/figure>\n<\/div>\n\n\n<p>Hier stehen wir schon ziemlich ersch\u00f6pft auf der Staumauer des &#8222;Lai da Marmorera&#8220;. Es sind nur noch wenige km bis Bivio, unser heutiges Tagesziel kurz vor dem Julierpa\u00df.&nbsp;<\/p>\n\n\n<div class=\"wp-block-image\">\n<figure class=\"aligncenter\"><img decoding=\"async\" src=\"https:\/\/arnwiesen.net\/wpt\/wp-content\/uploads\/2008\/r06.jpg\" alt=\"Image\" title=\"Image\"\/><\/figure>\n<\/div>\n\n\n<p>Am Morgen des 3.Tages fahren wir bei sch\u00f6nstem Wetter die Serpentinen zum Pa\u00df hinauf. Der Julierpa\u00df&nbsp;ist mit 2284m H\u00f6he der bisher h\u00f6chste Alpempa\u00df, den wir mit Treckingrad und Gep\u00e4ck erklommen haben.<\/p>\n\n\n<div class=\"wp-block-image\">\n<figure class=\"aligncenter\"><img decoding=\"async\" src=\"https:\/\/arnwiesen.net\/wpt\/wp-content\/uploads\/2008\/r07.jpg\" alt=\"Image\" title=\"Image\"\/><\/figure>\n<\/div>\n\n\n<p>Nach dem Julierpa\u00df&nbsp;kommt der landschaftlich sch\u00f6nste Teil der Radtour. Hier auf der Hochebene mit 1800m H\u00f6he gibt es 2 gro\u00dfe Seen und der Inn ist noch ein recht kleiner schmaler Flu\u00df.<\/p>\n\n\n<div class=\"wp-block-image\">\n<figure class=\"aligncenter\"><img decoding=\"async\" src=\"https:\/\/arnwiesen.net\/wpt\/wp-content\/uploads\/2008\/r08.jpg\" alt=\"Image\" title=\"Image\"\/><\/figure>\n<\/div>\n\n\n<p>St. Moritz liegt auf dieser Hochebene an einem der beiden gro\u00dfen Seen, eingerahmt von einigen 3000-er Bergen, wie dem Corvatsch.<\/p>\n\n\n<div class=\"wp-block-image\">\n<figure class=\"aligncenter\"><img decoding=\"async\" src=\"https:\/\/arnwiesen.net\/wpt\/wp-content\/uploads\/2008\/r09.jpg\" alt=\"Image\" title=\"Image\"\/><\/figure>\n<\/div>\n\n\n<p>Wir radeln durch&nbsp;herrliche Landschaften im&nbsp;Oberengadin. Mal gibt es sch\u00f6ne, ebene,&nbsp;gem\u00fctliche, geteerte Radwege &#8230;<\/p>\n\n\n<div class=\"wp-block-image\">\n<figure class=\"aligncenter\"><img decoding=\"async\" src=\"https:\/\/arnwiesen.net\/wpt\/wp-content\/uploads\/2008\/r10.jpg\" alt=\"Image\" title=\"Image\"\/><\/figure>\n<\/div>\n\n\n<p>&#8230; und manchmal geht es \u00fcber geschotterte Waldwege auf und ab.<\/p>\n\n\n<div class=\"wp-block-image\">\n<figure class=\"aligncenter\"><img decoding=\"async\" src=\"https:\/\/arnwiesen.net\/wpt\/wp-content\/uploads\/2008\/r11.jpg\" alt=\"Image\" title=\"Image\"\/><\/figure>\n<\/div>\n\n\n<p>An diesem Nachmittag hatte sich unsere Gruppe geteilt. Atze und Frank sind der Ausschilderung des&nbsp;Inntal-Radweges gefolgt und mu\u00dften nochmals 2 Anstiege um reichlich 200m in Kauf nehmen. Die anderen 4 sind ab Zermez auf der Bundesstra\u00dfe&nbsp;nach Scuol gefahren.<\/p>\n\n\n<div class=\"wp-block-image\">\n<figure class=\"aligncenter\"><img decoding=\"async\" src=\"https:\/\/arnwiesen.net\/wpt\/wp-content\/uploads\/2008\/r12.jpg\" alt=\"Image\" title=\"Image\"\/><\/figure>\n<\/div>\n\n\n<p>Fr\u00fch hatten wir den Pa\u00df und nachmittags nochmals 2 Anstiege durch die gl\u00fchende Sonne. Wir kamen ganz sch\u00f6n ins Schwitzen.<\/p>\n\n\n<div class=\"wp-block-image\">\n<figure class=\"aligncenter\"><img decoding=\"async\" src=\"https:\/\/arnwiesen.net\/wpt\/wp-content\/uploads\/2008\/r13.jpg\" alt=\"Image\" title=\"Image\"\/><\/figure>\n<\/div>\n\n\n<p>Daf\u00fcr wurden wir aber auch mit wundersch\u00f6nen Aussichten belohnt.<br>Abends waren wir noch in Scuol im Thermalbad.<\/p>\n\n\n<div class=\"wp-block-image\">\n<figure class=\"aligncenter\"><img decoding=\"async\" src=\"https:\/\/arnwiesen.net\/wpt\/wp-content\/uploads\/2008\/r14.jpg\" alt=\"Image\" title=\"Image\"\/><\/figure>\n<\/div>\n\n\n<p>Am 5. Tag hatten wir m\u00e4chtigen Gegenwind.<br>Hier in Rattenberg haben wir dann Kaffee getrunken.<\/p>\n\n\n<div class=\"wp-block-image\">\n<figure class=\"aligncenter\"><img decoding=\"async\" src=\"https:\/\/arnwiesen.net\/wpt\/wp-content\/uploads\/2008\/r15.jpg\" alt=\"Image\" title=\"Image\"\/><\/figure>\n<\/div>\n\n\n<p>Wenn wir durch das Inntal radeln, m\u00fcssen wir nat\u00fcrlich auch bei Marianne \u00fcbernachten. Atze und Frank haben schon viele Ski-Urlaube bei Marianne verbracht.<\/p>\n\n\n<div class=\"wp-block-image\">\n<figure class=\"aligncenter\"><img decoding=\"async\" src=\"https:\/\/arnwiesen.net\/wpt\/wp-content\/uploads\/2008\/r16.jpg\" alt=\"Image\" title=\"Image\"\/><\/figure>\n<\/div>\n\n\n<p>Wer 7 Tage lang&nbsp;von fr\u00fch bis abends radelt, mu\u00df auch viel Essen.<\/p>\n\n\n<div class=\"wp-block-image\">\n<figure class=\"aligncenter\"><img decoding=\"async\" src=\"https:\/\/arnwiesen.net\/wpt\/wp-content\/uploads\/2008\/r17.jpg\" alt=\"Image\" title=\"Image\"\/><\/figure>\n<\/div>\n\n\n<p>Kurz vor Rosenheim zeigt dieser Wegweiser an, da\u00df man schon \u00fcber die H\u00e4lfte des Inntal-Radweges geschafft hat. Heute ist unser letzter gemeinsamer Tag. Morgen fr\u00fch in Wasserburg wird sich die Westgruppe von der Ostgruppe trennen. Die Westgruppe f\u00e4hrt nach Kempten zum dort stationierten Transporter. Die Ostgruppe wollte noch den Inntal-Radweg bis Passau weiterfahren.<\/p>\n\n\n<div class=\"wp-block-image\">\n<figure class=\"aligncenter\"><img decoding=\"async\" src=\"https:\/\/arnwiesen.net\/wpt\/wp-content\/uploads\/2008\/r18.jpg\" alt=\"Image\" title=\"Image\"\/><\/figure>\n<\/div>\n\n\n<p>Wegen drohendem schlechten Wetter und weil Andreas kommende Woche auf Dienstreise fahren mu\u00df, haben wir unsere geplante Tour um 1 Tag verk\u00fcrzt, sind nicht bis Passau gefahren, sondern haben schon&nbsp;in Burghausen nach ca. 690 km aufgeh\u00f6rt.<\/p>\n\n\n\n<p>Es hat alles wunderbar geklappt. Das Wetter war uns wohlgesonnen. Wir sind beim Radfahren auf dieser Tour nie na\u00df geworden. Auch die n\u00e4chste Tour 2009 ist schon wieder in Planung. Vielleicht wird&#8217;s die &#8222;Gotthard-Revival-Tour&#8220; ?<\/p>\n\n\n\n<p>Wesentlich mehr Fotos, auch in besserer Aufl\u00f6sung, kann man sehen<br>&#8211; auf Atze&#8217;s HomePage:&nbsp; &nbsp;<a href=\"http:\/\/jetzweb.de\/uucms\" target=\"_blank\" rel=\"noreferrer noopener\">http:\/\/jetzweb.de\/uucms<\/a><br>&#8211; auf&nbsp;Frank&#8217;s HomePage:&nbsp;&nbsp;<a href=\"http:\/\/franklehmann.dyndns.eu\/index.php?folder=\/2008\/08_Inntalradtour\/\" target=\"_blank\" rel=\"noreferrer noopener\">http:\/\/franklehmann.dyndns.eu\/index.php?folder=\/2008\/08_Inntalradtour\/<\/a><\/p>\n","protected":false},"excerpt":{"rendered":"<p>Alpen-Radtour Julierpa\u00df \/ Inntal 16. &#8211; 23. August 2008 Lindau &#8211; Chur &#8211; Bivio (Julierpa\u00df) &#8211; Scuol &#8211; Telfs &#8211; Angath &#8211; Wasserburg &#8211; Burghausen Selbstverst\u00e4ndlich gab es auch im Jahr 2008 wieder eine Alpen-Radtour einschlie\u00dflich Pa\u00df\u00fcberquerung. Diesmal wurde der&nbsp;Julierpa\u00df (2284m H\u00f6he)&nbsp;von Cossi, Ludwig, Ludger, Andreas, Atze und Frank bezwungen. Anschlie\u00dfend sind wir den Inntal-Radweg &hellip; <a href=\"https:\/\/arnwiesen.net\/wpt\/2008\/alpen-radtour-julierpass-inntal-16-23-august-2008\/\" class=\"more-link\"><span class=\"screen-reader-text\">\u201eR(h)ein In(n)&#8217;s Vergn\u00fcgen &#8211; 2008\u201c<\/span> weiterlesen<\/a><\/p>\n","protected":false},"author":6,"featured_media":0,"comment_status":"closed","ping_status":"open","sticky":false,"template":"","format":"standard","meta":{"footnotes":""},"categories":[13],"tags":[32,103,73,101,102,104,31,76],"class_list":["post-2992","post","type-post","status-publish","format-standard","hentry","category-berichte-2008","tag-alpen","tag-bodensee","tag-inntal","tag-julierpass","tag-lindau","tag-passau","tag-radtour","tag-rheintal"],"_links":{"self":[{"href":"https:\/\/arnwiesen.net\/wpt\/wp-json\/wp\/v2\/posts\/2992","targetHints":{"allow":["GET"]}}],"collection":[{"href":"https:\/\/arnwiesen.net\/wpt\/wp-json\/wp\/v2\/posts"}],"about":[{"href":"https:\/\/arnwiesen.net\/wpt\/wp-json\/wp\/v2\/types\/post"}],"author":[{"embeddable":true,"href":"https:\/\/arnwiesen.net\/wpt\/wp-json\/wp\/v2\/users\/6"}],"replies":[{"embeddable":true,"href":"https:\/\/arnwiesen.net\/wpt\/wp-json\/wp\/v2\/comments?post=2992"}],"version-history":[{"count":3,"href":"https:\/\/arnwiesen.net\/wpt\/wp-json\/wp\/v2\/posts\/2992\/revisions"}],"predecessor-version":[{"id":3387,"href":"https:\/\/arnwiesen.net\/wpt\/wp-json\/wp\/v2\/posts\/2992\/revisions\/3387"}],"wp:attachment":[{"href":"https:\/\/arnwiesen.net\/wpt\/wp-json\/wp\/v2\/media?parent=2992"}],"wp:term":[{"taxonomy":"category","embeddable":true,"href":"https:\/\/arnwiesen.net\/wpt\/wp-json\/wp\/v2\/categories?post=2992"},{"taxonomy":"post_tag","embeddable":true,"href":"https:\/\/arnwiesen.net\/wpt\/wp-json\/wp\/v2\/tags?post=2992"}],"curies":[{"name":"wp","href":"https:\/\/api.w.org\/{rel}","templated":true}]}}