{"id":2985,"date":"2008-08-31T22:47:00","date_gmt":"2008-08-31T20:47:00","guid":{"rendered":"https:\/\/arnwiesen.net\/wpt\/?p=2985"},"modified":"2022-07-14T21:04:41","modified_gmt":"2022-07-14T19:04:41","slug":"nordseeman-2008","status":"publish","type":"post","link":"https:\/\/arnwiesen.net\/wpt\/2008\/nordseeman-2008\/","title":{"rendered":"NordseeMan &#8211; 2008"},"content":{"rendered":"\n<p><strong>Statt Hawaii und Pacific &#8211; Nordsee bei 18\u00b0<\/strong><\/p>\n\n\n\n<p>Inka und Ulli starteten beim 3. NordseeMan in Wilhelmshaven und erwiesen sich als echte Nordlichter des TCKJ.<\/p>\n\n\n<div class=\"wp-block-image\">\n<figure class=\"aligncenter size-full\"><img loading=\"lazy\" decoding=\"async\" width=\"480\" height=\"360\" src=\"https:\/\/arnwiesen.net\/wpt\/wp-content\/uploads\/2008\/nordseeman_inka-026kl1.jpg\" alt=\"\" class=\"wp-image-1435\" srcset=\"https:\/\/arnwiesen.net\/wpt\/wp-content\/uploads\/2008\/nordseeman_inka-026kl1.jpg 480w, https:\/\/arnwiesen.net\/wpt\/wp-content\/uploads\/2008\/nordseeman_inka-026kl1-300x225.jpg 300w\" sizes=\"auto, (max-width: 480px) 85vw, 480px\" \/><figcaption>NordseeWoman und NordseeMan<\/figcaption><\/figure>\n<\/div>\n\n\n<p>Schon der Sprung \u00fcber die Hafenmohle (eine Badeleiter gab es nicht) zeigte wo es hier lang geht. Leicht salzig und mit 18\u00b0 gut gek\u00fchlt war die Schwimmstrecke bei sonst angenehmen \u00e4\u00fc\u00dferen Bedinungen sehr einladend. Vor dem Start stimmten sich die Schwimmer noch mit norddeutschem Liedgut &#8222;An der Nordseek\u00fcste &#8230;&#8220; auf die bevorstehende Schwimmstrecke ein.<\/p>\n\n\n\n<!--more-->\n\n\n\n<p>Die Radstrecke war norddeutsch flach, schnell und relativ windgesch\u00fctzt. Die Laufstrecke entlang der Seepromenade war optisch sehr abwechslungsreich.<\/p>\n\n\n\n<hr class=\"wp-block-separator has-alpha-channel-opacity\"\/>\n\n\n\n<p>Bericht von Inka<\/p>\n\n\n\n<p>Als Abschlu\u00df meiner Triathlonsaison stand der NordseeMan an, also ging es wieder dorthin wo es 2006 f\u00fcr mich begann. Damals war es auch mein erster Triathlon und der erste NordseeMan. Die Veranstaltung hatte sich ganz sch\u00f6n gemausert, mit ca. 900 Teilnehmern verteilt auf mehrere Wettk\u00e4mpfe an zwei Tagen.<\/p>\n\n\n\n<p>Am Samstag machte die Kurzdistanz und der JuniorMan den Auftakt. bei bestem Wetter schaute ich am Samstag bei der Kurzdistanz zu. Zwei Bekannte von mir starteten dort zum ersten Mal auf dieser Distanz und ich kann es schon verraten, sie finishten mit hervorragenden Ergebnissen! Bravo Thomas und Sabine! Als die Athleten ins Wasser gingen und das Wasser sch\u00e4umte, ja da bekam man schon Lust mitzumachen!<\/p>\n\n\n\n<p>Motiviert und bester Dinge packte ich abends dann meine Sachen, schnell noch Luft auf die Reifen und dann passierte es das Ventil am Hinterrad fiel einfach auseinander, au weia! Ein Telefonat mit meinem Bruder best\u00e4tigte mir was ich schon bef\u00fcrchtet hatte, das sicherste war es den Schlauch zu wechseln. Und was soll ich sagen, war gar nicht so schlimm, nach zehn Minuten war alles wieder klar, die G\u00e4nge gingen immer noch und die Bremse auch. Puh, noch mal gut gegangen.<\/p>\n\n\n\n<p>Morgens ging es dann mit meinem Coach Matze los, f\u00fcr beste Betreuung war also gesorgt. Im Gegensatz zum ersten NordseeMan war die Wechselzone nun hinterm Oceanis gelegt und die Schwimmstrecke ging nun auch von der Kaiser Wilhelm Br\u00fccke Richtung Oceanis. Somit sind die Ergebnisse aus 2006 leider nicht vergleichbar mit denen von diesem Jahr, die Wege zur Wechselzone waren nun etwas weiter.<\/p>\n\n\n\n<p>Vor dem Volkstriathlon waren die Triathleten der Mittelstrecke schon gestartet. Sch\u00e4tzungsweise 120 Athleten starten im Hafenbecken von Wilhelmshaven den Volkstriathlon, wir hatten etwas Wind und schwammen mit der Str\u00f6mung. Vorm Start schmetterten wir auf Anregung eines Ordners, der anscheinend zu lange in der Sonne gestanden hatte, noch ein &#8222;an der Nordseek\u00fcste&#8220; und dann ging es los.<\/p>\n\n\n\n<p>Uli hatte sich neben mich positioniert, ein gutes Gef\u00fchl ein bekanntes Gesicht neben sich zu haben! Das \u00fcbliche Hauen und Stechen beim Schwimmstart fiel hier weg, da es sich schnell entspannte und ich eine gute Position fand. Die Quallen fand ich dieses Mal nicht mehr so eklig sondern eher interessant. Nach zehn Minuten war ich bei der Ausstiegtreppe angelangt und war froh \u00fcber die helfenden H\u00e4nde dort.<\/p>\n\n\n<div class=\"wp-block-image\">\n<figure class=\"aligncenter size-full\"><img loading=\"lazy\" decoding=\"async\" width=\"480\" height=\"360\" src=\"https:\/\/arnwiesen.net\/wpt\/wp-content\/uploads\/2008\/nordseeman_inka-010.jpg\" alt=\"\" class=\"wp-image-1434\" srcset=\"https:\/\/arnwiesen.net\/wpt\/wp-content\/uploads\/2008\/nordseeman_inka-010.jpg 480w, https:\/\/arnwiesen.net\/wpt\/wp-content\/uploads\/2008\/nordseeman_inka-010-300x225.jpg 300w\" sizes=\"auto, (max-width: 480px) 85vw, 480px\" \/><figcaption>leicht salzig und viel Platz<\/figcaption><\/figure>\n<\/div>\n\n\n<p>Der Wechsel zum Rad war f\u00fcr meine Begriffe recht flott, den ich verzichtete diesmal darauf mir die Nase zu putzen und den Neo ordentlich wegzulegen. Die Radstrecke dort ist recht flach, an einigen Stellen etwas windanf\u00e4llig mit Wendepunkt. Und zum erstmal \u00fcberhole auch ich einige Teilnehmer und ich mu\u00df gestehen, das es auch ein gutes Gef\u00fchl ist \ud83d\ude09 Mit einem Schnitt von 30,8 km bew\u00e4ltigte ich die Strecke, unterwegs sah ich auch wieder Uli. Mittlerweile brannte die Sonne heftig, sch\u00f6n f\u00fcr die Zuschauer, schlecht f\u00fcr mich.<\/p>\n\n\n\n<p>Die Laufstrecke am S\u00fcdstranddeich an der Wasserseite entlang ist wirklich sch\u00f6n, bei der Hitze hatte ich jedoch ganz sch\u00f6n zu k\u00e4mpfen und mir ging es immer wieder durch den Kopf wie sch\u00f6n es doch w\u00e4re einfach ins Meer zu h\u00fcpfen! Jedoch sah ich dann wieder Uli unterwegs, Freunde und Bekannte halfen dann mit Zurufen die letzten Kilometer zu bew\u00e4ltigen und \u00fcberaus gl\u00fccklich kam ich nach 1:19 Stunde im Ziel an. Am Ende wurden Thomas und ich noch von Radio Jadewelle interviewt!<\/p>\n\n\n\n<p>Der NordseeMan ist top organisiert, keine Schlangen bei der Abholung der Startunterlagen, alles klar und deutlich ausgeschildert, viele freundliche und hilfsbereite Helferchen vor Ort. Die Laufstrecke ist ein Augenschmaus! Eine Veranstaltung die ich nur weiterempfehlen kann. Und dann noch die h\u00fcbschen Finisher Shirts mit einer extra Variante f\u00fcr Frauen, mit einem Frauenschnitt und in rosa.<\/p>\n\n\n\n<p>Selbstverst\u00e4ndlich hatte ich das Shirt heute im Meeting im B\u00fcro an und die Startnummer auf der Handfl\u00e4che war nat\u00fcrlich auch noch zu erkennen;) Ein wenig stolz ist man dann ja schon.<\/p>\n\n\n\n<hr class=\"wp-block-separator has-alpha-channel-opacity\"\/>\n\n\n\n<p><strong>3. Nordseeman Wilhelmshaven &#8211; 31. August 2008<\/strong><\/p>\n\n\n\n<p><strong>500 m &#8211; 16,3 km &#8211; 5000 m&nbsp;<\/strong><\/p>\n\n\n\n<figure class=\"wp-block-table\"><table><tbody><tr><td>&nbsp;Starter<\/td><td>Platz<\/td><td>AK<\/td><td>Schwimmen<\/td><td>Rad&nbsp;<\/td><td>Laufen<\/td><td>gesamz<\/td><\/tr><tr><td>&nbsp;Inka<\/td><td>11<\/td><td>4.<\/td><td>0:10:09<\/td><td>0:40:27<\/td><td>0:29:05<\/td><td>1:19:43<\/td><\/tr><tr><td>&nbsp;Ulli J<\/td><td>84<\/td><td>2.<\/td><td>0:11:27<\/td><td>0:43:38<\/td><td>0:35:01<\/td><td>1:30:07<\/td><\/tr><\/tbody><\/table><\/figure>\n\n\n\n<p>W\u00e4hrend sich Inka und Ulli durch die Nordseewellen k\u00e4mpften, badeten zeitgleich Cossi &amp; Co im Torfmoorsee.<\/p>\n\n\n\n<p><strong>26. Riesenbeck Triathlon &#8211; 31. August 2008<\/strong><\/p>\n\n\n\n<p><strong>700 m &#8211; 33 km &#8211; 10.000 m&nbsp;<\/strong><\/p>\n\n\n\n<figure class=\"wp-block-table\"><table><tbody><tr><td>&nbsp;Starter<\/td><td>Platz<\/td><td>AK<\/td><td>Schwimmen<\/td><td>Rad&nbsp;<\/td><td>Laufen<\/td><td>gesamz<\/td><\/tr><tr><td>&nbsp;Andrea<\/td><td>200<\/td><td>2.<\/td><td>0:13:55<\/td><td>1:06:46<\/td><td>0:50:30<\/td><td>2:11:11<\/td><\/tr><tr><td>&nbsp;Burghard<\/td><td>219<\/td><td>67.<\/td><td>0:13:03<\/td><td>1:07:44<\/td><td>0:52:16<\/td><td>2:13:03<\/td><\/tr><tr><td>&nbsp;Cossi<\/td><td>279<\/td><td>26.<\/td><td>0:15:17<\/td><td>1:08:54<\/td><td>1:00:08<\/td><td>2:24:19<\/td><\/tr><\/tbody><\/table><\/figure>\n","protected":false},"excerpt":{"rendered":"<p>Statt Hawaii und Pacific &#8211; Nordsee bei 18\u00b0 Inka und Ulli starteten beim 3. NordseeMan in Wilhelmshaven und erwiesen sich als echte Nordlichter des TCKJ. Schon der Sprung \u00fcber die Hafenmohle (eine Badeleiter gab es nicht) zeigte wo es hier lang geht. Leicht salzig und mit 18\u00b0 gut gek\u00fchlt war die Schwimmstrecke bei sonst angenehmen &hellip; <a href=\"https:\/\/arnwiesen.net\/wpt\/2008\/nordseeman-2008\/\" class=\"more-link\"><span class=\"screen-reader-text\">\u201eNordseeMan &#8211; 2008\u201c<\/span> weiterlesen<\/a><\/p>\n","protected":false},"author":1,"featured_media":0,"comment_status":"closed","ping_status":"open","sticky":false,"template":"","format":"standard","meta":{"footnotes":""},"categories":[13],"tags":[198,249,240,136,141,248],"class_list":["post-2985","post","type-post","status-publish","format-standard","hentry","category-berichte-2008","tag-kurztriathlon","tag-nordsee","tag-riesenbeck","tag-triathlon","tag-volkstriathlon","tag-wilhelmshaven"],"_links":{"self":[{"href":"https:\/\/arnwiesen.net\/wpt\/wp-json\/wp\/v2\/posts\/2985","targetHints":{"allow":["GET"]}}],"collection":[{"href":"https:\/\/arnwiesen.net\/wpt\/wp-json\/wp\/v2\/posts"}],"about":[{"href":"https:\/\/arnwiesen.net\/wpt\/wp-json\/wp\/v2\/types\/post"}],"author":[{"embeddable":true,"href":"https:\/\/arnwiesen.net\/wpt\/wp-json\/wp\/v2\/users\/1"}],"replies":[{"embeddable":true,"href":"https:\/\/arnwiesen.net\/wpt\/wp-json\/wp\/v2\/comments?post=2985"}],"version-history":[{"count":4,"href":"https:\/\/arnwiesen.net\/wpt\/wp-json\/wp\/v2\/posts\/2985\/revisions"}],"predecessor-version":[{"id":3789,"href":"https:\/\/arnwiesen.net\/wpt\/wp-json\/wp\/v2\/posts\/2985\/revisions\/3789"}],"wp:attachment":[{"href":"https:\/\/arnwiesen.net\/wpt\/wp-json\/wp\/v2\/media?parent=2985"}],"wp:term":[{"taxonomy":"category","embeddable":true,"href":"https:\/\/arnwiesen.net\/wpt\/wp-json\/wp\/v2\/categories?post=2985"},{"taxonomy":"post_tag","embeddable":true,"href":"https:\/\/arnwiesen.net\/wpt\/wp-json\/wp\/v2\/tags?post=2985"}],"curies":[{"name":"wp","href":"https:\/\/api.w.org\/{rel}","templated":true}]}}