{"id":2983,"date":"2008-08-10T22:46:00","date_gmt":"2008-08-10T20:46:00","guid":{"rendered":"https:\/\/arnwiesen.net\/wpt\/?p=2983"},"modified":"2022-07-11T15:39:34","modified_gmt":"2022-07-11T13:39:34","slug":"13-triathlon-rund-um-die-thuelsfelder-talsperre","status":"publish","type":"post","link":"https:\/\/arnwiesen.net\/wpt\/2008\/13-triathlon-rund-um-die-thuelsfelder-talsperre\/","title":{"rendered":"13. Triathlon &#8222;Rund um die Th\u00fclsfelder Talsperre&#8220;"},"content":{"rendered":"\n<p><strong>Regentriathlon &#8222;Rund um die Talsperre&#8220;<\/strong><\/p>\n\n\n\n<p>Mit 6 Startern waren wir gut vertreten. Ludwig musste gesundheitsbedingt absagen und J\u00f6rg konnte sich mental, trotz des leckeren H\u00fchnerfrikasse bei Ulli am Vorabend, nicht auf das prognostizierte Schlechtwetter einstellen und blieb zu Hause.<\/p>\n\n\n<div class=\"wp-block-image\">\n<figure class=\"aligncenter size-full\"><img loading=\"lazy\" decoding=\"async\" width=\"480\" height=\"360\" src=\"https:\/\/arnwiesen.net\/wpt\/wp-content\/uploads\/2008\/100_1806.jpg\" alt=\"\" class=\"wp-image-1501\" srcset=\"https:\/\/arnwiesen.net\/wpt\/wp-content\/uploads\/2008\/100_1806.jpg 480w, https:\/\/arnwiesen.net\/wpt\/wp-content\/uploads\/2008\/100_1806-300x225.jpg 300w\" sizes=\"auto, (max-width: 480px) 85vw, 480px\" \/><\/figure>\n<\/div>\n\n\n<p>Schwimmen vor und nach dem Radfahren &#8211; Triathlon bei Regen<\/p>\n\n\n<div class=\"wp-block-image\">\n<figure class=\"aligncenter size-full\"><img loading=\"lazy\" decoding=\"async\" width=\"480\" height=\"360\" src=\"https:\/\/arnwiesen.net\/wpt\/wp-content\/uploads\/2008\/100_1822.jpg\" alt=\"\" class=\"wp-image-1502\" srcset=\"https:\/\/arnwiesen.net\/wpt\/wp-content\/uploads\/2008\/100_1822.jpg 480w, https:\/\/arnwiesen.net\/wpt\/wp-content\/uploads\/2008\/100_1822-300x225.jpg 300w\" sizes=\"auto, (max-width: 480px) 85vw, 480px\" \/><\/figure>\n<\/div>\n\n\n<!--more-->\n\n\n\n<p>Daf\u00fcr hatten wir mit Klaus einen neuen Starter f\u00fcr den TC-K\u00f6ln-Jena gewonnen. Ein Arbeitskollege von Ulli und wie gewohnt, bei allen Neuen, die Ulli ins Wasser schickt, war auch er besser als der Motivator selbst.<\/p>\n\n\n\n<p>Ulli ist also weiterhin auf der Suche nach zu schlagenden TCKJ-ler.\u00a0<\/p>\n\n\n\n<p>p.s. Bei Inka macht sich das Schwimmtraining bemerkbar. Sie war die Schnellste ihrer Altersklasse.<\/p>\n\n\n<div class=\"wp-block-image\">\n<figure class=\"aligncenter size-full\"><img loading=\"lazy\" decoding=\"async\" width=\"480\" height=\"360\" src=\"https:\/\/arnwiesen.net\/wpt\/wp-content\/uploads\/2008\/ThuelsTri08-006.jpg\" alt=\"\" class=\"wp-image-1482\" srcset=\"https:\/\/arnwiesen.net\/wpt\/wp-content\/uploads\/2008\/ThuelsTri08-006.jpg 480w, https:\/\/arnwiesen.net\/wpt\/wp-content\/uploads\/2008\/ThuelsTri08-006-300x225.jpg 300w\" sizes=\"auto, (max-width: 480px) 85vw, 480px\" \/><figcaption>Ulli und Inka<\/figcaption><\/figure>\n<\/div>\n\n<div class=\"wp-block-image\">\n<figure class=\"aligncenter size-full\"><img loading=\"lazy\" decoding=\"async\" width=\"480\" height=\"360\" src=\"https:\/\/arnwiesen.net\/wpt\/wp-content\/uploads\/2008\/100_1825.jpg\" alt=\"\" class=\"wp-image-1503\" srcset=\"https:\/\/arnwiesen.net\/wpt\/wp-content\/uploads\/2008\/100_1825.jpg 480w, https:\/\/arnwiesen.net\/wpt\/wp-content\/uploads\/2008\/100_1825-300x225.jpg 300w\" sizes=\"auto, (max-width: 480px) 85vw, 480px\" \/><\/figure>\n<\/div>\n\n\n<p>Klaus, Burghard, Cossi, Carsten und Ulli im Ziel &#8211; Inka fehlt auf dem Bild, sie muste ihren durchn\u00e4ssten Matthias ins Trockene bringen<\/p>\n\n\n<div class=\"wp-block-image\">\n<figure class=\"aligncenter size-full\"><img loading=\"lazy\" decoding=\"async\" width=\"480\" height=\"360\" src=\"https:\/\/arnwiesen.net\/wpt\/wp-content\/uploads\/2008\/100_1827.jpg\" alt=\"\" class=\"wp-image-1504\" srcset=\"https:\/\/arnwiesen.net\/wpt\/wp-content\/uploads\/2008\/100_1827.jpg 480w, https:\/\/arnwiesen.net\/wpt\/wp-content\/uploads\/2008\/100_1827-300x225.jpg 300w\" sizes=\"auto, (max-width: 480px) 85vw, 480px\" \/><figcaption>Klaus und Burkhard<\/figcaption><\/figure>\n<\/div>\n\n<div class=\"wp-block-image\">\n<figure class=\"aligncenter size-full\"><img loading=\"lazy\" decoding=\"async\" width=\"480\" height=\"360\" src=\"https:\/\/arnwiesen.net\/wpt\/wp-content\/uploads\/2008\/100_1828.jpg\" alt=\"\" class=\"wp-image-1505\" srcset=\"https:\/\/arnwiesen.net\/wpt\/wp-content\/uploads\/2008\/100_1828.jpg 480w, https:\/\/arnwiesen.net\/wpt\/wp-content\/uploads\/2008\/100_1828-300x225.jpg 300w\" sizes=\"auto, (max-width: 480px) 85vw, 480px\" \/><\/figure>\n<\/div>\n\n\n<p>Carsten und Ulli &#8211; noch viel Arbeit f\u00fcr Schwimmtrainerin Nicola<\/p>\n\n\n\n<p><strong>13. Triathlon &#8222;Rund um die Th\u00fclsfelder Talsperre&#8220; &#8211; 10. August 2008<\/strong><\/p>\n\n\n\n<p><strong>500 m &#8211; 20 km &#8211; 5000 m&nbsp;<\/strong><\/p>\n\n\n\n<figure class=\"wp-block-table\"><table><tbody><tr><td>&nbsp;Starter<\/td><td>Platz<\/td><td>AK<\/td><td>Schwimmen<\/td><td>Rad<\/td><td>Laufen<\/td><td>gesamt<\/td><\/tr><tr><td>&nbsp;Burghard<\/td><td>110<\/td><td>20<\/td><td>&#8212;<\/td><td>&#8212;<\/td><td>26:00<\/td><td>1:25:25<\/td><\/tr><tr><td>&nbsp;Carsten<\/td><td>132<\/td><td>22<\/td><td>14:38<\/td><td>44:48<\/td><td>27:21<\/td><td>1:26:47<\/td><\/tr><tr><td>&nbsp;Cossi<\/td><td>140<\/td><td>6<\/td><td>15:35<\/td><td>43:37<\/td><td>28:45<\/td><td>1:27:58<\/td><\/tr><tr><td>&nbsp;Inka<\/td><td>161<\/td><td>4<\/td><td>14:07<\/td><td>47:52<\/td><td>30:05<\/td><td>1:32:04<\/td><\/tr><tr><td>&nbsp;Klaus<\/td><td>&nbsp;173<\/td><td>&nbsp;37<\/td><td>&nbsp;15:03<\/td><td>&nbsp;49:55<\/td><td>&nbsp;32:56<\/td><td>&nbsp;1:37:55<\/td><\/tr><tr><td>&nbsp;Ulli J<\/td><td>174<\/td><td>8<\/td><td>15:36<\/td><td>49:53<\/td><td>33:04<\/td><td>1:38:33<\/td><\/tr><\/tbody><\/table><\/figure>\n","protected":false},"excerpt":{"rendered":"<p>Regentriathlon &#8222;Rund um die Talsperre&#8220; Mit 6 Startern waren wir gut vertreten. Ludwig musste gesundheitsbedingt absagen und J\u00f6rg konnte sich mental, trotz des leckeren H\u00fchnerfrikasse bei Ulli am Vorabend, nicht auf das prognostizierte Schlechtwetter einstellen und blieb zu Hause. Schwimmen vor und nach dem Radfahren &#8211; Triathlon bei Regen<\/p>\n","protected":false},"author":1,"featured_media":0,"comment_status":"closed","ping_status":"open","sticky":false,"template":"","format":"standard","meta":{"footnotes":""},"categories":[13],"tags":[225,136,141],"class_list":["post-2983","post","type-post","status-publish","format-standard","hentry","category-berichte-2008","tag-thuelsfelder-talsperre","tag-triathlon","tag-volkstriathlon"],"_links":{"self":[{"href":"https:\/\/arnwiesen.net\/wpt\/wp-json\/wp\/v2\/posts\/2983","targetHints":{"allow":["GET"]}}],"collection":[{"href":"https:\/\/arnwiesen.net\/wpt\/wp-json\/wp\/v2\/posts"}],"about":[{"href":"https:\/\/arnwiesen.net\/wpt\/wp-json\/wp\/v2\/types\/post"}],"author":[{"embeddable":true,"href":"https:\/\/arnwiesen.net\/wpt\/wp-json\/wp\/v2\/users\/1"}],"replies":[{"embeddable":true,"href":"https:\/\/arnwiesen.net\/wpt\/wp-json\/wp\/v2\/comments?post=2983"}],"version-history":[{"count":2,"href":"https:\/\/arnwiesen.net\/wpt\/wp-json\/wp\/v2\/posts\/2983\/revisions"}],"predecessor-version":[{"id":3719,"href":"https:\/\/arnwiesen.net\/wpt\/wp-json\/wp\/v2\/posts\/2983\/revisions\/3719"}],"wp:attachment":[{"href":"https:\/\/arnwiesen.net\/wpt\/wp-json\/wp\/v2\/media?parent=2983"}],"wp:term":[{"taxonomy":"category","embeddable":true,"href":"https:\/\/arnwiesen.net\/wpt\/wp-json\/wp\/v2\/categories?post=2983"},{"taxonomy":"post_tag","embeddable":true,"href":"https:\/\/arnwiesen.net\/wpt\/wp-json\/wp\/v2\/tags?post=2983"}],"curies":[{"name":"wp","href":"https:\/\/api.w.org\/{rel}","templated":true}]}}