{"id":2979,"date":"2008-06-28T22:45:00","date_gmt":"2008-06-28T20:45:00","guid":{"rendered":"https:\/\/arnwiesen.net\/wpt\/?p=2979"},"modified":"2023-07-02T12:27:13","modified_gmt":"2023-07-02T10:27:13","slug":"nordgruppe-trotzt-dem-sommerloch","status":"publish","type":"post","link":"https:\/\/arnwiesen.net\/wpt\/2008\/nordgruppe-trotzt-dem-sommerloch\/","title":{"rendered":"Nordgruppe trotzt dem Sommerloch"},"content":{"rendered":"\n<p><strong>Michael zum dritten Mal in Folge bester Deutscher in Holten, NL<\/strong><\/p>\n\n\n\n<p>Bestens vorbereitet f\u00fcr den Europa-Cup Triathlon im n\u00e4chsten Jahr ist Michael. Wie in den Vorjahren wurde er schnellster Deutscher auf der Sprintdistanz. Wir andern hatten dieses Jahr leider kein Gl\u00fcck bei der Vergabe der Startpl\u00e4tze und konnten uns so leider nicht n\u00e4her mit dem Streckenverlauf vertraut machen.<\/p>\n\n\n\n<div class=\"wp-block-group is-nowrap is-layout-flex wp-container-core-group-is-layout-ad2f72ca wp-block-group-is-layout-flex\">\n<figure class=\"wp-block-image size-full\"><img loading=\"lazy\" decoding=\"async\" width=\"360\" height=\"90\" src=\"https:\/\/arnwiesen.net\/wpt\/wp-content\/uploads\/2008\/holten-2009-1.jpg\" alt=\"\" class=\"wp-image-1564\" srcset=\"https:\/\/arnwiesen.net\/wpt\/wp-content\/uploads\/2008\/holten-2009-1.jpg 360w, https:\/\/arnwiesen.net\/wpt\/wp-content\/uploads\/2008\/holten-2009-1-300x75.jpg 300w\" sizes=\"auto, (max-width: 360px) 85vw, 360px\" \/><\/figure>\n\n\n\n<p>Unbedingt vormerken<br>2.-5. Juli 2009<br>Europa-Cup-Triathlon in Holten<\/p>\n<\/div>\n\n\n\n<p>Und da die anderen wohl in Urlaub waren, ging Ulli allein auf die Wadenkneifertour. Mit neuer Streckenf\u00fchrung ging es diesmal von S\u00fcden auf den Vorwalder Aussischtsberg (zwar auch gute 100 H\u00f6henmeter, aber l\u00e4ngst nicht so steil wie die Nordseite).&nbsp;<\/p>\n\n\n\n<!--more-->\n\n\n\n<p><strong>24. Triathlon Holten &#8211; 28. Juni 2008<\/strong><\/p>\n\n\n\n<p><strong>500 m &#8211; 20 km &#8211; 5000 m&nbsp;<\/strong><\/p>\n\n\n\n<figure class=\"wp-block-table\"><table><tbody><tr><td>&nbsp;Starter<\/td><td>Platz<\/td><td>Schwimmen<\/td><td>Rad<\/td><td>Lafen<\/td><td>gesamt<\/td><\/tr><tr><td>&nbsp;Michael<\/td><td>308<\/td><td>13:03<\/td><td>41:41<\/td><td>30:26<\/td><td>1:27:16<\/td><\/tr><\/tbody><\/table><\/figure>\n\n\n\n<p><strong>8. Solarlux Triathlon &#8211; Bissendorf &#8211; 13. Juli 2008<\/strong><\/p>\n\n\n\n<p><strong>600 m &#8211; 22 km &#8211; 5000 m&nbsp;<\/strong><\/p>\n\n\n\n<figure class=\"wp-block-table\"><table><tbody><tr><td>&nbsp;Starter<\/td><td>Platz<\/td><td>Schwimmen<\/td><td>Rad<\/td><td>Lafen<\/td><td>gesamt<\/td><\/tr><tr><td>&nbsp;Michael<\/td><td>135<\/td><td>13:47<\/td><td>50:46<\/td><td>29:26<\/td><td>1:33:59<\/td><\/tr><\/tbody><\/table><\/figure>\n\n\n\n<hr class=\"wp-block-separator has-alpha-channel-opacity\"\/>\n\n\n\n<p>Hallo Ulli<br><br>hab gerade gelesen, dass du den Wadenkneifer gefahren bist. Dabei warst du aber nicht allein, denn Bernhard, Ludger und ich sind auch mitgefahren. Schade dass wir uns da vorher nicht abgesprochen haben. Wir sind nach einigen Verz\u00f6gerungen gegen 10:00 gestartet und so um 15:30 nach&nbsp; 110 km zur\u00fcck gekehrt.<\/p>\n\n\n\n<p><br>Gru\u00df Werner<\/p>\n\n\n\n<p>P.S. am 16.08. wollen Bernhard, Ludwig(?) und ich in Hasbergen starten<\/p>\n","protected":false},"excerpt":{"rendered":"<p>Michael zum dritten Mal in Folge bester Deutscher in Holten, NL Bestens vorbereitet f\u00fcr den Europa-Cup Triathlon im n\u00e4chsten Jahr ist Michael. Wie in den Vorjahren wurde er schnellster Deutscher auf der Sprintdistanz. Wir andern hatten dieses Jahr leider kein Gl\u00fcck bei der Vergabe der Startpl\u00e4tze und konnten uns so leider nicht n\u00e4her mit dem &hellip; <a href=\"https:\/\/arnwiesen.net\/wpt\/2008\/nordgruppe-trotzt-dem-sommerloch\/\" class=\"more-link\"><span class=\"screen-reader-text\">\u201eNordgruppe trotzt dem Sommerloch\u201c<\/span> weiterlesen<\/a><\/p>\n","protected":false},"author":1,"featured_media":0,"comment_status":"closed","ping_status":"open","sticky":false,"template":"","format":"standard","meta":{"footnotes":""},"categories":[13],"tags":[137,254,135,145,136],"class_list":["post-2979","post","type-post","status-publish","format-standard","hentry","category-berichte-2008","tag-1-8-triathlon","tag-bissendorf","tag-holten","tag-sonnensee","tag-triathlon"],"_links":{"self":[{"href":"https:\/\/arnwiesen.net\/wpt\/wp-json\/wp\/v2\/posts\/2979","targetHints":{"allow":["GET"]}}],"collection":[{"href":"https:\/\/arnwiesen.net\/wpt\/wp-json\/wp\/v2\/posts"}],"about":[{"href":"https:\/\/arnwiesen.net\/wpt\/wp-json\/wp\/v2\/types\/post"}],"author":[{"embeddable":true,"href":"https:\/\/arnwiesen.net\/wpt\/wp-json\/wp\/v2\/users\/1"}],"replies":[{"embeddable":true,"href":"https:\/\/arnwiesen.net\/wpt\/wp-json\/wp\/v2\/comments?post=2979"}],"version-history":[{"count":3,"href":"https:\/\/arnwiesen.net\/wpt\/wp-json\/wp\/v2\/posts\/2979\/revisions"}],"predecessor-version":[{"id":3723,"href":"https:\/\/arnwiesen.net\/wpt\/wp-json\/wp\/v2\/posts\/2979\/revisions\/3723"}],"wp:attachment":[{"href":"https:\/\/arnwiesen.net\/wpt\/wp-json\/wp\/v2\/media?parent=2979"}],"wp:term":[{"taxonomy":"category","embeddable":true,"href":"https:\/\/arnwiesen.net\/wpt\/wp-json\/wp\/v2\/categories?post=2979"},{"taxonomy":"post_tag","embeddable":true,"href":"https:\/\/arnwiesen.net\/wpt\/wp-json\/wp\/v2\/tags?post=2979"}],"curies":[{"name":"wp","href":"https:\/\/api.w.org\/{rel}","templated":true}]}}