{"id":2971,"date":"2008-06-27T22:41:00","date_gmt":"2008-06-27T20:41:00","guid":{"rendered":"https:\/\/arnwiesen.net\/wpt\/?p=2971"},"modified":"2022-07-14T20:56:23","modified_gmt":"2022-07-14T18:56:23","slug":"5-malteserlauf-zu-gunsten-des-hospitals-umuzike","status":"publish","type":"post","link":"https:\/\/arnwiesen.net\/wpt\/2008\/5-malteserlauf-zu-gunsten-des-hospitals-umuzike\/","title":{"rendered":"5. Malteserlauf"},"content":{"rendered":"\n<p><strong>Malteserlauf zu Gunsten des Hospitals Umuzike<\/strong><\/p>\n\n\n\n<p>\u00dcber 150 Teilnehmer konnten die Organisatoren des 4. Malteserlauf durch den Bad Iburger Freeden in diesem Jahr begr\u00fc\u00dfen. \u201cDas sind \u00fcber 60 Teilnehmer mehr als im Vorjahr\u201c, so Frank Stegmann, Fahrdienstleiter der Malteser in Georgsmarienh\u00fctte und Mitorganisator des Laufes.<\/p>\n\n\n<div class=\"wp-block-image\">\n<figure class=\"aligncenter size-full\"><img loading=\"lazy\" decoding=\"async\" width=\"480\" height=\"360\" src=\"https:\/\/arnwiesen.net\/wpt\/wp-content\/uploads\/2008\/malteserlauf-1.jpg\" alt=\"\" class=\"wp-image-1427\" srcset=\"https:\/\/arnwiesen.net\/wpt\/wp-content\/uploads\/2008\/malteserlauf-1.jpg 480w, https:\/\/arnwiesen.net\/wpt\/wp-content\/uploads\/2008\/malteserlauf-1-300x225.jpg 300w\" sizes=\"auto, (max-width: 480px) 85vw, 480px\" \/><\/figure>\n<\/div>\n\n\n<p>Beate, Ludwig, Pascal, Ulli, Rosi, Marion, Raphael, Burghard (Werner macht das Foto und Andrea war zu schnell)<\/p>\n\n\n\n<!--more-->\n\n\n\n<p>Bei optimalen Wetterverh\u00e4ltnissen konnten 35 Walker p\u00fcnktlich um 18:45 Uhr auf die 6,5 km sowie um 19:00 Uhr 117 L\u00e4ufer auf die 10,5 km lange Strecke geschickt werden.<\/p>\n\n\n<div class=\"wp-block-image\">\n<figure class=\"aligncenter size-full\"><img loading=\"lazy\" decoding=\"async\" width=\"360\" height=\"480\" src=\"https:\/\/arnwiesen.net\/wpt\/wp-content\/uploads\/2008\/malteserlauf-2.jpg\" alt=\"\" class=\"wp-image-1428\" srcset=\"https:\/\/arnwiesen.net\/wpt\/wp-content\/uploads\/2008\/malteserlauf-2.jpg 360w, https:\/\/arnwiesen.net\/wpt\/wp-content\/uploads\/2008\/malteserlauf-2-225x300.jpg 225w\" sizes=\"auto, (max-width: 360px) 85vw, 360px\" \/><figcaption>Das 1. Mal \u00fcber 10 km &#8211; 1:05:24<\/figcaption><\/figure>\n<\/div>\n\n\n<p><strong>5. Malteserlauf &#8211; 27. Juni 2008<\/strong><\/p>\n\n\n\n<p><strong>10,5 km &#8211; Hauptlauf<\/strong><\/p>\n\n\n\n<figure class=\"wp-block-table\"><table><tbody><tr><td>&nbsp;Starter<\/td><td>Platz<\/td><td>AK<\/td><td>Laufen<\/td><\/tr><tr><td>&nbsp;Andrea<\/td><td>36.<\/td><td>3.<\/td><td>00:48:31<\/td><\/tr><tr><td>&nbsp;Burkhard<\/td><td>65.<\/td><td>50.<\/td><td>00:50:57<\/td><\/tr><tr><td>&nbsp;Ludwig<\/td><td>82.<\/td><td>62.<\/td><td>00:53:41<\/td><\/tr><tr><td>&nbsp;Ulli J<\/td><td>113.<\/td><td>16.<\/td><td>01:05:24<\/td><\/tr><\/tbody><\/table><\/figure>\n\n\n\n<p><strong>6,5 km &#8211; Walking<\/strong><\/p>\n\n\n\n<figure class=\"wp-block-table\"><table><tbody><tr><td>&nbsp;Starter<\/td><td>Platz<\/td><td>Laufen<\/td><\/tr><tr><td>&nbsp;Marion<\/td><td>5.<\/td><td>00:50:52<\/td><\/tr><tr><td>&nbsp;Rosemarie<\/td><td>9.<\/td><td>00:53:00<\/td><\/tr><tr><td>&nbsp;Beate<\/td><td>10.<\/td><td>00:53:01<\/td><\/tr><tr><td>&nbsp;Raphael<\/td><td>34.<\/td><td>01:10:00<\/td><\/tr><tr><td>&nbsp;Pascal<\/td><td>34.<\/td><td>01:10:00<\/td><\/tr><\/tbody><\/table><\/figure>\n","protected":false},"excerpt":{"rendered":"<p>Malteserlauf zu Gunsten des Hospitals Umuzike \u00dcber 150 Teilnehmer konnten die Organisatoren des 4. Malteserlauf durch den Bad Iburger Freeden in diesem Jahr begr\u00fc\u00dfen. \u201cDas sind \u00fcber 60 Teilnehmer mehr als im Vorjahr\u201c, so Frank Stegmann, Fahrdienstleiter der Malteser in Georgsmarienh\u00fctte und Mitorganisator des Laufes. Beate, Ludwig, Pascal, Ulli, Rosi, Marion, Raphael, Burghard (Werner macht &hellip; <a href=\"https:\/\/arnwiesen.net\/wpt\/2008\/5-malteserlauf-zu-gunsten-des-hospitals-umuzike\/\" class=\"more-link\"><span class=\"screen-reader-text\">\u201e5. Malteserlauf\u201c<\/span> weiterlesen<\/a><\/p>\n","protected":false},"author":1,"featured_media":0,"comment_status":"closed","ping_status":"open","sticky":false,"template":"","format":"standard","meta":{"footnotes":""},"categories":[13],"tags":[125,202,220,261],"class_list":["post-2971","post","type-post","status-publish","format-standard","hentry","category-berichte-2008","tag-10km","tag-bad-iburg","tag-malteser-lauf","tag-walking"],"_links":{"self":[{"href":"https:\/\/arnwiesen.net\/wpt\/wp-json\/wp\/v2\/posts\/2971","targetHints":{"allow":["GET"]}}],"collection":[{"href":"https:\/\/arnwiesen.net\/wpt\/wp-json\/wp\/v2\/posts"}],"about":[{"href":"https:\/\/arnwiesen.net\/wpt\/wp-json\/wp\/v2\/types\/post"}],"author":[{"embeddable":true,"href":"https:\/\/arnwiesen.net\/wpt\/wp-json\/wp\/v2\/users\/1"}],"replies":[{"embeddable":true,"href":"https:\/\/arnwiesen.net\/wpt\/wp-json\/wp\/v2\/comments?post=2971"}],"version-history":[{"count":2,"href":"https:\/\/arnwiesen.net\/wpt\/wp-json\/wp\/v2\/posts\/2971\/revisions"}],"predecessor-version":[{"id":3765,"href":"https:\/\/arnwiesen.net\/wpt\/wp-json\/wp\/v2\/posts\/2971\/revisions\/3765"}],"wp:attachment":[{"href":"https:\/\/arnwiesen.net\/wpt\/wp-json\/wp\/v2\/media?parent=2971"}],"wp:term":[{"taxonomy":"category","embeddable":true,"href":"https:\/\/arnwiesen.net\/wpt\/wp-json\/wp\/v2\/categories?post=2971"},{"taxonomy":"post_tag","embeddable":true,"href":"https:\/\/arnwiesen.net\/wpt\/wp-json\/wp\/v2\/tags?post=2971"}],"curies":[{"name":"wp","href":"https:\/\/api.w.org\/{rel}","templated":true}]}}